{"id":268602,"date":"2026-09-03T18:37:39","date_gmt":"2026-09-03T18:37:39","guid":{"rendered":"https:\/\/www.europesays.com\/lt\/268602\/"},"modified":"2026-09-03T18:37:39","modified_gmt":"2026-09-03T18:37:39","slug":"mire-lietuviu-pamegta-dainininke-su-giliu-liudesiu-pranesame","status":"publish","type":"post","link":"https:\/\/www.europesays.com\/lt\/268602\/","title":{"rendered":"Mir\u0117 lietuvi\u0173 pam\u0117gta daininink\u0117: \u201eSu giliu li\u016bdesiu prane\u0161ame&#8230;\u201c"},"content":{"rendered":"\n<p>Atlik\u0117ja mir\u0117\u00a0gimtajame D\u017eeksone, Misisip\u0117s valstijoje, antradienio ryt\u0105, prane\u0161\u0117 APNews.<\/p>\n<p>\u201eSu giliu li\u016bdesiu prane\u0161ame apie Cassandros Wilson, \u201eGrammy\u201c laureat\u0117s ir legendin\u0117s d\u017eiazo atlik\u0117jos, mirt\u012f. Cassandra Wilson ramiai i\u0161keliavo namuose, apsupta \u0161eimos, artim\u0173 draug\u0173 ir savo vadybininko\u201c, \u2013\u00a0teigiama d\u017eiazo <a href=\"https:\/\/www.tv3.lt\/radijas-internetu\" target=\"_blank\" class=\"phrase\" rel=\"nofollow noopener\">radijo<\/a> sto\u010diai WBGO pateiktame jos vadybininko parei\u0161kime.<\/p>\n<p> Pasirod\u0117 ir Lietuvoje <\/p>\n<p>2014-aisiais daininink\u0117 koncertavo ir <a href=\"https:\/\/www.tv3.lt\/naujiena\/verslas\/lietuvos-oro-uostai-valstybei-ismokejo-4-1-mln-euru-maziau-nei-pernai-n1548583\" rel=\"nofollow noopener\" target=\"_blank\">Lietuvoje<\/a>\u00a0\u2013 pasirod\u0117 \u201eKaunas Jazz\u201c festivalyje.<\/p>\n<p>Tuomet Lietuvos spaudoje ji buvo pristatyta kaip viena \u201ekar\u0161\u010diausi\u0173 geros muzikos gerb\u0117j\u0173 svajoni\u0173.\u201c<\/p>\n<p>        <a href=\"https:\/\/www.tv3.lt\/Uploads\/UGallery\/photos\/28\/60\/04\/79\/28600479ad3f2d7f1e1671e6aeb47004.jpg\" data-fancybox=\"photos-embed\" data-caption=\"Cassandra Wilson (nuotr. socialini\u0173 tinkl\u0173)\" target=\"_self\" rel=\"nofollow noopener\"> <img decoding=\"async\" class=\"photo-inside-article\" align=\"center\" alt=\"Cassandra Wilson (nuotr. socialini\u0173 tinkl\u0173)\" title=\"Cassandra Wilson (nuotr. socialini\u0173 tinkl\u0173)\" src=\"https:\/\/www.europesays.com\/lt\/wp-content\/uploads\/2026\/09\/28600479ad3f2d7f1e1671e6aeb47004.jpg\" width=\"684\" height=\"654\" loading=\"lazy\" \/> <\/a>       <\/p>\n<p>T\u0105kart ji su grupe pasirod\u0117 <a href=\"https:\/\/www.tv3.lt\/gaires\/kauno-zalgiris\" target=\"_blank\" class=\"phrase\" rel=\"nofollow noopener\">Kauno \u201e\u017dalgirio\u201c<\/a> arenoje.<\/p>\n<p> I\u0161 D\u017eeksono \u2013\u00a0\u012f pasaul\u012f <\/p>\n<p>D\u017eeksone muziko Hermano B. Fowlkeso ir mokytojos Mary Fowlkes \u0161eimoje gimusi bei u\u017eaugusi C. Wilson anksti pam\u0117go muzik\u0105, klausydamasi \u201eMotown\u201c \u012fra\u0161\u0173, Mileso Daviso ir Theloniouso Monko.<\/p>\n<p>B\u016bdama \u0161e\u0161eri\u0173 ji prad\u0117jo skambinti pianinu, v\u0117liau grojo klarnetu \u017eygiuojan\u010diuose orkestruose. Studijuodama \u201eMillsaps\u201c koled\u017ee ir D\u017eeksono valstybiniame universitete, ji pasirodydavo kavin\u0117se bei grupi\u0173 koveri\u0173 projektuose.<\/p>\n<p>Devintojo de\u0161imtme\u010dio prad\u017eioje Naujajame Orleane ji mok\u0117si i\u0161 d\u017eiazo meistr\u0173, o v\u0117liau persik\u0117l\u0117 \u012f Niujork\u0105 ir prisijung\u0117 prie Steve\u2019o Colemano kolektyvo \u201eM-Base\u201c, ilgainiui tapdama pagrindine jo vokaliste.<\/p>\n<p>     <a href=\"https:\/\/www.tv3.lt\/Uploads\/UGallery\/photos\/0f\/fb\/30\/8f\/0ffb308f246bc5c997bd645b4a38e096.jpg\" data-fancybox=\"photos-embed\" data-caption=\"Cassandra Wilson (nuotr. socialini\u0173 tinkl\u0173)\" target=\"_self\" rel=\"nofollow noopener\"> <img decoding=\"async\" class=\"photo-inside-article\" align=\"center\" alt=\"Cassandra Wilson (nuotr. socialini\u0173 tinkl\u0173)\" title=\"Cassandra Wilson (nuotr. socialini\u0173 tinkl\u0173)\" src=\"https:\/\/www.europesays.com\/lt\/wp-content\/uploads\/2026\/09\/0ffb308f246bc5c997bd645b4a38e096.jpg\" width=\"684\" height=\"654\" loading=\"lazy\" \/> <\/a>       <\/p>\n<p>Akimoju atpa\u017e\u012fstamas jos balsas peln\u0117 keturias \u201eGrammy\u201c nominacijas ir dvi pergales geriausio d\u017eiazo vokalinio albumo kategorijoje \u2013\u00a01997 m. u\u017e \u201eNew Moon Daughter\u201c ir 2009 m. u\u017e \u201eLoverly\u201c.<\/p>\n<p>2022 metais C. Wilson buvo suteiktas \u201eNational Endowment for the Arts\u201c d\u017eiazo meistr\u0117s <a href=\"https:\/\/www.tv3.lt\/gaires\/vardai\" target=\"_blank\" class=\"phrase\" rel=\"nofollow noopener\">vardas<\/a> \u2013\u00a0vienas auk\u0161\u010diausi\u0173 d\u017eiazo muzikantams skiriam\u0173 apdovanojim\u0173 Jungtin\u0117se Valstijose.<\/p>\n<p>\n                                        \u0160altinis:<br \/>\n                                                                                    tv3.lt\n                                                                                <\/p>\n<p>Kvie\u010diame atrasti nauj\u0105 tv3.lt turin\u012f! Nuo \u0161iol portale j\u016bs\u0173 laukia ne tik <a href=\"https:\/\/www.tv3.lt\/testai\" rel=\"nofollow noopener\" target=\"_blank\">kasdien nauji testai<\/a>, bet ir <a href=\"https:\/\/www.tv3.lt\/kryziazodziai\" rel=\"nofollow noopener\" target=\"_blank\">kry\u017eia\u017eod\u017eiai <\/a>\u2013 i\u0161bandykite savo \u017einias, spr\u0119skite ir smagiai praleiskite laik\u0105. <\/p>\n","protected":false},"excerpt":{"rendered":"Atlik\u0117ja mir\u0117\u00a0gimtajame D\u017eeksone, Misisip\u0117s valstijoje, antradienio ryt\u0105, prane\u0161\u0117 APNews. \u201eSu giliu li\u016bdesiu prane\u0161ame apie Cassandros Wilson, \u201eGrammy\u201c laureat\u0117s&hellip;\n","protected":false},"author":2,"featured_media":268603,"comment_status":"","ping_status":"","sticky":false,"template":"","format":"standard","meta":{"footnotes":"","_share_on_mastodon":"0"},"categories":[21],"tags":[38829,57,43,113,55,48,54,51,49,50,37,39,36,38,40,45,23,44,114,53,42,56,47,41,46,58,52],"class_list":["post-268602","post","type-post","status-publish","format-standard","has-post-thumbnail","category-pramogos","tag-2026-09-03-114600","tag-daiktai","tag-dienos-kronika","tag-entertainment","tag-gatves-tekstai","tag-gyvenimas","tag-interneto-pievos","tag-keliones","tag-kultura","tag-laisvalaikis","tag-lietuva","tag-lietuviu","tag-lithuania","tag-lithuanian","tag-lt","tag-mokslas-ir-it","tag-naujienos","tag-pasaulis","tag-pramogos","tag-projektai","tag-rinktiniai-tekstai","tag-simtmecio-portalas","tag-sportas","tag-tv3-lt","tag-verslas","tag-video","tag-zaidimai"],"share_on_mastodon":{"url":"https:\/\/pubeurope.com\/@lt\/117208563622572117","error":""},"_links":{"self":[{"href":"https:\/\/www.europesays.com\/lt\/wp-json\/wp\/v2\/posts\/268602","targetHints":{"allow":["GET"]}}],"collection":[{"href":"https:\/\/www.europesays.com\/lt\/wp-json\/wp\/v2\/posts"}],"about":[{"href":"https:\/\/www.europesays.com\/lt\/wp-json\/wp\/v2\/types\/post"}],"author":[{"embeddable":true,"href":"https:\/\/www.europesays.com\/lt\/wp-json\/wp\/v2\/users\/2"}],"replies":[{"embeddable":true,"href":"https:\/\/www.europesays.com\/lt\/wp-json\/wp\/v2\/comments?post=268602"}],"version-history":[{"count":0,"href":"https:\/\/www.europesays.com\/lt\/wp-json\/wp\/v2\/posts\/268602\/revisions"}],"wp:featuredmedia":[{"embeddable":true,"href":"https:\/\/www.europesays.com\/lt\/wp-json\/wp\/v2\/media\/268603"}],"wp:attachment":[{"href":"https:\/\/www.europesays.com\/lt\/wp-json\/wp\/v2\/media?parent=268602"}],"wp:term":[{"taxonomy":"category","embeddable":true,"href":"https:\/\/www.europesays.com\/lt\/wp-json\/wp\/v2\/categories?post=268602"},{"taxonomy":"post_tag","embeddable":true,"href":"https:\/\/www.europesays.com\/lt\/wp-json\/wp\/v2\/tags?post=268602"}],"curies":[{"name":"wp","href":"https:\/\/api.w.org\/{rel}","templated":true}]}}