{"id":268630,"date":"2026-09-03T19:38:33","date_gmt":"2026-09-03T19:38:33","guid":{"rendered":"https:\/\/www.europesays.com\/lt\/268630\/"},"modified":"2026-09-03T19:38:33","modified_gmt":"2026-09-03T19:38:33","slug":"djokovicius-ruosia-svarbu-sprendima-lietuvai-gaubas-savo-sanso-niujorke-nesulauke","status":"publish","type":"post","link":"https:\/\/www.europesays.com\/lt\/268630\/","title":{"rendered":"Djokovi\u010dius ruo\u0161ia svarb\u0173 sprendim\u0105 Lietuvai, Gaubas savo \u0161anso Niujorke nesulauk\u0117"},"content":{"rendered":"<p>\u00a0Serbijos teniso rinktin\u0117s sud\u0117tis art\u0117jan\u010diam Daviso taur\u0117s ma\u010dui su Lietuva vis dar n\u0117ra ai\u0161ki, o vienas svarbiausi\u0173 klausim\u0173 \u2013 ar \u012f aik\u0161t\u0119 \u017eengs legendinis Novakas Djokovi\u010dius.<\/p>\n<p>Serbija ir Lietuva rugs\u0117jo 19\u201320 dienomis susitiks Daviso taur\u0117s I pasaulio grup\u0117s ma\u010de. Prie\u0161 lietuvius serbai teori\u0161kai gali pasitelkti ir savo did\u017eiausi\u0105 \u017evaig\u017ed\u0119 N. Djokovi\u010di\u0173, ta\u010diau jo dalyvavimas kol kas n\u0117ra patvirtintas.<\/p>\n<p>Pasak Serbijos teniso gerb\u0117j\u0173 paskelbtos informacijos, galutinis sprendimas d\u0117l rinktin\u0117s sud\u0117ties tur\u0117jo b\u016bti priimtas rugs\u0117jo 2 dien\u0105, ta\u010diau kol kas jis vie\u0161ai nebuvo garsintas. Serbijos rinktin\u0117s kapitonas Viktoras Troickis rinksis, kuriuos \u0161alies tenisininkus kviesti \u012f akistat\u0105 su Lietuva.<\/p>\n<p>Pati Serbijos teniso federacija, reklamuodama art\u0117jan\u010di\u0105 akistat\u0105, tikino, kad tarp kandidat\u0173 \u017eaisti prie\u0161 Lietuv\u0105 yra ir N. Djokovi\u010dius.<\/p>\n<p>N. Djokovi\u010diaus dalyvavimo klausimas tapo dar aktualesnis po netik\u0117to serbo fiasko \u201eUS Open\u201c turnyre. 39-eri\u0173 tenisininkas pirmajame rate per 4 valandas ir 36 minutes\u00a06:7 (5:7), 7:5, 6:4, 2:6, 1:6 pralaim\u0117jo argentinie\u010diui Mariano Navone. Tai buvo pirmas kartas nuo 2006 met\u0173, kai N. Djokovi\u010dius i\u0161krito i\u0161 \u201eDid\u017eiojo kir\u010dio\u201c turnyro jau pirmajame rate.<\/p>\n<p>Ma\u010das Niujorke serbui buvo itin sunkus fizi\u0161kai. Jis v\u0117m\u0117 korte, kent\u0117jo d\u0117l nugaros ir peties problem\u0173, o penktajame sete jau akivaizd\u017eiai stokojo j\u0117g\u0173. Po susitikimo N. Djokovi\u010dius pripa\u017eino, kad fizin\u0117s problemos j\u012f kamuoja ne pirm\u0105 kart\u0105 \u0161iame sezone.<\/p>\n<p>D\u0117l to klausimas, ar vienas geriausi\u0173 vis\u0173 laik\u0173 tenisinink\u0173 po \u201eUS Open\u201c dar imsis papildomo i\u0161\u0161\u016bkio Daviso taur\u0117je, tapo itin intriguojantis. Prie\u0161 tai serb\u0173 \u201eTelegraf\u201c svarst\u0117, kad N. Djokovi\u010dius vargu ar b\u016bt\u0173 vyk\u0119s \u012f Daviso taur\u0119, jei b\u016bt\u0173 toli nukeliav\u0119s \u201eUS Open\u201c turnyre, nes laiko atsitatymui b\u016bt\u0173 lik\u0119 ma\u017eai. Visgi, toks ankstyvas pasitraukimas paliko serbui beveik 3 laisvas savaites.<\/p>\n<p>Reikia pa\u017eym\u0117ti, kad N. Djokovi\u010dius po nesutarim\u0173 su Serbijos vald\u017eia persik\u0117l\u0117 gyventi \u012f Graikij\u0105, ta\u010diau ne syk\u012f min\u0117jo, jog dabartin\u0117je karjeros stadijoje j\u012f motyvuoja tik \u201eDid\u017eiojo kir\u010dio\u201c turnyrai bei galimyb\u0117 atstovauti Serbijai olimpiadoje arba Daviso taur\u0117je.<\/p>\n<p>Tuo tarpu Lietuvos rinktin\u0117s lyderis Vilius Gaubas (ATP-121) \u201eUS Open\u201c turnyre antro \u0161anso taip ir nesulauk\u0117. Po to, kai keli tenisininkai atsisak\u0117 \u017eaisti pagrindiniame etape, kvalifikacijoje suklup\u0119s V. Gaubas buvo tarp kandidat\u0173 su \u201elucky loser\u201c statusu prat\u0119sti turnyr\u0105. Deja, lietuvis taip ir liko pirmas \u201eu\u017e br\u016bk\u0161nio\u201c.<\/p>\n<p>                                                                    <a href=\"https:\/\/www.sportas.lt\/naujiena\/548397\/mailto:info@sportas.lt\" rel=\"nofollow noopener\" target=\"_blank\">info@sportas.lt<\/a><\/p>\n<p>Naujien\u0173 portalo sportas.lt informacij\u0105 atgaminti visuomen\u0117s informavimo priemon\u0117se bei interneto tinklalapiuose be ra\u0161ti\u0161ko sutikimo draud\u017eiama.<\/p>\n","protected":false},"excerpt":{"rendered":"\u00a0Serbijos teniso rinktin\u0117s sud\u0117tis art\u0117jan\u010diam Daviso taur\u0117s ma\u010dui su Lietuva vis dar n\u0117ra ai\u0161ki, o vienas svarbiausi\u0173 klausim\u0173&hellip;\n","protected":false},"author":2,"featured_media":268631,"comment_status":"","ping_status":"","sticky":false,"template":"","format":"standard","meta":{"footnotes":"","_share_on_mastodon":"0"},"categories":[19],"tags":[57,43,55,48,54,51,49,50,37,39,36,38,40,45,23,44,53,42,56,47,112,104,46,58,52],"class_list":["post-268630","post","type-post","status-publish","format-standard","has-post-thumbnail","category-sportas","tag-daiktai","tag-dienos-kronika","tag-gatves-tekstai","tag-gyvenimas","tag-interneto-pievos","tag-keliones","tag-kultura","tag-laisvalaikis","tag-lietuva","tag-lietuviu","tag-lithuania","tag-lithuanian","tag-lt","tag-mokslas-ir-it","tag-naujienos","tag-pasaulis","tag-projektai","tag-rinktiniai-tekstai","tag-simtmecio-portalas","tag-sportas","tag-sportas-lt","tag-sports","tag-verslas","tag-video","tag-zaidimai"],"share_on_mastodon":{"url":"https:\/\/pubeurope.com\/@lt\/117208803087021577","error":""},"_links":{"self":[{"href":"https:\/\/www.europesays.com\/lt\/wp-json\/wp\/v2\/posts\/268630","targetHints":{"allow":["GET"]}}],"collection":[{"href":"https:\/\/www.europesays.com\/lt\/wp-json\/wp\/v2\/posts"}],"about":[{"href":"https:\/\/www.europesays.com\/lt\/wp-json\/wp\/v2\/types\/post"}],"author":[{"embeddable":true,"href":"https:\/\/www.europesays.com\/lt\/wp-json\/wp\/v2\/users\/2"}],"replies":[{"embeddable":true,"href":"https:\/\/www.europesays.com\/lt\/wp-json\/wp\/v2\/comments?post=268630"}],"version-history":[{"count":0,"href":"https:\/\/www.europesays.com\/lt\/wp-json\/wp\/v2\/posts\/268630\/revisions"}],"wp:featuredmedia":[{"embeddable":true,"href":"https:\/\/www.europesays.com\/lt\/wp-json\/wp\/v2\/media\/268631"}],"wp:attachment":[{"href":"https:\/\/www.europesays.com\/lt\/wp-json\/wp\/v2\/media?parent=268630"}],"wp:term":[{"taxonomy":"category","embeddable":true,"href":"https:\/\/www.europesays.com\/lt\/wp-json\/wp\/v2\/categories?post=268630"},{"taxonomy":"post_tag","embeddable":true,"href":"https:\/\/www.europesays.com\/lt\/wp-json\/wp\/v2\/tags?post=268630"}],"curies":[{"name":"wp","href":"https:\/\/api.w.org\/{rel}","templated":true}]}}