{"id":268660,"date":"2026-09-03T20:03:08","date_gmt":"2026-09-03T20:03:08","guid":{"rendered":"https:\/\/www.europesays.com\/lt\/268660\/"},"modified":"2026-09-03T20:03:08","modified_gmt":"2026-09-03T20:03:08","slug":"propagandininkams-putino-smugis-sudirbo-ju-argumentus-15min-lt","status":"publish","type":"post","link":"https:\/\/www.europesays.com\/lt\/268660\/","title":{"rendered":"Propagandininkams \u2013 Putino sm\u016bgis: sudirbo j\u0173 argumentus &#8211; 15min.lt"},"content":{"rendered":"<ol>\n<li><a href=\"https:\/\/news.google.com\/rss\/articles\/CBMisAFBVV95cUxQWkg1RGFNN2hTb3VwM3dOTV9ickxuNVdRTXFQeFRmU3lNN2VMN0owUXNtbGh6TWxfTzBNZHZHSWl5ODBJZ1YyMHJLVmRqc2ZqRWs3WXdiTzJ4NzhjLWRXU0l5UGV3ck9nODZJN0lRcDJMNjQwaV9OTTEySGVMckNuUGdRaTFpbmFfb3Z3MEQ0c3pZeDVfVjNNM3ZYMU5CdXdxeFRYbUNscVJZOVU3cXFKVw?oc=5\" target=\"_blank\" rel=\"nofollow noopener\">Propagandininkams \u2013 Putino sm\u016bgis: sudirbo j\u0173 argumentus<\/a>&nbsp;&nbsp;15min.lt<\/li>\n<li><a href=\"https:\/\/news.google.com\/rss\/articles\/CBMi5gFBVV95cUxNMlM3TFJPVzlZSXJCZkpkY1RpNFRVRFlaSU1pUVE4TFBMem00aTZhYjhUYzNJRVFEYWVyVFpMTndxcFdpM1Q2Wjg1b1BWZ0I0VFV3VTdJTHF6MUZBdEd0TnRSMUN0bVBxRWtkTV80SUhnamJOdkdEQnNuMDg5b3ZVajF1X3lfUTZsN0kxRFZySzZxNERFa1FtZnFPRFVKbGs2dmRhdW1ZT29Xb1hqa2FLUE1wbE9sdG5zWUEweFc2QXYxMmwweFhfWXBYMjEteGd3MEwxTlJDMWE1SWdJelo5dFI0WDZVZw?oc=5\" target=\"_blank\" rel=\"nofollow noopener\">Maskvos elitas persp\u0117ja apie art\u0117jan\u010di\u0105 katastrof\u0105: \u017elugus ekonomikai, bus sunaikinta ir Rusijos valstyb\u0117<\/a>&nbsp;&nbsp;alfa.lt<\/li>\n<li><a href=\"https:\/\/news.google.com\/rss\/articles\/CBMisgFBVV95cUxQR2ZVRERwMDlPY0xMM1NOUWZtaTdWb25nRHJWbmptcGQyM2xtTWVmNEx6OW8tWkRMdzBhTDB3NlFpMFFQN1BJSlZpUjBTUFJ6VWI4WXFpeE9BZUZlaWUwS3JkWVRLLXJFN0QyaFlHa0M2Mk9wZ2p0bjdmM1lDbXJ5S0pnTVVrQ3FDVDBCUi1uUU5wTzFLdDF1WFR0Y0ZpUXRxME5iS1RVbWZrODA3eXppQlln?oc=5\" target=\"_blank\" rel=\"nofollow noopener\">Rusijos biud\u017eete \u2013 vis didesn\u0117 skyl\u0117: vald\u017eia smarkiai karpo i\u0161laidas<\/a>&nbsp;&nbsp;tv3.lt<\/li>\n<li><a href=\"https:\/\/news.google.com\/rss\/articles\/CBMi-AFBVV95cUxPNnVhSDhoUFo0QVFzNTE0ODhwb1hJazN2RUhOOGlscjRMbk9EUTlCUm5DcmtVY3VaRW04bzRuWDRXMmljajFQbnJoUWI5VURpX3NOWjh2VFVGTHpuS0FKdW40WWVRNzJWOUN4TzhYZExzam5nX1ExeFBwYVJCNVpZYno2bV8ySlFMYjBpYWtFaTFRb3hUX0toLURLRVhVNG5LbE9JLUo2bmxxSzJYWExFY0RzNzlvRGJtZ3Uxc2tjZThIWEZMSWFXVkc3ZS1lazl4eG0wTVFOQXp5QWhCaHc3cnZtLVJERlJBTGx6ckRnYUVxazlETHJlNw?oc=5\" target=\"_blank\" rel=\"nofollow noopener\">Ekonomistas atvirai apie tai, kas dedasi Rusijoje: \u201eBuvo nakt\u0173, kai sudeg\u0117 po vien\u0105 kreiser\u012f \u201eMoskva\u201c<\/a>&nbsp;&nbsp;Lrytas<\/li>\n<li><a href=\"https:\/\/news.google.com\/rss\/articles\/CBMiY0FVX3lxTFBheHhFa2pmaUlPdmR0SXBUUXFrN3BON2dPSllTWllUeVdMMnBOS20yV19ZaDNtZXM1N2tTbTRPXzJCckZpZ0g1X2tXRWdmSnlhOGxYc011VnVuSkI2UW15WG1acw?oc=5\" target=\"_blank\" rel=\"nofollow noopener\">70 trilijon\u0173 riba virpa. Ji gali sudrebinti vis\u0105 Rusij\u0105<\/a>&nbsp;&nbsp;Mokslo ir technologij\u0173 pasaulis<\/li>\n<\/ol>\n","protected":false},"excerpt":{"rendered":"Propagandininkams \u2013 Putino sm\u016bgis: sudirbo j\u0173 argumentus&nbsp;&nbsp;15min.lt Maskvos elitas persp\u0117ja apie art\u0117jan\u010di\u0105 katastrof\u0105: \u017elugus ekonomikai, bus sunaikinta ir&hellip;\n","protected":false},"author":2,"featured_media":268661,"comment_status":"","ping_status":"","sticky":false,"template":"","format":"standard","meta":{"footnotes":"","_share_on_mastodon":"0"},"categories":[15],"tags":[25,30,31,34,35,24,32,33,37,39,36,38,40,23,22,44,28,29,26,27,74,75,76],"class_list":["post-268660","post","type-post","status-publish","format-standard","has-post-thumbnail","category-pasaulis","tag-antrastes","tag-breaking-news","tag-breakingnews","tag-featured-news","tag-featurednews","tag-headlines","tag-latest-news","tag-latestnews","tag-lietuva","tag-lietuviu","tag-lithuania","tag-lithuanian","tag-lt","tag-naujienos","tag-news","tag-pasaulis","tag-populiariausios-naujienos","tag-populiariausiosnaujienos","tag-top-stories","tag-topstories","tag-world","tag-world-news","tag-worldnews"],"share_on_mastodon":{"url":"https:\/\/pubeurope.com\/@lt\/117208901596885313","error":""},"_links":{"self":[{"href":"https:\/\/www.europesays.com\/lt\/wp-json\/wp\/v2\/posts\/268660","targetHints":{"allow":["GET"]}}],"collection":[{"href":"https:\/\/www.europesays.com\/lt\/wp-json\/wp\/v2\/posts"}],"about":[{"href":"https:\/\/www.europesays.com\/lt\/wp-json\/wp\/v2\/types\/post"}],"author":[{"embeddable":true,"href":"https:\/\/www.europesays.com\/lt\/wp-json\/wp\/v2\/users\/2"}],"replies":[{"embeddable":true,"href":"https:\/\/www.europesays.com\/lt\/wp-json\/wp\/v2\/comments?post=268660"}],"version-history":[{"count":0,"href":"https:\/\/www.europesays.com\/lt\/wp-json\/wp\/v2\/posts\/268660\/revisions"}],"wp:featuredmedia":[{"embeddable":true,"href":"https:\/\/www.europesays.com\/lt\/wp-json\/wp\/v2\/media\/268661"}],"wp:attachment":[{"href":"https:\/\/www.europesays.com\/lt\/wp-json\/wp\/v2\/media?parent=268660"}],"wp:term":[{"taxonomy":"category","embeddable":true,"href":"https:\/\/www.europesays.com\/lt\/wp-json\/wp\/v2\/categories?post=268660"},{"taxonomy":"post_tag","embeddable":true,"href":"https:\/\/www.europesays.com\/lt\/wp-json\/wp\/v2\/tags?post=268660"}],"curies":[{"name":"wp","href":"https:\/\/api.w.org\/{rel}","templated":true}]}}