{"id":268666,"date":"2026-09-03T20:12:41","date_gmt":"2026-09-03T20:12:41","guid":{"rendered":"https:\/\/www.europesays.com\/lt\/268666\/"},"modified":"2026-09-03T20:12:41","modified_gmt":"2026-09-03T20:12:41","slug":"ministerija-pasmerke-fiba-sprendima-bet-siulo-neboikotuoti-varzybu-uzsienyje-respublika-lt","status":"publish","type":"post","link":"https:\/\/www.europesays.com\/lt\/268666\/","title":{"rendered":"Ministerija pasmerk\u0117 FIBA sprendim\u0105, bet si\u016blo neboikotuoti var\u017eyb\u0173 u\u017esienyje &#8211; Respublika.lt"},"content":{"rendered":"<p><img loading=\"lazy\" decoding=\"async\" src=\"https:\/\/www.respublika.lt\/lt\/naujienos\/sportas\/krepsinis\/ministerija-pasmerke-fiba-sprendima-bet-siulo-neboikotuoti-varzybu-uzsienyje\/images\/ico_camera_white.gif\" class=\"camera\" width=\"22\" height=\"15\" alt=\"nuotr.\" style=\"position:relative; top:-2px; right:2px;\"\/> 1 nuotr.<\/p>\n<p>Rusijos vyr\u0173 krep\u0161inio rinktin\u0117. FIBA nuotr.<\/p>\n<p style=\"text-align: justify;\" class=\"desktop_banner\">\u00a0<\/p>\n<p style=\"text-align: left;\">Ministerijos teigimu, toks FIBA \u017eingsnis neatitinka realyb\u0117s ir siun\u010dia klaiding\u0105 signal\u0105 pasauliui.<\/p>\n<p style=\"text-align: left;\">Visgi suprasdama situacijos sud\u0117tingum\u0105, ministerija si\u016blo Lietuvos sportininkams neboikotuoti var\u017eyb\u0173 u\u017esienyje.<\/p>\n<p style=\"text-align: left;\">Pasak jos, pasitraukdami jie ne tik rizikuot\u0173 sankcijomis ir prarast\u0173 galimybes dalyvauti var\u017eybose, bet ir palengvint\u0173 keli\u0105 \u012f pergales agresori\u0173 atstovams.<\/p>\n<p style=\"text-align: left;\">\u201ePalaikome kovos sporto aik\u0161tel\u0117se princip\u0105, kuriuo vadovaujasi ir Ukrainos sportininkai. Ta\u010diau Lietuvos principin\u0117 pozicija i\u0161lieka nepakitusi \u2013 Rusijos ir Baltarusijos sportininkai neturi dalyvauti jokiose tarptautin\u0117se var\u017eybose, kol vyksta karas\u201c, \u2013 prane\u0161ime pa\u017eym\u0117jo \u0160MSM.<\/p>\n<p style=\"text-align: left;\">Anot jos, rekomendacijos nacionalin\u0117ms sporto \u0161ak\u0173 federacijoms ir organizacijoms nekviesti bei ne\u012fsileisti Rusijos ir Baltarusijos sportinink\u0173 \u012f Lietuvoje rengiamas var\u017eybas ir toliau nesikei\u010dia.\u00a0<\/p>\n<p style=\"text-align: left;\">Jei \u0161i\u0173 \u0161ali\u0173 sportininkai dalyvaut\u0173 var\u017eybose, prie\u0161 tai jie prival\u0117t\u0173 pasira\u0161yti oficiali\u0105 deklaracij\u0105, kuria vienareik\u0161mi\u0161kai pasmerkt\u0173 karo veiksmus ir i\u0161reik\u0161t\u0173 param\u0105 Ukrainai.<\/p>\n<p style=\"text-align: left;\">Jiems taip pat neb\u016bt\u0173 leid\u017eiama demonstruoti savo \u0161alies v\u0117liav\u0173, simboli\u0173 ar joki\u0173 skiriam\u0173j\u0173 \u017eenkl\u0173.<\/p>\n<p style=\"text-align: left;\">\u0160MSM taip pat yra pasi\u016bliusi U\u017esienio reikal\u0173 ministerijai papildyti Ribojam\u0173j\u0173 priemoni\u0173 d\u0117l karin\u0117s agresijos prie\u0161 Ukrain\u0105 nustatymo \u012fstatym\u0105 jame \u012ftvirtinant draudim\u0105 Rusijos ir Baltarusijos pilie\u010diams atvykti \u012f Lietuvoje organizuojamus sporto ir mokslo renginius.<\/p>\n<p style=\"text-align: left;\">Be to, Lietuva kartu su dar a\u0161tuoniomis Europos \u0161alimis kreip\u0117si \u012f Europos Komisij\u0105, ragindama per\u017ei\u016br\u0117ti ir apriboti finansin\u0119 bei kitoki\u0105 param\u0105 toms tarptautin\u0117ms sporto organizacijoms, kurios \u0161velnina pozicij\u0105 Rusijos ir Baltarusijos at\u017evilgiu.<\/p>\n<p style=\"text-align: left;\">ELTA primena, kad FIBA Vykdomasis komitetas rugs\u0117jo 1 d. nusprend\u0117 panaikinti individualius apribojimus Rusijos ir Baltarusijos krep\u0161ininkams, treneriams, teis\u0117jams, komisarams bei kitiems oficialiems asmenims.<\/p>\n<p style=\"text-align: left;\">Sprendimas \u012fsigaliojo i\u0161 karto \u2013 \u0161i\u0173 \u0161ali\u0173 atstovai gali dalyvauti FIBA organizuojamose krep\u0161inio ir 3&#215;3 krep\u0161inio var\u017eybose.<\/p>\n<p style=\"text-align: left;\">Tuo metu Rusijos ir Baltarusijos rinktini\u0173 bei klub\u0173 sugr\u012f\u017eimo klausimas kol kas n\u0117ra i\u0161spr\u0119stas.<\/p>\n<p style=\"text-align: left;\">Konkre\u010dius sprendimus d\u0117l komand\u0173 reintegracijos FIBA ketina svarstyti gruod\u012f.<\/p>\n<p style=\"text-align: left;\">Rusijos ir Baltarusijos atstovams apribojimai buvo pritaikyti po 2022 m. Rusijos prad\u0117tos plataus masto invazijos \u012f Ukrain\u0105.<\/p>\n","protected":false},"excerpt":{"rendered":"1 nuotr. Rusijos vyr\u0173 krep\u0161inio rinktin\u0117. FIBA nuotr. \u00a0 Ministerijos teigimu, toks FIBA \u017eingsnis neatitinka realyb\u0117s ir siun\u010dia&hellip;\n","protected":false},"author":2,"featured_media":268667,"comment_status":"","ping_status":"","sticky":false,"template":"","format":"standard","meta":{"footnotes":"","_share_on_mastodon":"0"},"categories":[19],"tags":[1496,4862,172,37,39,36,38,40,119,1904,47,104],"class_list":["post-268666","post","type-post","status-publish","format-standard","has-post-thumbnail","category-sportas","tag-baltarusija","tag-fiba","tag-krepsinis","tag-lietuva","tag-lietuviu","tag-lithuania","tag-lithuanian","tag-lt","tag-rusija","tag-smsm","tag-sportas","tag-sports"],"share_on_mastodon":{"url":"https:\/\/pubeurope.com\/@lt\/117208937259184869","error":""},"_links":{"self":[{"href":"https:\/\/www.europesays.com\/lt\/wp-json\/wp\/v2\/posts\/268666","targetHints":{"allow":["GET"]}}],"collection":[{"href":"https:\/\/www.europesays.com\/lt\/wp-json\/wp\/v2\/posts"}],"about":[{"href":"https:\/\/www.europesays.com\/lt\/wp-json\/wp\/v2\/types\/post"}],"author":[{"embeddable":true,"href":"https:\/\/www.europesays.com\/lt\/wp-json\/wp\/v2\/users\/2"}],"replies":[{"embeddable":true,"href":"https:\/\/www.europesays.com\/lt\/wp-json\/wp\/v2\/comments?post=268666"}],"version-history":[{"count":0,"href":"https:\/\/www.europesays.com\/lt\/wp-json\/wp\/v2\/posts\/268666\/revisions"}],"wp:featuredmedia":[{"embeddable":true,"href":"https:\/\/www.europesays.com\/lt\/wp-json\/wp\/v2\/media\/268667"}],"wp:attachment":[{"href":"https:\/\/www.europesays.com\/lt\/wp-json\/wp\/v2\/media?parent=268666"}],"wp:term":[{"taxonomy":"category","embeddable":true,"href":"https:\/\/www.europesays.com\/lt\/wp-json\/wp\/v2\/categories?post=268666"},{"taxonomy":"post_tag","embeddable":true,"href":"https:\/\/www.europesays.com\/lt\/wp-json\/wp\/v2\/tags?post=268666"}],"curies":[{"name":"wp","href":"https:\/\/api.w.org\/{rel}","templated":true}]}}