{"id":268674,"date":"2026-09-03T20:21:17","date_gmt":"2026-09-03T20:21:17","guid":{"rendered":"https:\/\/www.europesays.com\/lt\/268674\/"},"modified":"2026-09-03T20:21:17","modified_gmt":"2026-09-03T20:21:17","slug":"is-su-dirksciu-poruojamos-18-metes-ievos-mislinga-zinute-gal-kada","status":"publish","type":"post","link":"https:\/\/www.europesays.com\/lt\/268674\/","title":{"rendered":"I\u0161 su Dirks\u010diu poruojamos 18-met\u0117s Ievos \u2013 m\u012fslinga \u017einut\u0117: \u201eGal kada&#8230;\u201c"},"content":{"rendered":"\n<p>Nors oficialiai pora sav\u0119s ne\u012fvardijo, pastar\u0173j\u0173 dien\u0173 \u012fvykiai socialiniuose tinkluose kaitina aistras ir kursto sp\u0117liones.<\/p>\n<p>Viskas prasid\u0117jo nuo D. Dirks\u010dio pavie\u0161into vaizdo \u012fra\u0161o, kuriame jis su I. \u0160ad\u017ei\u016bte \u0161oka pagal dain\u0105 \u201eOlialia pupyt\u0117s\u201c. \u0160is pasirinkimas daugeliui pasirod\u0117 dviprasmi\u0161kas, mat k\u016brinys tiesiogiai asocijuojasi su buvusia kovotojo mylim\u0105ja O. Pikul.<\/p>\n<p>Netrukus po to Oksana Pikul socialiniuose tinkluose nesl\u0117p\u0117 pasipiktinimo, teigdama, kad \u0161is \u0161okis ir vaizdo \u012fra\u0161as buvo skirti b\u016btent jai, o su min\u0117ta mergina konflikt\u0173 b\u016bta ir anks\u010diau. Pasak Oksanos, Dominykas netgi praleido jos s\u016bnaus gimtadien\u012f lakstydamas naktimis dideliu grei\u010diu ir \u201elaikindamas\u201c Ievos \u012fra\u0161us.<\/p>\n<p>        <a href=\"https:\/\/www.tv3.lt\/Uploads\/UGallery\/photos\/66\/ac\/2f\/93\/66ac2f93643a5f61c3c67699d7367228.jpg\" data-fancybox=\"photos-embed\" data-caption=\"Dominykas Dirkstys, Ieva \u0160ad\u017ei\u016bt\u0117 (nuotr. BNS, \u201eTikTok\u201c stop kadrai)\" target=\"_self\" rel=\"nofollow noopener\"> <img decoding=\"async\" class=\"photo-inside-article\" align=\"center\" alt=\"Dominykas Dirkstys, Ieva \u0160ad\u017ei\u016bt\u0117 (nuotr. BNS, \u201eTikTok\u201c stop kadrai)\" title=\"Dominykas Dirkstys, Ieva \u0160ad\u017ei\u016bt\u0117 (nuotr. BNS, \u201eTikTok\u201c stop kadrai)\" src=\"https:\/\/www.europesays.com\/lt\/wp-content\/uploads\/2026\/09\/66ac2f93643a5f61c3c67699d7367228.jpg\" width=\"684\" height=\"654\" loading=\"lazy\" \/> <\/a>       Abipusis ilgesys <\/p>\n<p>Nepaisant vie\u0161os kritikos, D. Dirkstys ir I. \u0160ad\u017ei\u016bt\u0117 buvo pasteb\u0117ti kartu <a href=\"https:\/\/www.tv3.lt\/rubrika\/naujienos\/sportas\/krepsinis\" target=\"_blank\" class=\"phrase\" rel=\"nofollow noopener\">krep\u0161inio<\/a> rungtyn\u0117se <a href=\"https:\/\/www.tv3.lt\/gaires\/vilnius\" target=\"_blank\" class=\"phrase\" rel=\"nofollow noopener\">Vilniuje<\/a>. Ta\u010diau dabar \u201eInstagram\u201c istorijose dar daugiau m\u012fsling\u0173 detali\u0173.<\/p>\n<p>Pirmasis \u017eingsn\u012f \u017eeng\u0117 Dominykas Dirkstys. Savo paskyroje jis pasidalijo nuotrauka, kurioje stovi \u0161alia automobilio, o vaizd\u0105 puo\u0161ia romanti\u0161kas priera\u0161as: \u201ePasiilgau, Ievute\u201c. Kad nelikt\u0173 abejoni\u0173, kam skirti \u0161ie \u017eod\u017eiai, jis pa\u017eym\u0117jo pa\u010di\u0105 Iev\u0105.<\/p>\n<p>     instagramo \u201eStory\u201c&#8221; class=&#8221;articlePhoto&#8221;&gt;   <a href=\"https:\/\/www.tv3.lt\/Uploads\/UGallery\/photos\/7f\/22\/50\/be\/7f2250be3f95225f16fa3cfc2a1bcc47.jpg\" data-fancybox=\"photos-embed\" data-caption=\"Dominyko Dirks\u010dio instagramo \u201eStory\u201c\" target=\"_self\" rel=\"nofollow noopener\"> <img decoding=\"async\" class=\"photo-inside-article\" align=\"center\" alt=\"Dominyko Dirks\u010dio instagramo \u201eStory\u201c\" title=\"Dominyko Dirks\u010dio instagramo \u201eStory\u201c\" src=\"https:\/\/www.europesays.com\/lt\/wp-content\/uploads\/2026\/09\/7f2250be3f95225f16fa3cfc2a1bcc47.jpg\" width=\"684\" height=\"654\" loading=\"lazy\" \/> <\/a>       <\/p>\n<p>Netrukus sulaukta ir atsako i\u0161 Ievos. Ji savo \u201eInstagram\u201c istorijoje pasidalijo j\u0173 bendra nuotrauka. Prie nuotraukos Ieva prira\u0161\u0117: \u201emiss u too bb\u201c (liet. a\u0161 tav\u0119s irgi pasiilgau), taip patvirtindama abipus\u012f ilges\u012f ir galb\u016bt \u2013 artimus santykius.\u00a0<\/p>\n<p>Ta\u010diau did\u017eiausi\u0105 internaut\u0173 nuostab\u0105 ir smalsum\u0105 suk\u0117l\u0117 kita Ievos \u201eInstagram\u201c istorija. Mergina pasidalijo nuotrauka, kurioje ant vieno i\u0161 pir\u0161t\u0173 puikuojasi smulkus \u017eiedas su D raide, o nuotraukos fone matyti daugyb\u0117 kit\u0173 \u017eied\u0173.<\/p>\n<p>Visgi m\u012fslingiausia dalis \u2013 priera\u0161as prie nuotraukos. Ieva pa\u017eym\u0117jo Dominyk\u0105 Dirkst\u012f ir prid\u016br\u0117: \u201eGal kada&#8230;\u201c.<\/p>\n<p>     <a href=\"https:\/\/www.tv3.lt\/Uploads\/UGallery\/photos\/7e\/0a\/8e\/d4\/7e0a8ed4b6f79050fcf8388b7c036efe.jpg\" data-fancybox=\"photos-embed\" data-caption=\"Ievos \u0160ad\u017ei\u016bt\u0117s instagramo \u201eStory\u201c\" target=\"_self\" rel=\"nofollow noopener\"> <img decoding=\"async\" class=\"photo-inside-article\" align=\"center\" alt=\"Ievos \u0160ad\u017ei\u016bt\u0117s instagramo \u201eStory\u201c\" title=\"Ievos \u0160ad\u017ei\u016bt\u0117s instagramo \u201eStory\u201c\" src=\"https:\/\/www.europesays.com\/lt\/wp-content\/uploads\/2026\/09\/7e0a8ed4b6f79050fcf8388b7c036efe.jpg\" width=\"684\" height=\"654\" loading=\"lazy\" \/> <\/a>        <\/p>\n<p>\n                                        \u0160altinis:<br \/>\n                                                                                    tv3.lt\n                                                                                <\/p>\n<p>Kvie\u010diame atrasti nauj\u0105 tv3.lt turin\u012f! Nuo \u0161iol portale j\u016bs\u0173 laukia ne tik <a href=\"https:\/\/www.tv3.lt\/testai\" rel=\"nofollow noopener\" target=\"_blank\">kasdien nauji testai<\/a>, bet ir <a href=\"https:\/\/www.tv3.lt\/kryziazodziai\" rel=\"nofollow noopener\" target=\"_blank\">kry\u017eia\u017eod\u017eiai <\/a>\u2013 i\u0161bandykite savo \u017einias, spr\u0119skite ir smagiai praleiskite laik\u0105. <\/p>\n","protected":false},"excerpt":{"rendered":"Nors oficialiai pora sav\u0119s ne\u012fvardijo, pastar\u0173j\u0173 dien\u0173 \u012fvykiai socialiniuose tinkluose kaitina aistras ir kursto sp\u0117liones. Viskas prasid\u0117jo nuo&hellip;\n","protected":false},"author":2,"featured_media":268675,"comment_status":"","ping_status":"","sticky":false,"template":"","format":"standard","meta":{"footnotes":"","_share_on_mastodon":"0"},"categories":[19],"tags":[38835,57,43,55,48,54,51,49,50,37,39,36,38,40,45,23,44,53,42,56,47,104,41,46,58,52],"class_list":["post-268674","post","type-post","status-publish","format-standard","has-post-thumbnail","category-sportas","tag-2026-09-03-181100","tag-daiktai","tag-dienos-kronika","tag-gatves-tekstai","tag-gyvenimas","tag-interneto-pievos","tag-keliones","tag-kultura","tag-laisvalaikis","tag-lietuva","tag-lietuviu","tag-lithuania","tag-lithuanian","tag-lt","tag-mokslas-ir-it","tag-naujienos","tag-pasaulis","tag-projektai","tag-rinktiniai-tekstai","tag-simtmecio-portalas","tag-sportas","tag-sports","tag-tv3-lt","tag-verslas","tag-video","tag-zaidimai"],"share_on_mastodon":{"url":"https:\/\/pubeurope.com\/@lt\/117208972586996249","error":""},"_links":{"self":[{"href":"https:\/\/www.europesays.com\/lt\/wp-json\/wp\/v2\/posts\/268674","targetHints":{"allow":["GET"]}}],"collection":[{"href":"https:\/\/www.europesays.com\/lt\/wp-json\/wp\/v2\/posts"}],"about":[{"href":"https:\/\/www.europesays.com\/lt\/wp-json\/wp\/v2\/types\/post"}],"author":[{"embeddable":true,"href":"https:\/\/www.europesays.com\/lt\/wp-json\/wp\/v2\/users\/2"}],"replies":[{"embeddable":true,"href":"https:\/\/www.europesays.com\/lt\/wp-json\/wp\/v2\/comments?post=268674"}],"version-history":[{"count":0,"href":"https:\/\/www.europesays.com\/lt\/wp-json\/wp\/v2\/posts\/268674\/revisions"}],"wp:featuredmedia":[{"embeddable":true,"href":"https:\/\/www.europesays.com\/lt\/wp-json\/wp\/v2\/media\/268675"}],"wp:attachment":[{"href":"https:\/\/www.europesays.com\/lt\/wp-json\/wp\/v2\/media?parent=268674"}],"wp:term":[{"taxonomy":"category","embeddable":true,"href":"https:\/\/www.europesays.com\/lt\/wp-json\/wp\/v2\/categories?post=268674"},{"taxonomy":"post_tag","embeddable":true,"href":"https:\/\/www.europesays.com\/lt\/wp-json\/wp\/v2\/tags?post=268674"}],"curies":[{"name":"wp","href":"https:\/\/api.w.org\/{rel}","templated":true}]}}