{"id":268676,"date":"2026-09-03T20:28:35","date_gmt":"2026-09-03T20:28:35","guid":{"rendered":"https:\/\/www.europesays.com\/lt\/268676\/"},"modified":"2026-09-03T20:28:35","modified_gmt":"2026-09-03T20:28:35","slug":"penktadienio-vakaro-ziniose-skaitykite-advokate-liudvika-meskauskaite-atejome-iki-tokio-tasko-kai-neliko-etikos-respublika-lt","status":"publish","type":"post","link":"https:\/\/www.europesays.com\/lt\/268676\/","title":{"rendered":"Penktadienio \u201eVakaro \u017einiose&#8221; skaitykite: Advokat\u0117 Liudvika Me\u0161kauskait\u0117 &#8211; at\u0117jome iki tokio ta\u0161ko, kai neliko etikos &#8211; Respublika.lt"},"content":{"rendered":"<p>    \u00d7<\/p>\n<p>    (1\/1) Liudvika Me\u0161kauskait\u0117. Eltos nuotr. <a href=\"https:\/\/www.respublika.lt\/uploads\/img\/catalog\/1\/photo_1_94360903.jpg\" class=\"swiper-photo-download\" download=\"\" rel=\"nofollow noopener\" target=\"_blank\">Atsisi\u0173sti<\/a><\/p>\n<p><img loading=\"lazy\" decoding=\"async\" src=\"https:\/\/www.respublika.lt\/lt\/naujienos\/lietuva\/ziniasklaida\/penktadienio-vakaro-ziniose-skaitykite-advokate-liudvika-meskauskaite---atejome-iki-tokio-tasko-kai-neliko-etikos\/images\/ico_camera_white.gif\" class=\"camera\" width=\"22\" height=\"15\" alt=\"nuotr.\" style=\"position:relative; top:-2px; right:2px;\"\/> 1 nuotr.<\/p>\n<p>Liudvika Me\u0161kauskait\u0117. Eltos nuotr.<\/p>\n<p>\u201eA\u0161 labai tolima nuo Luka\u0161enkos ir labai tolima nuo Putino. Mano \u0161aknys yra labai tolimos nuo V.\u010cmilyt\u0117s ir R.Valatkos. Kuo jis ten dirbo tarybiniais laikais&#8230; Jis pats \u017eino. Yra toks liaudies posakis: kuo pats kvepia, tuo ir kitus tepa. Tad a\u0161 net nekomentuosiu, k\u0105 rei\u0161kia \u0161unadvokatis, bet a\u0161 n\u0117 vieno \u017emogaus nevadinu tokiais vardais ir labai u\u017ejau\u010diu \u017emones, kurie turi tik tokius argumentus.<\/p>\n<p style=\"text-align: justify;\" class=\"desktop_banner\">\u00a0<\/p>\n<p>Mane paskyr\u0117 prezidentas. Kai R.Valatka bus prezidentas, jis gal\u0117s paskirti kokius nors \u0161urajevus ar kitas ry\u0161kias asmenybes&#8221;, &#8211; i\u0161skirtiniame interviu \u201eVakaro \u017einioms&#8221; sak\u0117 prezidento \u012f LRT taryb\u0105 paskirta advokat\u0117, \u017einiasklaidos teis\u0117s ekspert\u0117 Liudvika Me\u0161kauskait\u0117.<\/p>\n<p>Pla\u010diau skaitykite penktadienio \u201eVakaro \u017einiose&#8221;.<\/p>\n<p>Naujausios \u017einios<\/p>\n<p><\/p>\n<p>        <a href=\"https:\/\/www.respublika.lt\/lt\/naujienos\/pasaulis\/kitos_pasaulio_naujienos\/volkswagen-panaikins-100-tukst-darbo-vietu\/\" rel=\"nofollow noopener\" target=\"_blank\"><img decoding=\"async\" oncontextmenu=\"return false\" class=\"block_item_newest_photo\" src=\"https:\/\/www.respublika.lt\/lt\/naujienos\/lietuva\/ziniasklaida\/penktadienio-vakaro-ziniose-skaitykite-advokate-liudvika-meskauskaite---atejome-iki-tokio-tasko-kai-neliko-etikos\/uploads\/img\/catalog\/1\/photo_for_homepage_1_65310845.jpg\" alt=\"\" width=\"240\" height=\"154.45\"\/><\/a><\/p>\n<p>Patiko straipsnis? Leisk mums apie tai su\u017einoti. Nepamir\u0161k pasidalinti Facebook! <\/p>\n<p><img loading=\"lazy\" decoding=\"async\" class=\"p2_social_circle_icon\" src=\"https:\/\/www.respublika.lt\/images\/thumbs_up.svg\" width=\"21\" height=\"22\" alt=\"L\"\/><\/p>\n<p><img loading=\"lazy\" decoding=\"async\" class=\"p2_social_circle_icon\" src=\"https:\/\/www.respublika.lt\/images\/facebook.svg\" alt=\"F\" width=\"22\" height=\"22\" style=\"filter: invert(37%) sepia(55%) saturate(2351%) hue-rotate(187deg) brightness(102%) contrast(106%);\"\/><\/p>\n<p>&#13;<br \/>\n              Respublika.lt pasilieka teis\u0119 pa\u0161alinti nekult\u016bringus, keiksma\u017eod\u017eiais pagardintus, su tema nesusijusius, kito asmens vardu pasira\u0161ytus, \u012fstatymus pa\u017eeid\u017eian\u010dius, \u0161lam\u0161t\u0105 reklamuojan\u010dius ar nusikalsti kurstan\u010dius komentarus. Jei kurstysite smurt\u0105, rasin\u0119, tautin\u0119, religin\u0119 ar kitokio pob\u016bd\u017eio neapykant\u0105, \u017evirbliu i\u0161skrid\u0119 j\u016bs\u0173 \u017eod\u017eiai gr\u012f\u017edami gali virsti ton\u0105 sverian\u010diu jau\u010diu &#8211; specialiosioms Lietuvos tarnyboms pareikalavus suteiksime j\u016bs\u0173 duomenis.\n            <\/p>\n","protected":false},"excerpt":{"rendered":"\u00d7 (1\/1) Liudvika Me\u0161kauskait\u0117. Eltos nuotr. Atsisi\u0173sti 1 nuotr. Liudvika Me\u0161kauskait\u0117. Eltos nuotr. \u201eA\u0161 labai tolima nuo Luka\u0161enkos&hellip;\n","protected":false},"author":2,"featured_media":268677,"comment_status":"","ping_status":"","sticky":false,"template":"","format":"standard","meta":{"footnotes":"","_share_on_mastodon":"0"},"categories":[13],"tags":[25,30,31,3932,34,35,24,3265,38836,32,33,37,39,36,38,519,40,14442,23,417,22,28,29,1869,26,27,38482,979],"class_list":["post-268676","post","type-post","status-publish","format-standard","has-post-thumbnail","category-lietuva","tag-antrastes","tag-breaking-news","tag-breakingnews","tag-cmilyte-nielsen","tag-featured-news","tag-featurednews","tag-headlines","tag-kasciunas","tag-kompetencija","tag-latest-news","tag-latestnews","tag-lietuva","tag-lietuviu","tag-lithuania","tag-lithuanian","tag-lrt","tag-lt","tag-meskauskaite","tag-naujienos","tag-nauseda","tag-news","tag-populiariausios-naujienos","tag-populiariausiosnaujienos","tag-taryba","tag-top-stories","tag-topstories","tag-valatka","tag-ziniasklaida"],"share_on_mastodon":{"url":"https:\/\/pubeurope.com\/@lt\/117209000549917436","error":""},"_links":{"self":[{"href":"https:\/\/www.europesays.com\/lt\/wp-json\/wp\/v2\/posts\/268676","targetHints":{"allow":["GET"]}}],"collection":[{"href":"https:\/\/www.europesays.com\/lt\/wp-json\/wp\/v2\/posts"}],"about":[{"href":"https:\/\/www.europesays.com\/lt\/wp-json\/wp\/v2\/types\/post"}],"author":[{"embeddable":true,"href":"https:\/\/www.europesays.com\/lt\/wp-json\/wp\/v2\/users\/2"}],"replies":[{"embeddable":true,"href":"https:\/\/www.europesays.com\/lt\/wp-json\/wp\/v2\/comments?post=268676"}],"version-history":[{"count":0,"href":"https:\/\/www.europesays.com\/lt\/wp-json\/wp\/v2\/posts\/268676\/revisions"}],"wp:featuredmedia":[{"embeddable":true,"href":"https:\/\/www.europesays.com\/lt\/wp-json\/wp\/v2\/media\/268677"}],"wp:attachment":[{"href":"https:\/\/www.europesays.com\/lt\/wp-json\/wp\/v2\/media?parent=268676"}],"wp:term":[{"taxonomy":"category","embeddable":true,"href":"https:\/\/www.europesays.com\/lt\/wp-json\/wp\/v2\/categories?post=268676"},{"taxonomy":"post_tag","embeddable":true,"href":"https:\/\/www.europesays.com\/lt\/wp-json\/wp\/v2\/tags?post=268676"}],"curies":[{"name":"wp","href":"https:\/\/api.w.org\/{rel}","templated":true}]}}