{"id":268684,"date":"2026-09-03T20:44:14","date_gmt":"2026-09-03T20:44:14","guid":{"rendered":"https:\/\/www.europesays.com\/lt\/268684\/"},"modified":"2026-09-03T20:44:14","modified_gmt":"2026-09-03T20:44:14","slug":"volkswagen-panaikins-100-tukst-darbo-vietu-respublika-lt","status":"publish","type":"post","link":"https:\/\/www.europesays.com\/lt\/268684\/","title":{"rendered":"\u201eVolkswagen\u201c: panaikins 100 t\u016bkst. darbo viet\u0173 &#8211; Respublika.lt"},"content":{"rendered":"<p><img loading=\"lazy\" decoding=\"async\" src=\"https:\/\/www.respublika.lt\/lt\/naujienos\/pasaulis\/kitos_pasaulio_naujienos\/volkswagen-panaikins-100-tukst-darbo-vietu\/images\/ico_camera_white.gif\" class=\"camera\" width=\"22\" height=\"15\" alt=\"nuotr.\" style=\"position:relative; top:-2px; right:2px;\"\/> 1 nuotr.<\/p>\n<p>Asociatyvi EPA-Eltos nuotr.<\/p>\n<p style=\"text-align: left;\">Vokietijos automobili\u0173 gamybos mil\u017ein\u0117 \u201eVolkswagen\u201c ketvirtadien\u012f prane\u0161\u0117, kad \u012fmon\u0117s vadovyb\u0117 ir profesin\u0117s s\u0105jungos susitar\u0117 iki \u0161io de\u0161imtme\u010dio pabaigos atleisti dar 50 t\u016bkst. darbuotoj\u0173, o i\u0161 viso bus panaikinta 100 t\u016bkst. darbo viet\u0173.<\/p>\n<p style=\"text-align: justify;\" class=\"desktop_banner\">\u00a0<\/p>\n<p style=\"text-align: left;\">\u00a0<\/p>\n<p style=\"text-align: left;\">\u201eB\u016btina sistemingai suderinti darbuotoj\u0173 skai\u010di\u0173 su ekonomine realybe\u201c, \u2013 teigiama 10 preki\u0173 \u017eenkl\u0173 vienijan\u010dios \u012fmoni\u0173 grup\u0117s prane\u0161ime.<\/p>\n<p style=\"text-align: left;\">\u012emon\u0117 taip pat prid\u016br\u0117 patvirtinusi plan\u0105, pagal kur\u012f, be jau sutart\u0173 50 t\u016bkst., numatoma \u201epanaikinti dar apie 50 t\u016bkst. etat\u0173\u201c.<\/p>\n<p style=\"text-align: left;\">Did\u017eiausia Europos automobili\u0173 gamintoja su sunkumais susiduria d\u0117l JAV \u012fvest\u0173 muit\u0173, nestabilios elektromobili\u0173 paklausos ir, svarbiausia, ar\u0161ios Kinijos gamintoj\u0173 konkurencijos bei konkurencijos pa\u010dioje Kinijoje.<\/p>\n<p style=\"text-align: left;\">\u0160i \u012fmon\u0117, kuriai, be to paties pavadinimo mark\u0117s, taip pat priklauso tokie preki\u0173 \u017eenklai kaip \u201eAudi\u201c ir \u201ePorsche\u201c, jau buvo susitarusi visame pasaulyje atleisti apie 50 t\u016bkst. darbuotoj\u0173.<\/p>\n<p style=\"text-align: left;\">Atleidus i\u0161 viso 100 t\u016bkst. darbuotoj\u0173 arba ma\u017edaug 15 proc. \u0161ios automobili\u0173 gamintojos darbuotoj\u0173 visame pasaulyje, bus \u012fvykdytas did\u017eiausias restrukt\u016brizavimas, kada nors reg\u0117tas pasaulin\u0117je automobili\u0173 pramon\u0117je.<\/p>\n<p>Naujausios \u017einios<\/p>\n<p><\/p>\n<p>        <a href=\"https:\/\/www.respublika.lt\/lt\/naujienos\/pasaulis\/kitos_pasaulio_naujienos\/volkswagen-panaikins-100-tukst-darbo-vietu\/\" rel=\"nofollow noopener\" target=\"_blank\"><img decoding=\"async\" oncontextmenu=\"return false\" class=\"block_item_newest_photo\" src=\"https:\/\/www.respublika.lt\/lt\/naujienos\/pasaulis\/kitos_pasaulio_naujienos\/volkswagen-panaikins-100-tukst-darbo-vietu\/uploads\/img\/catalog\/1\/photo_for_homepage_1_65310845.jpg\" alt=\"\" width=\"240\" height=\"154.45\"\/><\/a><\/p>\n<p>        <a href=\"https:\/\/www.respublika.lt\/lt\/naujienos\/pasaulis\/kitos_pasaulio_naujienos\/revolut-jav-suteikta-salygine-banko-licencija\/\" rel=\"nofollow noopener\" target=\"_blank\"><img decoding=\"async\" oncontextmenu=\"return false\" class=\"block_item_newest_photo\" src=\"https:\/\/www.respublika.lt\/lt\/naujienos\/pasaulis\/kitos_pasaulio_naujienos\/volkswagen-panaikins-100-tukst-darbo-vietu\/uploads\/img\/catalog\/1\/photo_for_homepage_1_92526708.jpg\" alt=\"\" width=\"240\" height=\"154.45\"\/><\/a><\/p>\n<p>Patiko straipsnis? Leisk mums apie tai su\u017einoti. Nepamir\u0161k pasidalinti Facebook! <\/p>\n<p><img loading=\"lazy\" decoding=\"async\" class=\"p2_social_circle_icon\" src=\"https:\/\/www.respublika.lt\/images\/thumbs_up.svg\" width=\"21\" height=\"22\" alt=\"L\"\/><\/p>\n<p><img loading=\"lazy\" decoding=\"async\" class=\"p2_social_circle_icon\" src=\"https:\/\/www.respublika.lt\/images\/facebook.svg\" alt=\"F\" width=\"22\" height=\"22\" style=\"filter: invert(37%) sepia(55%) saturate(2351%) hue-rotate(187deg) brightness(102%) contrast(106%);\"\/><\/p>\n<p>&#13;<br \/>\n              Respublika.lt pasilieka teis\u0119 pa\u0161alinti nekult\u016bringus, keiksma\u017eod\u017eiais pagardintus, su tema nesusijusius, kito asmens vardu pasira\u0161ytus, \u012fstatymus pa\u017eeid\u017eian\u010dius, \u0161lam\u0161t\u0105 reklamuojan\u010dius ar nusikalsti kurstan\u010dius komentarus. Jei kurstysite smurt\u0105, rasin\u0119, tautin\u0119, religin\u0119 ar kitokio pob\u016bd\u017eio neapykant\u0105, \u017evirbliu i\u0161skrid\u0119 j\u016bs\u0173 \u017eod\u017eiai gr\u012f\u017edami gali virsti ton\u0105 sverian\u010diu jau\u010diu &#8211; specialiosioms Lietuvos tarnyboms pareikalavus suteiksime j\u016bs\u0173 duomenis.\n            <\/p>\n","protected":false},"excerpt":{"rendered":"1 nuotr. Asociatyvi EPA-Eltos nuotr. Vokietijos automobili\u0173 gamybos mil\u017ein\u0117 \u201eVolkswagen\u201c ketvirtadien\u012f prane\u0161\u0117, kad \u012fmon\u0117s vadovyb\u0117 ir profesin\u0117s s\u0105jungos&hellip;\n","protected":false},"author":2,"featured_media":268685,"comment_status":"","ping_status":"","sticky":false,"template":"","format":"standard","meta":{"footnotes":"","_share_on_mastodon":"0"},"categories":[17],"tags":[2385,2006,81,248,37,39,36,38,40,46,320],"class_list":["post-268684","post","type-post","status-publish","format-standard","has-post-thumbnail","category-verslas","tag-volkswagen","tag-automobiliai","tag-business","tag-ekonomika","tag-lietuva","tag-lietuviu","tag-lithuania","tag-lithuanian","tag-lt","tag-verslas","tag-vokietija"],"share_on_mastodon":{"url":"https:\/\/pubeurope.com\/@lt\/117209063030196067","error":""},"_links":{"self":[{"href":"https:\/\/www.europesays.com\/lt\/wp-json\/wp\/v2\/posts\/268684","targetHints":{"allow":["GET"]}}],"collection":[{"href":"https:\/\/www.europesays.com\/lt\/wp-json\/wp\/v2\/posts"}],"about":[{"href":"https:\/\/www.europesays.com\/lt\/wp-json\/wp\/v2\/types\/post"}],"author":[{"embeddable":true,"href":"https:\/\/www.europesays.com\/lt\/wp-json\/wp\/v2\/users\/2"}],"replies":[{"embeddable":true,"href":"https:\/\/www.europesays.com\/lt\/wp-json\/wp\/v2\/comments?post=268684"}],"version-history":[{"count":0,"href":"https:\/\/www.europesays.com\/lt\/wp-json\/wp\/v2\/posts\/268684\/revisions"}],"wp:featuredmedia":[{"embeddable":true,"href":"https:\/\/www.europesays.com\/lt\/wp-json\/wp\/v2\/media\/268685"}],"wp:attachment":[{"href":"https:\/\/www.europesays.com\/lt\/wp-json\/wp\/v2\/media?parent=268684"}],"wp:term":[{"taxonomy":"category","embeddable":true,"href":"https:\/\/www.europesays.com\/lt\/wp-json\/wp\/v2\/categories?post=268684"},{"taxonomy":"post_tag","embeddable":true,"href":"https:\/\/www.europesays.com\/lt\/wp-json\/wp\/v2\/tags?post=268684"}],"curies":[{"name":"wp","href":"https:\/\/api.w.org\/{rel}","templated":true}]}}