{"id":268688,"date":"2026-09-03T21:01:34","date_gmt":"2026-09-03T21:01:34","guid":{"rendered":"https:\/\/www.europesays.com\/lt\/268688\/"},"modified":"2026-09-03T21:01:34","modified_gmt":"2026-09-03T21:01:34","slug":"egles-samoskaites-tusinukas-kirs-per-pasitikejima-ziniasklaida-respublika-lt","status":"publish","type":"post","link":"https:\/\/www.europesays.com\/lt\/268688\/","title":{"rendered":"Egl\u0117s Samo\u0161kait\u0117s tu\u0161inukas kirs per pasitik\u0117jim\u0105 \u017einiasklaida &#8211; Respublika.lt"},"content":{"rendered":"<p><img loading=\"lazy\" decoding=\"async\" src=\"https:\/\/www.respublika.lt\/lt\/naujienos\/lietuva\/ziniasklaida\/ketvirtadienio-vakaro-ziniose-skaitykite-egles-samoskaites-tusinukas-kirs-per-pasitikejima-ziniasklaida\/images\/ico_camera_white.gif\" class=\"camera\" width=\"22\" height=\"15\" alt=\"nuotr.\" style=\"position:relative; top:-2px; right:2px;\"\/> 2 nuotr.<\/p>\n<p>Elg\u0117 Samo\u0161kait\u0117, Monika Garba\u010diauskait\u0117-Budrien\u0117. Eltos nuotr.<\/p>\n<p>Palikto slapta \u012fra\u0161in\u0117jan\u010dio tu\u0161inuko istorija nesibaigia. I\u0161 prad\u017ei\u0173 ikiteisminis tyrimas d\u0117l neteis\u0117to informacijos rinkimo LRT \u017eurnalist\u0117s Egl\u0117s Samo\u0161kait\u0117s at\u017evilgiu buvo nutrauktas. Ta\u010diau auk\u0161tesnis prokuroras tyrim\u0105 atnaujino. Tu\u0161inukas visgi buvo \u017eurnalist\u0117s. Kaip tokios istorijos paveikia visuomen\u0117s pasitik\u0117jim\u0105 \u017einiasklaida?<\/p>\n","protected":false},"excerpt":{"rendered":"2 nuotr. Elg\u0117 Samo\u0161kait\u0117, Monika Garba\u010diauskait\u0117-Budrien\u0117. Eltos nuotr. Palikto slapta \u012fra\u0161in\u0117jan\u010dio tu\u0161inuko istorija nesibaigia. I\u0161 prad\u017ei\u0173 ikiteisminis tyrimas&hellip;\n","protected":false},"author":2,"featured_media":268689,"comment_status":"","ping_status":"","sticky":false,"template":"","format":"standard","meta":{"footnotes":"","_share_on_mastodon":"0"},"categories":[13],"tags":[25,38837,30,31,34,35,24,12362,32,33,37,39,36,38,519,4281,40,11518,23,22,28,29,13242,26117,26,27,29100,2171,979],"class_list":["post-268688","post","type-post","status-publish","format-standard","has-post-thumbnail","category-lietuva","tag-antrastes","tag-barsulis","tag-breaking-news","tag-breakingnews","tag-featured-news","tag-featurednews","tag-headlines","tag-kavaliauskas","tag-latest-news","tag-latestnews","tag-lietuva","tag-lietuviu","tag-lithuania","tag-lithuanian","tag-lrt","tag-lsdp","tag-lt","tag-miliute","tag-naujienos","tag-news","tag-populiariausios-naujienos","tag-populiariausiosnaujienos","tag-prokuroras","tag-samoskaite","tag-top-stories","tag-topstories","tag-tusinukas","tag-tyrimas","tag-ziniasklaida"],"share_on_mastodon":{"url":"https:\/\/pubeurope.com\/@lt\/117209130248351128","error":""},"_links":{"self":[{"href":"https:\/\/www.europesays.com\/lt\/wp-json\/wp\/v2\/posts\/268688","targetHints":{"allow":["GET"]}}],"collection":[{"href":"https:\/\/www.europesays.com\/lt\/wp-json\/wp\/v2\/posts"}],"about":[{"href":"https:\/\/www.europesays.com\/lt\/wp-json\/wp\/v2\/types\/post"}],"author":[{"embeddable":true,"href":"https:\/\/www.europesays.com\/lt\/wp-json\/wp\/v2\/users\/2"}],"replies":[{"embeddable":true,"href":"https:\/\/www.europesays.com\/lt\/wp-json\/wp\/v2\/comments?post=268688"}],"version-history":[{"count":0,"href":"https:\/\/www.europesays.com\/lt\/wp-json\/wp\/v2\/posts\/268688\/revisions"}],"wp:featuredmedia":[{"embeddable":true,"href":"https:\/\/www.europesays.com\/lt\/wp-json\/wp\/v2\/media\/268689"}],"wp:attachment":[{"href":"https:\/\/www.europesays.com\/lt\/wp-json\/wp\/v2\/media?parent=268688"}],"wp:term":[{"taxonomy":"category","embeddable":true,"href":"https:\/\/www.europesays.com\/lt\/wp-json\/wp\/v2\/categories?post=268688"},{"taxonomy":"post_tag","embeddable":true,"href":"https:\/\/www.europesays.com\/lt\/wp-json\/wp\/v2\/tags?post=268688"}],"curies":[{"name":"wp","href":"https:\/\/api.w.org\/{rel}","templated":true}]}}