{"id":268690,"date":"2026-09-03T21:08:12","date_gmt":"2026-09-03T21:08:12","guid":{"rendered":"https:\/\/www.europesays.com\/lt\/268690\/"},"modified":"2026-09-03T21:08:12","modified_gmt":"2026-09-03T21:08:12","slug":"cehas-po-laimeto-aukso-neslepe-pasipiktinimo-turbut-cia-daugiau-nebedalyvausiu","status":"publish","type":"post","link":"https:\/\/www.europesays.com\/lt\/268690\/","title":{"rendered":"\u010cehas po laim\u0117to aukso nesl\u0117p\u0117 pasipiktinimo: \u201eTurb\u016bt \u010dia daugiau nebedalyvausiu\u201c"},"content":{"rendered":"<p>\u00a0Slov\u0117nijos disko metikas Kristjanas \u010cehas \u012f savo trof\u0117j\u0173 kolekcij\u0105 prid\u0117jo dar vien\u0105 aukso medal\u012f. Taranto mieste vykstan\u010diose Vidur\u017eemio j\u016bros \u017eaidyn\u0117se 27-eri\u0173 atletas triumfavo numet\u0119s disk\u0105 68,70 m ir pagerin\u0119s var\u017eyb\u0173 rekord\u0105.<\/p>\n<p>K. \u010cehas jau antru bandymu pasiek\u0117 67,82 m rezultat\u0105 bei u\u017etikrintai \u012fsitvirtino pirmoje vietoje. Geriausias jo rezultatas u\u017efiksuotas ketvirtoje bandym\u0173 serijoje \u2013 68,70 m. Antr\u0105j\u0105 viet\u0105 u\u017e\u0117m\u0117 ispanas Diego Casas Garrido, disk\u0105 nusvied\u0119s 65,62 m.<\/p>\n<p>Po pergal\u0117s K. \u010cehas skund\u0117si prastu organizatori\u0173 darbu ir teig\u0117, kad \u012f Vidur\u017eemio j\u016bros \u017eaidynes tikriausiai niekada nebevyks.<\/p>\n<p>\u201eTikslas buvo laim\u0117ti aukso medal\u012f tikriausiai paskutin\u0117se mano Vidur\u017eemio j\u016bros \u017eaidyn\u0117se. \u017dinojau, kad netur\u0117siu rimtos konkurencijos, tod\u0117l i\u0161 esm\u0117s var\u017eysiuosi pats su savimi, ta\u010diau viskas buvo labai prastai organizuota, var\u017eybos gerokai u\u017esit\u0119s\u0117. Be to, sugedo elektronika ir rezultatus teko matuoti paprasta matavimo juosta\u201c, \u2013 po var\u017eyb\u0173 pasakojo K. \u010cehas.<\/p>\n<p>Atletas taip pat pripa\u017eino, kad savo pasirodymu liko patenkintas tik i\u0161 dalies.<\/p>\n<p>\u201eTai tikrai nebuvo geriausias mano pasirodymas. Vis d\u0117lto savo aukso medali\u0173 kolekcij\u0105 papild\u017eiau. Pirmasis mano metimas buvo toliausias, bet ne\u012fskaitytas, o paskutiniai du \u2013 techni\u0161kai geriausi. \u012e juos \u012fd\u0117jau daugiau energijos, ta\u010diau \u0161iek tiek pritr\u016bko s\u0117km\u0117s\u201c, \u2013 sak\u0117 slov\u0117nas.<\/p>\n<p>\u0160iame sezone slov\u0117no laukia dar trys startai. Jau netrukus jis var\u017eysis \u201eDeimantin\u0117s lygos\u201c finale Briuselyje, rugs\u0117jo 8 dien\u0105 startuos Zagrebe, o rugs\u0117jo 12-\u0105j\u0105 sezon\u0105 u\u017ebaigs Lietuvoje.<\/p>\n<p>                                                                    <a href=\"https:\/\/www.sportas.lt\/naujiena\/548422\/mailto:info@sportas.lt\" rel=\"nofollow noopener\" target=\"_blank\">info@sportas.lt<\/a><\/p>\n<p>Naujien\u0173 portalo sportas.lt informacij\u0105 atgaminti visuomen\u0117s informavimo priemon\u0117se bei interneto tinklalapiuose be ra\u0161ti\u0161ko sutikimo draud\u017eiama.<\/p>\n","protected":false},"excerpt":{"rendered":"\u00a0Slov\u0117nijos disko metikas Kristjanas \u010cehas \u012f savo trof\u0117j\u0173 kolekcij\u0105 prid\u0117jo dar vien\u0105 aukso medal\u012f. Taranto mieste vykstan\u010diose Vidur\u017eemio&hellip;\n","protected":false},"author":2,"featured_media":268691,"comment_status":"","ping_status":"","sticky":false,"template":"","format":"standard","meta":{"footnotes":"","_share_on_mastodon":"0"},"categories":[19],"tags":[57,43,55,48,54,51,49,50,37,39,36,38,40,45,23,44,53,42,56,47,112,104,46,58,52],"class_list":["post-268690","post","type-post","status-publish","format-standard","has-post-thumbnail","category-sportas","tag-daiktai","tag-dienos-kronika","tag-gatves-tekstai","tag-gyvenimas","tag-interneto-pievos","tag-keliones","tag-kultura","tag-laisvalaikis","tag-lietuva","tag-lietuviu","tag-lithuania","tag-lithuanian","tag-lt","tag-mokslas-ir-it","tag-naujienos","tag-pasaulis","tag-projektai","tag-rinktiniai-tekstai","tag-simtmecio-portalas","tag-sportas","tag-sportas-lt","tag-sports","tag-verslas","tag-video","tag-zaidimai"],"share_on_mastodon":{"url":"https:\/\/pubeurope.com\/@lt\/117209156901919839","error":""},"_links":{"self":[{"href":"https:\/\/www.europesays.com\/lt\/wp-json\/wp\/v2\/posts\/268690","targetHints":{"allow":["GET"]}}],"collection":[{"href":"https:\/\/www.europesays.com\/lt\/wp-json\/wp\/v2\/posts"}],"about":[{"href":"https:\/\/www.europesays.com\/lt\/wp-json\/wp\/v2\/types\/post"}],"author":[{"embeddable":true,"href":"https:\/\/www.europesays.com\/lt\/wp-json\/wp\/v2\/users\/2"}],"replies":[{"embeddable":true,"href":"https:\/\/www.europesays.com\/lt\/wp-json\/wp\/v2\/comments?post=268690"}],"version-history":[{"count":0,"href":"https:\/\/www.europesays.com\/lt\/wp-json\/wp\/v2\/posts\/268690\/revisions"}],"wp:featuredmedia":[{"embeddable":true,"href":"https:\/\/www.europesays.com\/lt\/wp-json\/wp\/v2\/media\/268691"}],"wp:attachment":[{"href":"https:\/\/www.europesays.com\/lt\/wp-json\/wp\/v2\/media?parent=268690"}],"wp:term":[{"taxonomy":"category","embeddable":true,"href":"https:\/\/www.europesays.com\/lt\/wp-json\/wp\/v2\/categories?post=268690"},{"taxonomy":"post_tag","embeddable":true,"href":"https:\/\/www.europesays.com\/lt\/wp-json\/wp\/v2\/tags?post=268690"}],"curies":[{"name":"wp","href":"https:\/\/api.w.org\/{rel}","templated":true}]}}