{"id":268696,"date":"2026-09-03T21:24:17","date_gmt":"2026-09-03T21:24:17","guid":{"rendered":"https:\/\/www.europesays.com\/lt\/268696\/"},"modified":"2026-09-03T21:24:17","modified_gmt":"2026-09-03T21:24:17","slug":"buves-pasaulio-cempionas-atsidure-kareivinese-vieniems-yra-privilegiju-kitiems-ne","status":"publish","type":"post","link":"https:\/\/www.europesays.com\/lt\/268696\/","title":{"rendered":"Buv\u0119s pasaulio \u010dempionas atsid\u016br\u0117 kareivin\u0117se: \u201eVieniems yra privilegij\u0173, kitiems \u2013 ne\u201c"},"content":{"rendered":"<p>\u00a0Buv\u0119s Ukrainos bokso rinktin\u0117s narys Jevgenijus Chitrovas socialiniuose tinkluose prabilo apie mobilizacij\u0105 \u012f Ukrainos ginkluot\u0105sias paj\u0117gas. Sportininkas atvirai i\u0161liejo emocijas, ta\u010diau v\u0117liau savo \u012fra\u0161\u0105 pa\u0161alino.<\/p>\n<p>J. Chitrovas pasakojo, kad buvo surastas Kryvyj Rihe, pristatytas \u012f Ukrainos teritorin\u012f komplektavimo centr\u0105 (TCK), o v\u0117liau atsid\u016br\u0117 kareivin\u0117se.<\/p>\n<p>\u201eVaikinai, k\u0105 jums pasakyti? Vis\u0105 gyvenim\u0105 tu, b***, atstovauji Ukrainai, garsini savo \u0161al\u012f, o vien\u0105 dien\u0105 tave, s***, tiesiog paima Kryvyj Rihe, nuve\u017ea \u012f TCK \u2013 ir viskas. \u0160tai toks tas, b***, gyvenimas\u201c, \u2013 socialiniuose tinkluose ra\u0161\u0117 buv\u0119s boksininkas.<\/p>\n<p>J. Chitrovas pabr\u0117\u017e\u0117, kad Ukrainai atstovauti prad\u0117jo dar b\u016bdamas 13-os ir per savo karjer\u0105 ne kart\u0105 garsino \u0161alies vard\u0105 tarptautin\u0117je arenoje.<\/p>\n<p>\u201eA\u0161, taip sakant, ne i\u0161 dangaus nukritau. Nuo 13-os met\u0173 atstovavau Ukrainai tarptautin\u0117se var\u017eybose, nuolat k\u0117liau m\u016bs\u0173 v\u0117liav\u0105. Olimpin\u0117s \u017eaidyn\u0117s, pasaulio \u010dempionatai ir kiti dideli turnyrai&#8230;o i\u0161eina, kad visiems, b***, nusispjauti\u201c, \u2013 emocingai kalb\u0117jo jis.<\/p>\n<p>Buv\u0119s sportininkas taip pat teig\u0117 matantis skirting\u0105 po\u017ei\u016br\u012f \u012f \u017emones ir u\u017esimin\u0117 apie kai kam taikomas privilegijas.<\/p>\n<p>\u201eVieniems, pasirodo, yra tam tikr\u0173 privilegij\u0173, o kitiems j\u0173 n\u0117ra. Ir dabar tenka, b***, s\u0117d\u0117ti kareivin\u0117se bei prisiminti tuos laikus, kai dar b\u016bdamas jaunas vykdavai \u012f treniruo\u010di\u0173 stovyklas ir u\u017euosdavai prakait\u0105\u201c, \u2013 sak\u0117 J. Chitrovas.<\/p>\n<blockquote class=\"instagram-media\" data-instgrm-captioned=\"\" data-instgrm-permalink=\"https:\/\/www.instagram.com\/reel\/Dcvy9D5OOnT\/?utm_source=ig_embed&amp;utm_campaign=loading\" data-instgrm-version=\"14\" style=\" background:#FFF; border:0; border-radius:3px; box-shadow:0 0 1px 0 rgba(0,0,0,0.5),0 1px 10px 0 rgba(0,0,0,0.15); margin: 1px; max-width:540px; min-width:326px; padding:0; width:99.375%; width:-webkit-calc(100% - 2px); width:calc(100% - 2px);\"><\/blockquote>\n<p>J. Chitrovas buvo vienas ry\u0161kesni\u0173 Ukrainos m\u0117g\u0117j\u0173 bokso atstov\u0173. Jis atstovavo \u0161aliai olimpin\u0117se \u017eaidyn\u0117se ir pasaulio \u010dempionatuose.<\/p>\n<p>2013 metais Kazachstane vykusiame pasaulio \u010dempionate J. Chitrovas i\u0161kovojo aukso medal\u012f svorio kategorijoje iki 75 kg. Boksininkas taip pat dalyvavo 2016 met\u0173 Rio de \u017daneiro olimpin\u0117se \u017eaidyn\u0117se, ta\u010diau jose pasirodym\u0105 baig\u0117 jau pirmoje kovoje.<\/p>\n<p>V\u0117liau J. Chitrovas per\u0117jo \u012f profesional\u0173 boks\u0105. Profesionalo karjeroje jis i\u0161kovojo 20 pergali\u0173, i\u0161 kuri\u0173 16 \u2013 nokautais, patyr\u0117 3 pralaim\u0117jimus ir kart\u0105 pasiek\u0117 lygi\u0105sias.<\/p>\n<p>                                                                    <a href=\"https:\/\/www.sportas.lt\/naujiena\/548408\/mailto:info@sportas.lt\" rel=\"nofollow noopener\" target=\"_blank\">info@sportas.lt<\/a><\/p>\n<p>Naujien\u0173 portalo sportas.lt informacij\u0105 atgaminti visuomen\u0117s informavimo priemon\u0117se bei interneto tinklalapiuose be ra\u0161ti\u0161ko sutikimo draud\u017eiama.<\/p>\n<p>                                                            <script async src=\"\/\/www.instagram.com\/embed.js\"><\/script><\/p>\n","protected":false},"excerpt":{"rendered":"\u00a0Buv\u0119s Ukrainos bokso rinktin\u0117s narys Jevgenijus Chitrovas socialiniuose tinkluose prabilo apie mobilizacij\u0105 \u012f Ukrainos ginkluot\u0105sias paj\u0117gas. Sportininkas atvirai&hellip;\n","protected":false},"author":2,"featured_media":268697,"comment_status":"","ping_status":"","sticky":false,"template":"","format":"standard","meta":{"footnotes":"","_share_on_mastodon":"0"},"categories":[19],"tags":[57,43,55,48,54,51,49,50,37,39,36,38,40,45,23,44,53,42,56,47,112,104,46,58,52],"class_list":["post-268696","post","type-post","status-publish","format-standard","has-post-thumbnail","category-sportas","tag-daiktai","tag-dienos-kronika","tag-gatves-tekstai","tag-gyvenimas","tag-interneto-pievos","tag-keliones","tag-kultura","tag-laisvalaikis","tag-lietuva","tag-lietuviu","tag-lithuania","tag-lithuanian","tag-lt","tag-mokslas-ir-it","tag-naujienos","tag-pasaulis","tag-projektai","tag-rinktiniai-tekstai","tag-simtmecio-portalas","tag-sportas","tag-sportas-lt","tag-sports","tag-verslas","tag-video","tag-zaidimai"],"share_on_mastodon":{"url":"https:\/\/pubeurope.com\/@lt\/117209220057455639","error":""},"_links":{"self":[{"href":"https:\/\/www.europesays.com\/lt\/wp-json\/wp\/v2\/posts\/268696","targetHints":{"allow":["GET"]}}],"collection":[{"href":"https:\/\/www.europesays.com\/lt\/wp-json\/wp\/v2\/posts"}],"about":[{"href":"https:\/\/www.europesays.com\/lt\/wp-json\/wp\/v2\/types\/post"}],"author":[{"embeddable":true,"href":"https:\/\/www.europesays.com\/lt\/wp-json\/wp\/v2\/users\/2"}],"replies":[{"embeddable":true,"href":"https:\/\/www.europesays.com\/lt\/wp-json\/wp\/v2\/comments?post=268696"}],"version-history":[{"count":0,"href":"https:\/\/www.europesays.com\/lt\/wp-json\/wp\/v2\/posts\/268696\/revisions"}],"wp:featuredmedia":[{"embeddable":true,"href":"https:\/\/www.europesays.com\/lt\/wp-json\/wp\/v2\/media\/268697"}],"wp:attachment":[{"href":"https:\/\/www.europesays.com\/lt\/wp-json\/wp\/v2\/media?parent=268696"}],"wp:term":[{"taxonomy":"category","embeddable":true,"href":"https:\/\/www.europesays.com\/lt\/wp-json\/wp\/v2\/categories?post=268696"},{"taxonomy":"post_tag","embeddable":true,"href":"https:\/\/www.europesays.com\/lt\/wp-json\/wp\/v2\/tags?post=268696"}],"curies":[{"name":"wp","href":"https:\/\/api.w.org\/{rel}","templated":true}]}}