{"id":268706,"date":"2026-09-03T21:46:35","date_gmt":"2026-09-03T21:46:35","guid":{"rendered":"https:\/\/www.europesays.com\/lt\/268706\/"},"modified":"2026-09-03T21:46:35","modified_gmt":"2026-09-03T21:46:35","slug":"olmo-pazere-kritikos-alvarezo-i-barcelona-neisleidusiam-atletico","status":"publish","type":"post","link":"https:\/\/www.europesays.com\/lt\/268706\/","title":{"rendered":"Olmo pa\u017e\u0117r\u0117 kritikos Alvarezo \u012f \u201eBarcelon\u0105\u201c nei\u0161leidusiam \u201eAtletico\u201c"},"content":{"rendered":"<p style=\"text-align: justify;\">\u201eBarcelonos\u201c garb\u0119 ginantis Dani Olmo sukritikavo Madrido \u201eAtletico\u201c sprendim\u0105 atsisakyti der\u0117tis su Ispanijos \u010dempionais d\u0117l Juliano Alvarezo pardavimo.<\/p>\n<p style=\"text-align: justify;\">\u201eNesuprantu \u201eAtletico\u201c pozicijos. Mes visi turime savo svajoni\u0173. Julianas \u0161iuo klausimu buvo ai\u0161kus. Jis akivaizd\u017eiai kovojo d\u0117l savo svajon\u0117s, bet galiausiai yra i\u0161orini\u0173 situacij\u0173, kuri\u0173 negali kontroliuoti\u201c, \u2013 teig\u0117 ispanas.<\/p>\n<p style=\"text-align: justify;\">Priminsime, jog \u201eBarcelona\u201c pateik\u0117 \u0161i\u0105 vasar\u0105 100 mln. eur\u0173 siekiant\u012f pasi\u016blym\u0105 u\u017e J. Alvarez\u0105. \u201eAtletico\u201c j\u012f atmet\u0117 ir atsisak\u0117 prad\u0117ti derybas, nepaisant \u017eaid\u0117jo i\u0161reik\u0161to atviro noro persikelti \u017eaisti pas var\u017eovus.<\/p>\n<p style=\"text-align: justify;\">\u201eAtletico\u201c generalinis direktorius Angelis Gilas Marinas pra\u0117jusi\u0105 savait\u0119 parei\u0161k\u0117, jog niekada neleis persikelti J. Alvarezui \u017eaisti \u012f \u201eBarcelon\u0105\u201c bei prane\u0161\u0117 FIFA bei Ispanijos futbolo federacijai d\u0117l \u012ftariamo neteis\u0117to katalon\u0173 bendradarbiavimo su puol\u0117ju.<\/p>\n<p style=\"text-align: justify;\">\u201eBarcelonos\u201c pagrindin\u0119 komand\u0105 \u0161i\u0105 vasar\u0105 papild\u0117 \u0161e\u0161i nauji \u017eaid\u0117jai, ta\u010diau katalon\u0173 pagrindinis taikinys buvo J. Alvarezas. Pasak ESPN \u0161altini\u0173, pastarasis atmet\u0117 \u201eArsenal\u201c pasi\u016blym\u0105 tik\u0117damasis galiausiai prisijungti prie katalon\u0173 ekipos.<\/p>\n<p style=\"text-align: justify;\">\u201eBarcelonos\u201c prezidentas Joanas Laporta dar pra\u0117jusi\u0105 savait\u0119 teig\u0117, jog klubas vis dar tikisi prisivilioti J. Alvarez\u0105. Visgi po to, kai tapo ai\u0161ku, kad \u201eAtletico\u201c savo \u017eaid\u0117jo tikrai neparduos, pastarieji darbus u\u017ebaig\u0117 \u012fsigydami Gabriel\u012f Jesus\u0105.<\/p>\n<p>\u201eGyvenimas t\u0119siasi. Tikim\u0117s tur\u0117ti ger\u0105 sezon\u0105, atsi\u017evelgiant \u012f komandos sud\u0117ties konkurencingum\u0105, nes \u012fsigijome gerus \u017eaid\u0117jus\u201c, \u2013 tikino D. Olmo.  \u00a0<\/p>\n","protected":false},"excerpt":{"rendered":"\u201eBarcelonos\u201c garb\u0119 ginantis Dani Olmo sukritikavo Madrido \u201eAtletico\u201c sprendim\u0105 atsisakyti der\u0117tis su Ispanijos \u010dempionais d\u0117l Juliano Alvarezo pardavimo.&hellip;\n","protected":false},"author":2,"featured_media":268707,"comment_status":"","ping_status":"","sticky":false,"template":"","format":"standard","meta":{"footnotes":"","_share_on_mastodon":"0"},"categories":[19],"tags":[57,43,55,48,54,51,49,50,37,39,36,38,40,45,23,44,53,42,56,47,112,104,46,58,52],"class_list":["post-268706","post","type-post","status-publish","format-standard","has-post-thumbnail","category-sportas","tag-daiktai","tag-dienos-kronika","tag-gatves-tekstai","tag-gyvenimas","tag-interneto-pievos","tag-keliones","tag-kultura","tag-laisvalaikis","tag-lietuva","tag-lietuviu","tag-lithuania","tag-lithuanian","tag-lt","tag-mokslas-ir-it","tag-naujienos","tag-pasaulis","tag-projektai","tag-rinktiniai-tekstai","tag-simtmecio-portalas","tag-sportas","tag-sportas-lt","tag-sports","tag-verslas","tag-video","tag-zaidimai"],"share_on_mastodon":{"url":"https:\/\/pubeurope.com\/@lt\/117209306541532898","error":""},"_links":{"self":[{"href":"https:\/\/www.europesays.com\/lt\/wp-json\/wp\/v2\/posts\/268706","targetHints":{"allow":["GET"]}}],"collection":[{"href":"https:\/\/www.europesays.com\/lt\/wp-json\/wp\/v2\/posts"}],"about":[{"href":"https:\/\/www.europesays.com\/lt\/wp-json\/wp\/v2\/types\/post"}],"author":[{"embeddable":true,"href":"https:\/\/www.europesays.com\/lt\/wp-json\/wp\/v2\/users\/2"}],"replies":[{"embeddable":true,"href":"https:\/\/www.europesays.com\/lt\/wp-json\/wp\/v2\/comments?post=268706"}],"version-history":[{"count":0,"href":"https:\/\/www.europesays.com\/lt\/wp-json\/wp\/v2\/posts\/268706\/revisions"}],"wp:featuredmedia":[{"embeddable":true,"href":"https:\/\/www.europesays.com\/lt\/wp-json\/wp\/v2\/media\/268707"}],"wp:attachment":[{"href":"https:\/\/www.europesays.com\/lt\/wp-json\/wp\/v2\/media?parent=268706"}],"wp:term":[{"taxonomy":"category","embeddable":true,"href":"https:\/\/www.europesays.com\/lt\/wp-json\/wp\/v2\/categories?post=268706"},{"taxonomy":"post_tag","embeddable":true,"href":"https:\/\/www.europesays.com\/lt\/wp-json\/wp\/v2\/tags?post=268706"}],"curies":[{"name":"wp","href":"https:\/\/api.w.org\/{rel}","templated":true}]}}