{"id":268712,"date":"2026-09-03T21:51:11","date_gmt":"2026-09-03T21:51:11","guid":{"rendered":"https:\/\/www.europesays.com\/lt\/268712\/"},"modified":"2026-09-03T21:51:11","modified_gmt":"2026-09-03T21:51:11","slug":"pamates-agnes-petravicienes-isvaizdos-pokycius-radzi-nesusilaike-reze-is-peties","status":"publish","type":"post","link":"https:\/\/www.europesays.com\/lt\/268712\/","title":{"rendered":"Pamat\u0119s Agn\u0117s Petravi\u010dien\u0117s i\u0161vaizdos poky\u010dius \u2013 Rad\u017ei nesusilaik\u0117: r\u0117\u017e\u0117 i\u0161 peties"},"content":{"rendered":"\n<p>\u012era\u0161\u0105 apie poky\u010dius ji pavie\u0161ino socialiniame tinkle Facebook.<\/p>\n<p>  Rad\u017ei nesusilaik\u0117 <\/p>\n<p>Jame galima matyti, kad atlik\u0117ja\u00a0nusprend\u0117 pakeisti \u0161ukuosen\u0105 \u2013 pa\u0161viesino plaukus. \u012era\u0161e moteris kalb\u0117jo:<\/p>\n<p>\u201eNa\u00a0va, parva\u017eiuoju i\u0161 kirpyklos ir dabar b\u016bsiu truput\u012f bliond\u0117&#8230;\u201c<\/p>\n<p>Netrukus po \u0161iuo \u012fra\u0161u pasipyl\u0117 komentarai, kuriuose gerb\u0117jai negail\u0117jo Agnei gra\u017ei\u0173 \u017eod\u017ei\u0173.<\/p>\n<p>O bi\u010diulis Rad\u017ei nusprend\u0117 pajuokauti ir \u012fgelti jai su jiems b\u016bdingu humoro prieskoniu.<\/p>\n<p>Dainininkas ra\u0161\u0117: \u201eNors kart\u0105 gra\u017eiai sutvarkyti plaukai! Pasirodo, ir Alytuje yra ger\u0173 plauk\u0173 specialist\u0173! Sveikinimai!\u201c<\/p>\n<p>     <a href=\"https:\/\/www.tv3.lt\/Uploads\/UGallery\/photos\/63\/a9\/de\/f7\/63a9def72fb68aa6f6bdcfd93cb6fbc1.jpg\" data-fancybox=\"photos-embed\" data-caption=\"Rad\u017ei, Agn\u0117 Petravi\u010dien\u0117 (nuotr. asm. archyvo, nuotr. stop kadras)\" target=\"_self\" rel=\"nofollow noopener\"> <img decoding=\"async\" class=\"photo-inside-article\" align=\"center\" alt=\"Rad\u017ei, Agn\u0117 Petravi\u010dien\u0117 (nuotr. asm. archyvo, nuotr. stop kadras)\" title=\"Rad\u017ei, Agn\u0117 Petravi\u010dien\u0117 (nuotr. asm. archyvo, nuotr. stop kadras)\" src=\"https:\/\/www.europesays.com\/lt\/wp-content\/uploads\/2026\/09\/63a9def72fb68aa6f6bdcfd93cb6fbc1.jpg\" width=\"684\" height=\"654\" loading=\"lazy\" \/> <\/a>        <\/p>\n<p>\n                                        \u0160altinis:<br \/>\n                                                                                    tv3.lt\n                                                                                <\/p>\n<p>Kvie\u010diame atrasti nauj\u0105 tv3.lt turin\u012f! Nuo \u0161iol portale j\u016bs\u0173 laukia ne tik <a href=\"https:\/\/www.tv3.lt\/testai\" rel=\"nofollow noopener\" target=\"_blank\">kasdien nauji testai<\/a>, bet ir <a href=\"https:\/\/www.tv3.lt\/kryziazodziai\" rel=\"nofollow noopener\" target=\"_blank\">kry\u017eia\u017eod\u017eiai <\/a>\u2013 i\u0161bandykite savo \u017einias, spr\u0119skite ir smagiai praleiskite laik\u0105. <\/p>\n","protected":false},"excerpt":{"rendered":"\u012era\u0161\u0105 apie poky\u010dius ji pavie\u0161ino socialiniame tinkle Facebook. Rad\u017ei nesusilaik\u0117 Jame galima matyti, kad atlik\u0117ja\u00a0nusprend\u0117 pakeisti \u0161ukuosen\u0105 \u2013&hellip;\n","protected":false},"author":2,"featured_media":268713,"comment_status":"","ping_status":"","sticky":false,"template":"","format":"standard","meta":{"footnotes":"","_share_on_mastodon":"0"},"categories":[21],"tags":[38811,57,43,113,55,48,54,51,49,50,37,39,36,38,40,45,23,44,114,53,42,56,47,41,46,58,52],"class_list":["post-268712","post","type-post","status-publish","format-standard","has-post-thumbnail","category-pramogos","tag-2026-09-03-135500","tag-daiktai","tag-dienos-kronika","tag-entertainment","tag-gatves-tekstai","tag-gyvenimas","tag-interneto-pievos","tag-keliones","tag-kultura","tag-laisvalaikis","tag-lietuva","tag-lietuviu","tag-lithuania","tag-lithuanian","tag-lt","tag-mokslas-ir-it","tag-naujienos","tag-pasaulis","tag-pramogos","tag-projektai","tag-rinktiniai-tekstai","tag-simtmecio-portalas","tag-sportas","tag-tv3-lt","tag-verslas","tag-video","tag-zaidimai"],"share_on_mastodon":{"url":"https:\/\/pubeurope.com\/@lt\/117209326609089117","error":""},"_links":{"self":[{"href":"https:\/\/www.europesays.com\/lt\/wp-json\/wp\/v2\/posts\/268712","targetHints":{"allow":["GET"]}}],"collection":[{"href":"https:\/\/www.europesays.com\/lt\/wp-json\/wp\/v2\/posts"}],"about":[{"href":"https:\/\/www.europesays.com\/lt\/wp-json\/wp\/v2\/types\/post"}],"author":[{"embeddable":true,"href":"https:\/\/www.europesays.com\/lt\/wp-json\/wp\/v2\/users\/2"}],"replies":[{"embeddable":true,"href":"https:\/\/www.europesays.com\/lt\/wp-json\/wp\/v2\/comments?post=268712"}],"version-history":[{"count":0,"href":"https:\/\/www.europesays.com\/lt\/wp-json\/wp\/v2\/posts\/268712\/revisions"}],"wp:featuredmedia":[{"embeddable":true,"href":"https:\/\/www.europesays.com\/lt\/wp-json\/wp\/v2\/media\/268713"}],"wp:attachment":[{"href":"https:\/\/www.europesays.com\/lt\/wp-json\/wp\/v2\/media?parent=268712"}],"wp:term":[{"taxonomy":"category","embeddable":true,"href":"https:\/\/www.europesays.com\/lt\/wp-json\/wp\/v2\/categories?post=268712"},{"taxonomy":"post_tag","embeddable":true,"href":"https:\/\/www.europesays.com\/lt\/wp-json\/wp\/v2\/tags?post=268712"}],"curies":[{"name":"wp","href":"https:\/\/api.w.org\/{rel}","templated":true}]}}