{"id":268724,"date":"2026-09-03T22:10:41","date_gmt":"2026-09-03T22:10:41","guid":{"rendered":"https:\/\/www.europesays.com\/lt\/268724\/"},"modified":"2026-09-03T22:10:41","modified_gmt":"2026-09-03T22:10:41","slug":"bayern-atsilikinejo-pries-antros-lygos-kluba-bet-galiausiai-dziaugesi-pergale-sportas-lt","status":"publish","type":"post","link":"https:\/\/www.europesays.com\/lt\/268724\/","title":{"rendered":"\u201eBayern\u201c atsilikin\u0117jo prie\u0161 antros lygos klub\u0105, bet galiausiai d\u017eiaug\u0117si pergale &#8211; Sportas.lt"},"content":{"rendered":"<ol>\n<li><a href=\"https:\/\/news.google.com\/rss\/articles\/CBMitwFBVV95cUxPdmJiMTkyLVk3SndmQjE5b18wcWlZUUFxWkNyeTdVLThkZTNZNW45OHk1VmY1X2V3VWp2NXBYU1Y3WnBsRVBTQzAyYVpmSWVVdlJsRTUtUHg5N215Z2FOdUZCVFl1TkpzQTdTQ185NWlpWjhOVWJid3ZrQjZHV0N1Mk9QeVMyOVd2b29HWktBa0R4TmVJcUJ2MkMzZUFxR1lmSzkzakdscTRuclFhNlVUQ1J5TDRKNnc?oc=5\" target=\"_blank\" rel=\"nofollow noopener\">\u201eBayern\u201c atsilikin\u0117jo prie\u0161 antros lygos klub\u0105, bet galiausiai d\u017eiaug\u0117si pergale<\/a>&nbsp;&nbsp;Sportas.lt<\/li>\n<li><a href=\"https:\/\/news.google.com\/rss\/articles\/CBMixwFBVV95cUxNRVJ1ekxMdkJ2OVgyblZKSnd2WlNVZFY4cGtYbV81RTNsU2ljQ1dwUE9IdEU2VGY1cGJ4LUV6MmtvY0U4Y3p2TTc5Skk2NlRtZW1qdHdzOTItTExpR1JjWjdDN2RKTXRXNnlSeldWTWw4SWNjVWdQY2VKMTV3Yk4ybXotU0JjMmlHRTQzMGY4cGlpamIzb0ZFeENBQzAwR2NQUE5tUU5Xc2hHLWtnY19COTd3OVJsTnhSbnFjc09oazJHZ2M0aFl3?oc=5\" target=\"_blank\" rel=\"nofollow noopener\">Tre\u010dios lygos \u010dempionai sugeb\u0117jo i\u0161g\u0105sdinti Vokietijos futbolo mil\u017ein\u0105<\/a>&nbsp;&nbsp;15min.lt<\/li>\n<li><a href=\"https:\/\/news.google.com\/rss\/articles\/CBMi1wFBVV95cUxPa05IMHNlT2MzenpWTTZfX19JUGl4VG5XZThMUGJsOVhXbzFsa3VGV3FrbVhRNFU1S0gyTDJxanYwVjh5SThEUXlEOFZSRE0tOVg2TnlTc1pCN0pTb1BzXzhOcFFHMW9rcm9HeTluVm9XY21RQW16ZjR0NjE4YlBzemFWRHl3VW5rTTQxdXBoLWdYMjNYRXU0LWEwM0lHMnlTYjNDU19PUjJMZXpONWZZdEVpWlBJb1hmc25hbGZIQ0xDZndqZnlVS2trc2FTR041NF9yUHhFZw?oc=5\" target=\"_blank\" rel=\"nofollow noopener\">\u201eBayern\u201c atsities\u0117 po ankstyvo \u012fvar\u010dio ir i\u0161kovojo pergal\u0119 prie\u0161 \u201eVfl Osnabruck\u201c Vokietijos taur\u0117je<\/a>&nbsp;&nbsp;tv3.lt<\/li>\n<li><a href=\"https:\/\/news.google.com\/rss\/articles\/CBMilgFBVV95cUxPOW56NDNRcklJNV9Nd29TZlFaR3hEZkpzd0lLc0d3RHhrLW5teXNCNUJxRmlISnVjTU5ScFZmRUlpT2QwRXBXMG8wM1BnV3FMcU9KVVBwOWJCU29rM1RiZVkwTUNjcjQtQWNicFYzc1RhT2ZIb053MC1lbjhMY3lvUndiSGlBWlhuRXhJVGhzSm93VU9CYUE?oc=5\" target=\"_blank\" rel=\"nofollow noopener\">Bayern pergale prad\u0117jo taur\u0117s keli\u0105: Osnabruc&#8230; &#8211; 2026-09-03<\/a>&nbsp;&nbsp;Sport24.lt<\/li>\n<\/ol>\n","protected":false},"excerpt":{"rendered":"\u201eBayern\u201c atsilikin\u0117jo prie\u0161 antros lygos klub\u0105, bet galiausiai d\u017eiaug\u0117si pergale&nbsp;&nbsp;Sportas.lt Tre\u010dios lygos \u010dempionai sugeb\u0117jo i\u0161g\u0105sdinti Vokietijos futbolo mil\u017ein\u0105&nbsp;&nbsp;15min.lt&hellip;\n","protected":false},"author":2,"featured_media":268725,"comment_status":"","ping_status":"","sticky":false,"template":"","format":"standard","meta":{"footnotes":"","_share_on_mastodon":"0"},"categories":[19],"tags":[57,43,55,48,54,51,49,50,37,39,36,38,40,45,23,44,53,42,56,47,112,104,46,58,52],"class_list":["post-268724","post","type-post","status-publish","format-standard","has-post-thumbnail","category-sportas","tag-daiktai","tag-dienos-kronika","tag-gatves-tekstai","tag-gyvenimas","tag-interneto-pievos","tag-keliones","tag-kultura","tag-laisvalaikis","tag-lietuva","tag-lietuviu","tag-lithuania","tag-lithuanian","tag-lt","tag-mokslas-ir-it","tag-naujienos","tag-pasaulis","tag-projektai","tag-rinktiniai-tekstai","tag-simtmecio-portalas","tag-sportas","tag-sportas-lt","tag-sports","tag-verslas","tag-video","tag-zaidimai"],"share_on_mastodon":{"url":"https:\/\/pubeurope.com\/@lt\/117209400951569230","error":""},"_links":{"self":[{"href":"https:\/\/www.europesays.com\/lt\/wp-json\/wp\/v2\/posts\/268724","targetHints":{"allow":["GET"]}}],"collection":[{"href":"https:\/\/www.europesays.com\/lt\/wp-json\/wp\/v2\/posts"}],"about":[{"href":"https:\/\/www.europesays.com\/lt\/wp-json\/wp\/v2\/types\/post"}],"author":[{"embeddable":true,"href":"https:\/\/www.europesays.com\/lt\/wp-json\/wp\/v2\/users\/2"}],"replies":[{"embeddable":true,"href":"https:\/\/www.europesays.com\/lt\/wp-json\/wp\/v2\/comments?post=268724"}],"version-history":[{"count":0,"href":"https:\/\/www.europesays.com\/lt\/wp-json\/wp\/v2\/posts\/268724\/revisions"}],"wp:featuredmedia":[{"embeddable":true,"href":"https:\/\/www.europesays.com\/lt\/wp-json\/wp\/v2\/media\/268725"}],"wp:attachment":[{"href":"https:\/\/www.europesays.com\/lt\/wp-json\/wp\/v2\/media?parent=268724"}],"wp:term":[{"taxonomy":"category","embeddable":true,"href":"https:\/\/www.europesays.com\/lt\/wp-json\/wp\/v2\/categories?post=268724"},{"taxonomy":"post_tag","embeddable":true,"href":"https:\/\/www.europesays.com\/lt\/wp-json\/wp\/v2\/tags?post=268724"}],"curies":[{"name":"wp","href":"https:\/\/api.w.org\/{rel}","templated":true}]}}