{"id":268750,"date":"2026-09-04T01:56:12","date_gmt":"2026-09-04T01:56:12","guid":{"rendered":"https:\/\/www.europesays.com\/lt\/268750\/"},"modified":"2026-09-04T01:56:12","modified_gmt":"2026-09-04T01:56:12","slug":"po-hibridines-drono-atakos-vokietijos-oro-uoste-identifikuoti-du-itariamieji-respublika-lt","status":"publish","type":"post","link":"https:\/\/www.europesays.com\/lt\/268750\/","title":{"rendered":"Po hibridin\u0117s drono atakos Vokietijos oro uoste identifikuoti du \u012ftariamieji &#8211; Respublika.lt"},"content":{"rendered":"<p><img loading=\"lazy\" decoding=\"async\" src=\"https:\/\/www.respublika.lt\/lt\/naujienos\/pasaulis\/kitos_pasaulio_naujienos\/ziniasklaida-nustatyti-du-rusai-itariami-vykde-hibridini-ispuoli-vokietijos-oro-uoste\/images\/ico_camera_white.gif\" class=\"camera\" width=\"22\" height=\"15\" alt=\"nuotr.\" style=\"position:relative; top:-2px; right:2px;\"\/> 1 nuotr.<\/p>\n<p>Rugpj\u016b\u010dio 4 d. Leipcigo oro uoste buvo bandoma surengti i\u0161puol\u012f. EPA-Eltos nuotr.<\/p>\n<p style=\"text-align: justify;\" class=\"desktop_banner\">\u00a0<\/p>\n<p style=\"text-align: left;\">Antradien\u012f Vokietijos vyriausyb\u0117 d\u0117l incidento Leipcigo oro uoste apkaltino Rusij\u0105, teigdama, kad ji naudojosi \u201e\u017eemo rango agentais\u201c, ir paskelb\u0117 apie atsakom\u0105sias priemones, tarp kuri\u0173 \u2013 Rusijos konsulato Bonoje ir Rusijos kult\u016bros centro Berlyne u\u017edarymas.<\/p>\n<p style=\"text-align: left;\">Kaip prane\u0161a dienra\u0161tis \u201eSueddeutsche Zeitung\u201c (SZ) ir regioniniai visuomeniniai transliuotojai NDR bei WDR, pirmasis \u012ftariamasis yra Baltarusijos pilietis, turintis ir Rusijos pas\u0105, kuris, kaip manoma, \u012f \u0160engeno erdv\u0119 atvyko su Minske i\u0161duota Italijos turistine viza.<\/p>\n<p style=\"text-align: left;\">\u017diniasklaidos \u0161altini\u0173 teigimu, \u0161is vyras, kurio DNR, kaip prane\u0161ama, buvo rasta oro uoste, jau anks\u010diau buvo atkreip\u0119s \u012f save teis\u0117saugos d\u0117mes\u012f d\u0117l nusikaltim\u0173, padaryt\u0173 Baltijos \u0161alyse.<\/p>\n<p style=\"text-align: left;\">Manoma, kad antrasis \u012ftariamasis, kuris, kaip prane\u0161ama, turi tiek Latvijos, tiek Rusijos pasus, vykdant \u0161\u012f hibridin\u012f i\u0161puol\u012f atliko logistikos koordinatoriaus ir instruktoriaus vaidmen\u012f.<\/p>\n<p style=\"text-align: left;\">Teigiama, kad liepos pabaigoje atvyk\u0119s \u012f Berlyno oro uost\u0105 jis i\u0161sinuomojo automobil\u012f, kuriuo nuvyko \u012f Leipcigo region\u0105, o po to, likus dviem dienoms iki \u012ftariamo i\u0161puolio, i\u0161 Vokietijos i\u0161vyko.<\/p>\n<p style=\"text-align: left;\">Kaip prane\u0161ama, \u0161i\u0173 dviej\u0173 vyr\u0173 tapatyb\u0117 buvo nustatyta pagal DNR p\u0117dsakus, kuriuos policija rado oro uoste ir jo apylink\u0117se: ant drono, sprogmenimis u\u017epildytoje skardin\u0117je ir ant prie med\u017eio pritvirtintos antenos.<\/p>\n<p style=\"text-align: left;\">T\u0173 pa\u010di\u0173 \u017einiasklaidos \u0161altini\u0173 duomenimis, pasitelkus Europos duomen\u0173 bazes, buvo galima nustatyti atitikmenis, ypa\u010d Lietuvoje ir Suomijoje, kuriuos patvirtino \u017evalgybos tarnyb\u0173 informacija.<\/p>\n<p style=\"text-align: left;\">Dronas buvo aptiktas Leipcigo oro uosto saugomoje krovini\u0173 tvarkymo zonoje, pad\u0117tas \u0161alia Ukrainos krovininio l\u0117ktuvo.<\/p>\n<p style=\"text-align: left;\">Pasak Vokietijos spaudos, v\u0117liau netoli oro uosto buvo rastas dar vienas dronas, kuriame taip pat buvo rasta sprogstam\u0173j\u0173 med\u017eiag\u0173 p\u0117dsak\u0173.<\/p>\n<p style=\"text-align: left;\">Rusijos prezidentas Vladimiras Putinas antradien\u012f parei\u0161k\u0117, kad taip reaguodama Vokietija daro \u201eklaid\u0105, ir dar rimt\u0105\u201c.<\/p>\n<p style=\"text-align: left;\">Rusija tre\u010diadien\u012f paskelb\u0117 i\u0161kvie\u010dianti Vokietijos laikinuosius reikal\u0173 patik\u0117tinius, kad pareik\u0161t\u0173 protest\u0105 d\u0117l, jos teigimu, \u201eantirusi\u0161k\u0173 Vokietijos vald\u017eios institucij\u0173 veiksm\u0173 ir parei\u0161kim\u0173\u201c.<\/p>\n","protected":false},"excerpt":{"rendered":"1 nuotr. Rugpj\u016b\u010dio 4 d. Leipcigo oro uoste buvo bandoma surengti i\u0161puol\u012f. EPA-Eltos nuotr. \u00a0 Antradien\u012f Vokietijos vyriausyb\u0117&hellip;\n","protected":false},"author":2,"featured_media":268751,"comment_status":"","ping_status":"","sticky":false,"template":"","format":"standard","meta":{"footnotes":"","_share_on_mastodon":"0"},"categories":[6],"tags":[25,30,31,34,35,24,7994,32,33,38841,37,39,36,38,40,23,22,3929,376,28,29,119,26,27,4033,320],"class_list":["post-268750","post","type-post","status-publish","format-standard","has-post-thumbnail","category-antrastes","tag-antrastes","tag-breaking-news","tag-breakingnews","tag-featured-news","tag-featurednews","tag-headlines","tag-itariamieji","tag-latest-news","tag-latestnews","tag-leipzigas-halle","tag-lietuva","tag-lietuviu","tag-lithuania","tag-lithuanian","tag-lt","tag-naujienos","tag-news","tag-nusikaltimas","tag-oro","tag-populiariausios-naujienos","tag-populiariausiosnaujienos","tag-rusija","tag-top-stories","tag-topstories","tag-uostas","tag-vokietija"],"share_on_mastodon":{"url":"https:\/\/pubeurope.com\/@lt\/117210289842354751","error":""},"_links":{"self":[{"href":"https:\/\/www.europesays.com\/lt\/wp-json\/wp\/v2\/posts\/268750","targetHints":{"allow":["GET"]}}],"collection":[{"href":"https:\/\/www.europesays.com\/lt\/wp-json\/wp\/v2\/posts"}],"about":[{"href":"https:\/\/www.europesays.com\/lt\/wp-json\/wp\/v2\/types\/post"}],"author":[{"embeddable":true,"href":"https:\/\/www.europesays.com\/lt\/wp-json\/wp\/v2\/users\/2"}],"replies":[{"embeddable":true,"href":"https:\/\/www.europesays.com\/lt\/wp-json\/wp\/v2\/comments?post=268750"}],"version-history":[{"count":0,"href":"https:\/\/www.europesays.com\/lt\/wp-json\/wp\/v2\/posts\/268750\/revisions"}],"wp:featuredmedia":[{"embeddable":true,"href":"https:\/\/www.europesays.com\/lt\/wp-json\/wp\/v2\/media\/268751"}],"wp:attachment":[{"href":"https:\/\/www.europesays.com\/lt\/wp-json\/wp\/v2\/media?parent=268750"}],"wp:term":[{"taxonomy":"category","embeddable":true,"href":"https:\/\/www.europesays.com\/lt\/wp-json\/wp\/v2\/categories?post=268750"},{"taxonomy":"post_tag","embeddable":true,"href":"https:\/\/www.europesays.com\/lt\/wp-json\/wp\/v2\/tags?post=268750"}],"curies":[{"name":"wp","href":"https:\/\/api.w.org\/{rel}","templated":true}]}}