{"id":268768,"date":"2026-09-04T03:32:18","date_gmt":"2026-09-04T03:32:18","guid":{"rendered":"https:\/\/www.europesays.com\/lt\/268768\/"},"modified":"2026-09-04T03:32:18","modified_gmt":"2026-09-04T03:32:18","slug":"planuojate-pirkti-busta-ekspertas-pasiunte-zinia-tv3-lt","status":"publish","type":"post","link":"https:\/\/www.europesays.com\/lt\/268768\/","title":{"rendered":"Planuojate pirkti b\u016bst\u0105? Ekspertas pasiunt\u0117 \u017eini\u0105 &#8211; tv3.lt"},"content":{"rendered":"<ol>\n<li><a href=\"https:\/\/news.google.com\/rss\/articles\/CBMimAFBVV95cUxNLXlWRTJRbVEwX1R0aTU1aWVUS3RQa2lWdXdTcF9WWE5HdWM0OGFieno0QUsyQ2ZmUFRmZm5oZDlwUW44QjkwTmNCYjVhWTRibk9GTXhRaFJVS0U0MjVVa1VZcUlBWGVwSjZwTC1sRGxBYXY3SDF5ajhxMzQ4LXB4dGM3UGRFa1FuWDZLOWpqRDM3VE1PYTI2LQ?oc=5\" target=\"_blank\" rel=\"nofollow noopener\">Planuojate pirkti b\u016bst\u0105? Ekspertas pasiunt\u0117 \u017eini\u0105<\/a>&nbsp;&nbsp;tv3.lt<\/li>\n<li><a href=\"https:\/\/news.google.com\/rss\/articles\/CBMivgFBVV95cUxOTEx4T21JWHprWDVrUk81dUNhOHhrZkpMQklVRUFlbC1lWVBpVjgxQVdVVlRmZ0tyZlhpMi1KMXUwSWRBRm01X1BWXy1VQ3RsMjZicnZPMGpmWDdRVjBLdllNMngxUlNYOU5fSVlnZTJVTndEckpDcDRlU3FSdnl0V2ZDUHY0alExdWEyT3EwZ3VBdWpyS05IQ1VmWjh3eS11X2N1d1RlR09KU0FiYThIQnNseHg0YjU1aGhSRi1R?oc=5\" target=\"_blank\" rel=\"nofollow noopener\">B\u016bsto kain\u0173 pikas jau pasiektas \u2013 kas laukia \u0161alies ekonomikos?<\/a>&nbsp;&nbsp;kauno.diena.lt<\/li>\n<li><a href=\"https:\/\/news.google.com\/rss\/articles\/CBMitwFBVV95cUxPalhwXzdtVEZBXzllb0VjTFphaldrSDZoV1EyWktVUlRpT19RcGY2TjNkNElleVZ4YVRiOWswLU5WdGk0YVN6VGVINkpEUDljRUYtUUFTX2ZIdl85Qkl4RjdzNVdLbnNXT01RRWl1RXJlRU42U1R2TVR0eHJSaTdFQjNnNENQaWZ2Tlk3WW54UzJFdFdybWk4VDBZYm1vTFp2U18tME81em1STW4yVU5jX3RFMnhTeVU?oc=5\" target=\"_blank\" rel=\"nofollow noopener\">Ekonomistas: b\u016bsto perkamumas prast\u0117ja, sandori\u0173 skai\u010dius kit\u0105met gali ma\u017e\u0117ti per 3 proc.<\/a>&nbsp;&nbsp;laikas.lt<\/li>\n<li><a href=\"https:\/\/news.google.com\/rss\/articles\/CBMiqwFBVV95cUxQRG9ibF9RRlN0ZnVKYXNtbjVUOTFUaF9BeHptaE9hQmNqRGRxdVJ1S0ZVNmotdUUzZmh2WUVlQU5yTUlYWll0TVFuUl9XSmtCRk1jZnQzd0ZBWFVQM1BwTGZxUFBPQlRBcXk0b0NLZTVRaHg4YVF1LWtqbFF1bzFheUUtb0c0c19MeEd1YzFFWXRXeVcxT0kzeDJMUmU2Y2NQXzhKT0ZCZ0RfTlk?oc=5\" target=\"_blank\" rel=\"nofollow noopener\">B\u016bsto perkamumas ma\u017e\u0117ja, o sandori\u0173 gali b\u016bti ma\u017eiau<\/a>&nbsp;&nbsp;delfi.lt<\/li>\n<\/ol>\n","protected":false},"excerpt":{"rendered":"Planuojate pirkti b\u016bst\u0105? Ekspertas pasiunt\u0117 \u017eini\u0105&nbsp;&nbsp;tv3.lt B\u016bsto kain\u0173 pikas jau pasiektas \u2013 kas laukia \u0161alies ekonomikos?&nbsp;&nbsp;kauno.diena.lt Ekonomistas: b\u016bsto&hellip;\n","protected":false},"author":2,"featured_media":268769,"comment_status":"","ping_status":"","sticky":false,"template":"","format":"standard","meta":{"footnotes":"","_share_on_mastodon":"0"},"categories":[17],"tags":[38843,81,57,43,55,48,54,51,49,50,37,39,36,38,40,45,23,44,53,42,56,47,41,46,58,52],"class_list":["post-268768","post","type-post","status-publish","format-standard","has-post-thumbnail","category-verslas","tag-2026-08-29-123021","tag-business","tag-daiktai","tag-dienos-kronika","tag-gatves-tekstai","tag-gyvenimas","tag-interneto-pievos","tag-keliones","tag-kultura","tag-laisvalaikis","tag-lietuva","tag-lietuviu","tag-lithuania","tag-lithuanian","tag-lt","tag-mokslas-ir-it","tag-naujienos","tag-pasaulis","tag-projektai","tag-rinktiniai-tekstai","tag-simtmecio-portalas","tag-sportas","tag-tv3-lt","tag-verslas","tag-video","tag-zaidimai"],"share_on_mastodon":{"url":"https:\/\/pubeurope.com\/@lt\/117210667072056444","error":""},"_links":{"self":[{"href":"https:\/\/www.europesays.com\/lt\/wp-json\/wp\/v2\/posts\/268768","targetHints":{"allow":["GET"]}}],"collection":[{"href":"https:\/\/www.europesays.com\/lt\/wp-json\/wp\/v2\/posts"}],"about":[{"href":"https:\/\/www.europesays.com\/lt\/wp-json\/wp\/v2\/types\/post"}],"author":[{"embeddable":true,"href":"https:\/\/www.europesays.com\/lt\/wp-json\/wp\/v2\/users\/2"}],"replies":[{"embeddable":true,"href":"https:\/\/www.europesays.com\/lt\/wp-json\/wp\/v2\/comments?post=268768"}],"version-history":[{"count":0,"href":"https:\/\/www.europesays.com\/lt\/wp-json\/wp\/v2\/posts\/268768\/revisions"}],"wp:featuredmedia":[{"embeddable":true,"href":"https:\/\/www.europesays.com\/lt\/wp-json\/wp\/v2\/media\/268769"}],"wp:attachment":[{"href":"https:\/\/www.europesays.com\/lt\/wp-json\/wp\/v2\/media?parent=268768"}],"wp:term":[{"taxonomy":"category","embeddable":true,"href":"https:\/\/www.europesays.com\/lt\/wp-json\/wp\/v2\/categories?post=268768"},{"taxonomy":"post_tag","embeddable":true,"href":"https:\/\/www.europesays.com\/lt\/wp-json\/wp\/v2\/tags?post=268768"}],"curies":[{"name":"wp","href":"https:\/\/api.w.org\/{rel}","templated":true}]}}