{"id":268770,"date":"2026-09-04T03:37:14","date_gmt":"2026-09-04T03:37:14","guid":{"rendered":"https:\/\/www.europesays.com\/lt\/268770\/"},"modified":"2026-09-04T03:37:14","modified_gmt":"2026-09-04T03:37:14","slug":"real-svarsto-galimybe-atleisti-girta-uz-vairo-pagauta-futbolininka","status":"publish","type":"post","link":"https:\/\/www.europesays.com\/lt\/268770\/","title":{"rendered":"\u201eReal\u201c svarsto galimyb\u0119 atleisti girt\u0105 u\u017e vairo pagaut\u0105 futbolinink\u0105"},"content":{"rendered":"<p>Madrido \u201eReal\u201c prad\u0117jo drausmin\u0119 proced\u016br\u0105 prie\u0161 Raul\u012f Asencio. Klubas sprendim\u0105 pri\u0117m\u0117 po to, kai futbolininkas buvo nubaustas u\u017e vairavim\u0105 i\u0161g\u0117rus. Dabar klubas atliks vidin\u012f tyrim\u0105 ir, priklausomai nuo pa\u017eeidimo vertinimo, gali skirti finansin\u0119 ar kitoki\u0105 sankcij\u0105.<\/p>\n<p>R. Asencio rugpj\u016b\u010dio 16 dien\u0105 Gran Kanarijoje buvo sustabdytas policijos pareig\u016bn\u0173. Atlikus patikrinim\u0105, jo organizme nustatyta 0,90 mg\/l alkoholio i\u0161kv\u0117ptame ore, nors leistina riba siekia 0,25 mg\/l. Futbolininkas pripa\u017eino pa\u017eeidim\u0105 ir rugpj\u016b\u010dio 19 dien\u0105 greitosios teisenos procese buvo nubaustas 14 400 eur\u0173 bauda bei a\u0161tuoniems m\u0117nesiams neteko teis\u0117s vairuoti.<\/p>\n<p>\u201eReal\u201c vidinis procesas yra atskiras nuo teismo skirtos bausm\u0117s. Klubas vertins, ar R. Asencio elgesys pa\u017eeid\u0117 jo sutartinius \u012fsipareigojimus ar vidines taisykles bei pakenk\u0117 klubo \u012fvaizd\u017eiui. Ispanijos profesionali\u0173 futbolinink\u0173 kolektyvin\u0117je sutartyje prie rimt\u0173 pa\u017eeidim\u0173 priskiriamas ir elgesys u\u017e aik\u0161t\u0117s rib\u0173, kuris gali reik\u0161mingai pakenkti klubo \u012fvaizd\u017eiui.<\/p>\n<p>Pagal \u0161ias taisykles u\u017e rimt\u0105 pa\u017eeidim\u0105 gali b\u016bti skiriamas laikinas nu\u0161alinimas nuo darbo ir atlyginimo bei finansin\u0117 bauda, o u\u017e labai rimt\u0105 pa\u017eeidim\u0105 galimos grie\u017etesn\u0117s sankcijos. Kra\u0161tutiniu atveju taisykl\u0117s numato ir sutarties nutraukim\u0105. Galutin\u012f sprendim\u0105 R. Asencio atveju priims pats \u201eReal\u201c, u\u017ebaig\u0119s vidin\u012f tyrim\u0105.<\/p>\n<p>Situacij\u0105 komentavo ir vyriausiasis \u201eReal\u201c treneris Jose Mourinho. Jis patvirtino, kad klubas R. Asencio at\u017evilgiu prad\u0117jo drausmin\u0119 proced\u016br\u0105, ta\u010diau kol ji n\u0117ra baigta, futbolinink\u0105 laiko komandos \u017eaid\u0117ju. R. Asencio \u0161iuo metu nerungtyniauja d\u0117l traumos ir, pasak trenerio, \u012f aik\u0161t\u0119 netur\u0117t\u0173 gr\u012f\u017eti dar bent kelias savaites.<\/p>\n<p>R. Asencio \u0161iuo metu susiduria ir su kita teisine byla, susijusia su 2023 metais Gran Kanarijoje nufilmuotu ir be leidimo platintu seksualinio pob\u016bd\u017eio vaizdo \u012fra\u0161u, kurioje fig\u016bravo nepilnamet\u0117. Futbolininkas buvo kaltinamas jo parodymu kitam asmeniui, taip prisidedant prie vaik\u0173 pornografijos platinimo, ta\u010diau \u0161iandien vykusiame teismo procese abi byloje nukent\u0117jusios moterys parei\u0161k\u0117 jam atleid\u017eian\u010dios. Po j\u0173 atleidimo kaltinimas d\u0117l paslap\u010di\u0173 atskleidimo R. Asencio buvo panaikintas, o futbolininkas i\u0161teisintas.<\/p>\n<p>R. Asencio \u0161ioje byloje nebuvo kaltinamas vaizdo \u012fra\u0161o suk\u016brimu. Kartu su juo byloje buvo nagrin\u0117jami dar trys buv\u0119 \u201eReal\u201c akademijos futbolininkai \u2013 Ferran Ruizas, Juanas Rodriguezas ir Andresas Garcia. Jie buvo pripa\u017einti kaltais d\u0117l vaik\u0173 pornografijos ir jiems skirtos vieneri\u0173 met\u0173 laisv\u0117s at\u0117mimo bausm\u0117s, kurios vykdymas atid\u0117tas.<\/p>\n<p>Vis d\u0117lto \u0161iandien priimtas sprendimas seksualinio vaizdo \u012fra\u0161o byloje neu\u017ebaigia \u201eReal\u201c prad\u0117to vidinio tyrimo d\u0117l vairavimo i\u0161g\u0117rus. Klubas atskirai spr\u0119s, ar u\u017e \u0161\u012f incident\u0105 R. Asencio bus skirta drausmin\u0117 sankcija ir kokio dyd\u017eio ji bus.<\/p>\n<p>R. Asencio \u0161\u012f sezon\u0105 dar n\u0117ra su\u017eaid\u0119s n\u0117 vien\u0173 oficiali\u0173 rungtyni\u0173 d\u0117l traumos.<\/p>\n<p>\u00a0<\/p>\n","protected":false},"excerpt":{"rendered":"Madrido \u201eReal\u201c prad\u0117jo drausmin\u0119 proced\u016br\u0105 prie\u0161 Raul\u012f Asencio. Klubas sprendim\u0105 pri\u0117m\u0117 po to, kai futbolininkas buvo nubaustas u\u017e&hellip;\n","protected":false},"author":2,"featured_media":268771,"comment_status":"","ping_status":"","sticky":false,"template":"","format":"standard","meta":{"footnotes":"","_share_on_mastodon":"0"},"categories":[19],"tags":[57,43,55,48,54,51,49,50,37,39,36,38,40,45,23,44,53,42,56,47,112,104,46,58,52],"class_list":["post-268770","post","type-post","status-publish","format-standard","has-post-thumbnail","category-sportas","tag-daiktai","tag-dienos-kronika","tag-gatves-tekstai","tag-gyvenimas","tag-interneto-pievos","tag-keliones","tag-kultura","tag-laisvalaikis","tag-lietuva","tag-lietuviu","tag-lithuania","tag-lithuanian","tag-lt","tag-mokslas-ir-it","tag-naujienos","tag-pasaulis","tag-projektai","tag-rinktiniai-tekstai","tag-simtmecio-portalas","tag-sportas","tag-sportas-lt","tag-sports","tag-verslas","tag-video","tag-zaidimai"],"share_on_mastodon":{"url":"https:\/\/pubeurope.com\/@lt\/117210686982311932","error":""},"_links":{"self":[{"href":"https:\/\/www.europesays.com\/lt\/wp-json\/wp\/v2\/posts\/268770","targetHints":{"allow":["GET"]}}],"collection":[{"href":"https:\/\/www.europesays.com\/lt\/wp-json\/wp\/v2\/posts"}],"about":[{"href":"https:\/\/www.europesays.com\/lt\/wp-json\/wp\/v2\/types\/post"}],"author":[{"embeddable":true,"href":"https:\/\/www.europesays.com\/lt\/wp-json\/wp\/v2\/users\/2"}],"replies":[{"embeddable":true,"href":"https:\/\/www.europesays.com\/lt\/wp-json\/wp\/v2\/comments?post=268770"}],"version-history":[{"count":0,"href":"https:\/\/www.europesays.com\/lt\/wp-json\/wp\/v2\/posts\/268770\/revisions"}],"wp:featuredmedia":[{"embeddable":true,"href":"https:\/\/www.europesays.com\/lt\/wp-json\/wp\/v2\/media\/268771"}],"wp:attachment":[{"href":"https:\/\/www.europesays.com\/lt\/wp-json\/wp\/v2\/media?parent=268770"}],"wp:term":[{"taxonomy":"category","embeddable":true,"href":"https:\/\/www.europesays.com\/lt\/wp-json\/wp\/v2\/categories?post=268770"},{"taxonomy":"post_tag","embeddable":true,"href":"https:\/\/www.europesays.com\/lt\/wp-json\/wp\/v2\/tags?post=268770"}],"curies":[{"name":"wp","href":"https:\/\/api.w.org\/{rel}","templated":true}]}}