{"id":268780,"date":"2026-09-04T04:01:09","date_gmt":"2026-09-04T04:01:09","guid":{"rendered":"https:\/\/www.europesays.com\/lt\/268780\/"},"modified":"2026-09-04T04:01:09","modified_gmt":"2026-09-04T04:01:09","slug":"prancuzijoje-suimtas-kyliana-mbappe-pagrobti-ketines-18-metis-ir-jo-bendrai","status":"publish","type":"post","link":"https:\/\/www.europesays.com\/lt\/268780\/","title":{"rendered":"Pranc\u016bzijoje suimtas Kylian\u0105 Mbappe pagrobti ketin\u0119s 18-metis ir jo bendrai"},"content":{"rendered":"<p>Kylianas Mbappe buvo tarp garsi\u0173 \u017emoni\u0173, kuriuos Pranc\u016bzijoje es\u0105 planavo pagrobti nusikalstama grup\u0117. Tarp galim\u0173 taikini\u0173 buvo futbolininkai, reperiai ir pasiturintys verslininkai. Apie galim\u0105 plan\u0105 prane\u0161\u0117 Pranc\u016bzijos leidinys \u201eLe Parisien\u201c, remdamasis vykstan\u010dio tyrimo informacija.<\/p>\n<p>Tyrimo centre atsid\u016br\u0117 18-metis pranc\u016bzas ir \u0161veicaras Clementas L., \u017einomas slapyvard\u017eiu \u201eLester Z\u201c. Rugpj\u016b\u010dio 21 dien\u0105 Nantero mieste jam ir jo galimam bendrininkui buvo pareik\u0161ti kaltinimai d\u0117l organizuoto pl\u0117\u0161imo. Clementas L. \u0161iuo metu yra suimtas ir laikomas atskirai nuo kit\u0173 kalini\u0173.<\/p>\n<p>Tyr\u0117jai \u012ftaria, kad jaunuolis buvo susij\u0119s su virtine i\u0161puoli\u0173 prie\u0161 \u017emoni\u0173 namus ir rengtais pagrobimais. Nusikalstama veikla, kuri\u0105 policija \u0161iuo metu tiria, gal\u0117jo b\u016bti vykdoma arba ruo\u0161iama nuo baland\u017eio 11 iki rugpj\u016b\u010dio 19 dienos \u012fvairiose Pranc\u016bzijos vietose.<\/p>\n<p>\u012e K. Mbappe tyr\u0117jai atkreip\u0117 d\u0117mes\u012f i\u0161analizav\u0119 du Clementui L. priklausiusius telefonus. Juose buvo rasta informacija apie 26 \u017emones ir j\u0173 gyvenam\u0173j\u0173 viet\u0173 adresus. Tarp s\u0105ra\u0161e buvusi\u0173 asmen\u0173 buvo turting\u0173 verslinink\u0173, prekybinink\u0173, atlik\u0117j\u0173 ir sportinink\u0173. K. Mbappe buvo vienas i\u0161 s\u0105ra\u0161e nurodyt\u0173 \u017emoni\u0173.<\/p>\n<p>Pasak tyrimo informacijos, galimi nusikaltimai buvo organizuojami net Clementui L. esant kal\u0117jime. \u012etariama, kad jis su bendrininkais bendravo naudodamasis \u201eSnapchat\u201c ir i\u0161 savo kameros gal\u0117jo perduoti nurodymus. B\u016btent dviej\u0173 jo telefon\u0173 duomen\u0173 analiz\u0117 policijai pad\u0117jo nustatyti galim\u0173 nusikaltim\u0173 taikinius.<\/p>\n<p>K. Mbappe atvejis i\u0161siskiria tuo, kad Pranc\u016bzijos rinktin\u0117s kapitonas buvo \u012ftrauktas \u012f s\u0105ra\u0161\u0105 tarp \u017emoni\u0173, kuriuos nusikalt\u0117liai es\u0105 laik\u0117 itin turtingais taikiniais. Vis d\u0117lto \u0161iuo metu n\u0117ra informacijos, kad futbolininko pagrobimo planas b\u016bt\u0173 buv\u0119s prad\u0117tas \u012fgyvendintas ar kad pats K. Mbappe b\u016bt\u0173 buv\u0119s tiesiogiai u\u017epultas. Tyrimas toliau ai\u0161kinasi, kiek konkre\u010diai buvo pa\u017eeng\u0119 planai d\u0117l kiekvieno s\u0105ra\u0161e esan\u010dio \u017emogaus.<\/p>\n<p>K. Mbappe \u0161iuo metu yra Madrido \u201eReal\u201c futbolininkas ir Pranc\u016bzijos rinktin\u0117s kapitonas. Apie galim\u0105 jo \u012ftraukim\u0105 \u012f nusikalstamos grup\u0117s taikini\u0173 s\u0105ra\u0161\u0105 vie\u0161ai paskelbta atliekant tyrim\u0105 d\u0117l kit\u0173 i\u0161puoli\u0173.<\/p>\n<p>\u00a0<\/p>\n","protected":false},"excerpt":{"rendered":"Kylianas Mbappe buvo tarp garsi\u0173 \u017emoni\u0173, kuriuos Pranc\u016bzijoje es\u0105 planavo pagrobti nusikalstama grup\u0117. Tarp galim\u0173 taikini\u0173 buvo futbolininkai,&hellip;\n","protected":false},"author":2,"featured_media":268781,"comment_status":"","ping_status":"","sticky":false,"template":"","format":"standard","meta":{"footnotes":"","_share_on_mastodon":"0"},"categories":[19],"tags":[57,43,55,48,54,51,49,50,37,39,36,38,40,45,23,44,53,42,56,47,112,104,46,58,52],"class_list":["post-268780","post","type-post","status-publish","format-standard","has-post-thumbnail","category-sportas","tag-daiktai","tag-dienos-kronika","tag-gatves-tekstai","tag-gyvenimas","tag-interneto-pievos","tag-keliones","tag-kultura","tag-laisvalaikis","tag-lietuva","tag-lietuviu","tag-lithuania","tag-lithuanian","tag-lt","tag-mokslas-ir-it","tag-naujienos","tag-pasaulis","tag-projektai","tag-rinktiniai-tekstai","tag-simtmecio-portalas","tag-sportas","tag-sportas-lt","tag-sports","tag-verslas","tag-video","tag-zaidimai"],"share_on_mastodon":{"url":"https:\/\/pubeurope.com\/@lt\/117210781291594884","error":""},"_links":{"self":[{"href":"https:\/\/www.europesays.com\/lt\/wp-json\/wp\/v2\/posts\/268780","targetHints":{"allow":["GET"]}}],"collection":[{"href":"https:\/\/www.europesays.com\/lt\/wp-json\/wp\/v2\/posts"}],"about":[{"href":"https:\/\/www.europesays.com\/lt\/wp-json\/wp\/v2\/types\/post"}],"author":[{"embeddable":true,"href":"https:\/\/www.europesays.com\/lt\/wp-json\/wp\/v2\/users\/2"}],"replies":[{"embeddable":true,"href":"https:\/\/www.europesays.com\/lt\/wp-json\/wp\/v2\/comments?post=268780"}],"version-history":[{"count":0,"href":"https:\/\/www.europesays.com\/lt\/wp-json\/wp\/v2\/posts\/268780\/revisions"}],"wp:featuredmedia":[{"embeddable":true,"href":"https:\/\/www.europesays.com\/lt\/wp-json\/wp\/v2\/media\/268781"}],"wp:attachment":[{"href":"https:\/\/www.europesays.com\/lt\/wp-json\/wp\/v2\/media?parent=268780"}],"wp:term":[{"taxonomy":"category","embeddable":true,"href":"https:\/\/www.europesays.com\/lt\/wp-json\/wp\/v2\/categories?post=268780"},{"taxonomy":"post_tag","embeddable":true,"href":"https:\/\/www.europesays.com\/lt\/wp-json\/wp\/v2\/tags?post=268780"}],"curies":[{"name":"wp","href":"https:\/\/api.w.org\/{rel}","templated":true}]}}