{"id":268812,"date":"2026-09-04T04:59:30","date_gmt":"2026-09-04T04:59:30","guid":{"rendered":"https:\/\/www.europesays.com\/lt\/268812\/"},"modified":"2026-09-04T04:59:30","modified_gmt":"2026-09-04T04:59:30","slug":"lea-fiksuotos-elektros-kainos-per-savaite-toliau-mazejo","status":"publish","type":"post","link":"https:\/\/www.europesays.com\/lt\/268812\/","title":{"rendered":"LEA: fiksuotos elektros kainos per savait\u0119 toliau ma\u017e\u0117jo"},"content":{"rendered":"<p>Nepriklausom\u0173 elektros tiek\u0117j\u0173 si\u016blom\u0173 12 m\u0117n. ir 24 m\u0117n. fiksuotos elektros kainos plan\u0173 vidutin\u0117s kainos pra\u0117jusi\u0105 savait\u0119 suma\u017e\u0117jo 0,2\u20130,5 proc., kritus didmeninei elektros energijos kainai d\u0117l didel\u0117s vietin\u0117s energijos gamybos, prane\u0161\u0117 Lietuvos energetikos agent\u016bra (LEA).<\/p>\n<p>Jos duomenimis, per savait\u0119 \u0161alyje pasigaminome 94 proc. suvartotos elektros energijos \u2013 208,8 gigavatvaland\u017ei\u0173 (GWh), tr\u016bkstama elektros energija importuota i\u0161 \u0160vedijos ir Latvijos.<\/p>\n<p>Didmenin\u0117s elektros energijos kainos savait\u0117s vidurkis siek\u0117 0,096 euro u\u017e kWh \u2013 tai 22,4 proc. ma\u017eiau u\u017e ankstesn\u0117s savait\u0117s vidutin\u0119 kain\u0105.<\/p>\n<p>Palyginimui, pernai tuo pa\u010diu metu, rugpj\u016b\u010dio 25\u201331 d., didmenin\u0117 vidutin\u0117 elektros kaina buvo 0,104 euro u\u017e kWh, \u0161alyje pasigaminta 77 proc. suvartotos elektros energijos.<\/p>\n<p>LEA teigimu, Elektros energetikos \u012fstatymas nustato, kad nepriklausomi tiek\u0117jai privalo \u201esi\u016blyti buitiniams vartotojams 12 ir 24 m\u0117nesi\u0173, o kitiems vartotojams \u2013 12 m\u0117nesi\u0173 fiksuotos kainos sutartis\u201c tik tada, \u201ekai turi daugiau kaip 200 t\u016bkst. vartotoj\u0173\u201c.<\/p>\n<p>Per savait\u0119 si\u016blom\u0173 12 m\u0117n. fiksuotos kainos plan\u0173 1 kWh vidutin\u0117s kainos vienos laiko zonos planui suma\u017e\u0117jo nuo 0,301 euro u\u017e kWh iki 0,300 euro u\u017e kWh, dviej\u0173 laiko zon\u0173 planui \u2013 nuo 0,290 euro iki 0,289 euro u\u017e kWh.<\/p>\n<p>Tuo metu si\u016blom\u0173 24 m\u0117n. fiksuotos kainos plan\u0173 1 kWh vidutin\u0117s kainos per savait\u0119 suma\u017e\u0117jo nuo 0,301 euro iki 0,300 euro u\u017e kWh, dviej\u0173 laiko zon\u0173 planui \u2013 nuo 0,290 euro iki 0,289 euro u\u017e kWh.<\/p>\n<p>Plan\u0173 su nefiksuota elektros energijos kaina vidutin\u0117 1 kWh kaina (viena laiko zona, apskai\u010diuota pagal pastarosios savait\u0117s \u201eNord Pool\u201c bir\u017eos vidutin\u0119 kain\u0105) pra\u0117jusi\u0105 savait\u0119 suma\u017e\u0117jo nuo 0,301 euro u\u017e kWh iki 0,300 euro u\u017e kWh, dviej\u0173 laiko zon\u0173 planui \u2013 nuo 0,290 euro u\u017e kWh iki 0,289 euro u\u017e kWh.<\/p>\n<p>Nefiksuotos kainos plan\u0173 vidutin\u0117 kaina rugpj\u016b\u010dio m\u0117nes\u012f \u2013 0,250 euro u\u017e kWh, arba 2 proc. didesn\u0117 u\u017e liepos m\u0117nesio vidutin\u0119 kain\u0105,<\/p>\n<p>\u0160iuo metu 5 m\u0117n., 14 m\u0117n. ir 23 m\u0117n. elektros kainos fiksavimo laikotarp\u012f si\u016blo po vien\u0105 tiek\u0117j\u0105, 24 m\u0117n. elektros kainos fiksavimo laikotarp\u012f si\u016blo du tiek\u0117jai, o 12 m\u0117n. kainos fiksavim\u0105 \u2013 visi trys tiek\u0117jai.<\/p>\n<p>\t\t\t\t\t\t\t\t\t\t\t\t <img decoding=\"async\" src=\"https:\/\/www.europesays.com\/lt\/wp-content\/uploads\/2026\/09\/1788497970_479_elta.png\"\/><\/p>\n","protected":false},"excerpt":{"rendered":"Nepriklausom\u0173 elektros tiek\u0117j\u0173 si\u016blom\u0173 12 m\u0117n. ir 24 m\u0117n. fiksuotos elektros kainos plan\u0173 vidutin\u0117s kainos pra\u0117jusi\u0105 savait\u0119 suma\u017e\u0117jo&hellip;\n","protected":false},"author":2,"featured_media":268813,"comment_status":"","ping_status":"","sticky":false,"template":"","format":"standard","meta":{"footnotes":"","_share_on_mastodon":"0"},"categories":[17],"tags":[81,543,37,39,36,38,40,46],"class_list":["post-268812","post","type-post","status-publish","format-standard","has-post-thumbnail","category-verslas","tag-business","tag-elektra","tag-lietuva","tag-lietuviu","tag-lithuania","tag-lithuanian","tag-lt","tag-verslas"],"share_on_mastodon":{"url":"https:\/\/pubeurope.com\/@lt\/117211009595227552","error":""},"_links":{"self":[{"href":"https:\/\/www.europesays.com\/lt\/wp-json\/wp\/v2\/posts\/268812","targetHints":{"allow":["GET"]}}],"collection":[{"href":"https:\/\/www.europesays.com\/lt\/wp-json\/wp\/v2\/posts"}],"about":[{"href":"https:\/\/www.europesays.com\/lt\/wp-json\/wp\/v2\/types\/post"}],"author":[{"embeddable":true,"href":"https:\/\/www.europesays.com\/lt\/wp-json\/wp\/v2\/users\/2"}],"replies":[{"embeddable":true,"href":"https:\/\/www.europesays.com\/lt\/wp-json\/wp\/v2\/comments?post=268812"}],"version-history":[{"count":0,"href":"https:\/\/www.europesays.com\/lt\/wp-json\/wp\/v2\/posts\/268812\/revisions"}],"wp:featuredmedia":[{"embeddable":true,"href":"https:\/\/www.europesays.com\/lt\/wp-json\/wp\/v2\/media\/268813"}],"wp:attachment":[{"href":"https:\/\/www.europesays.com\/lt\/wp-json\/wp\/v2\/media?parent=268812"}],"wp:term":[{"taxonomy":"category","embeddable":true,"href":"https:\/\/www.europesays.com\/lt\/wp-json\/wp\/v2\/categories?post=268812"},{"taxonomy":"post_tag","embeddable":true,"href":"https:\/\/www.europesays.com\/lt\/wp-json\/wp\/v2\/tags?post=268812"}],"curies":[{"name":"wp","href":"https:\/\/api.w.org\/{rel}","templated":true}]}}