{"id":268814,"date":"2026-09-04T05:12:07","date_gmt":"2026-09-04T05:12:07","guid":{"rendered":"https:\/\/www.europesays.com\/lt\/268814\/"},"modified":"2026-09-04T05:12:07","modified_gmt":"2026-09-04T05:12:07","slug":"is-briuselio-nieko-nebesitikime-vokietijoje-astreja-kritika-es-automobiliu-politikai","status":"publish","type":"post","link":"https:\/\/www.europesays.com\/lt\/268814\/","title":{"rendered":"\u201eI\u0161 Briuselio nieko nebesitikime\u201c: Vokietijoje a\u0161tr\u0117ja kritika ES automobili\u0173 politikai"},"content":{"rendered":"\n<p>Leidinio \u201eFocus\u201c automobili\u0173 rubrikos redaktorius Sebastianas Viehmannas teigia, kad did\u017eiausia Europos automobili\u0173 pramon\u0117s problema \u0161iandien slypi ne Pekine, o Briuselyje \u2013 vietos gamintojus smaugia i\u0161p\u016bstos energijos ir darbo s\u0105naudos, dideli mokes\u010diai bei vis grie\u017et\u0117jantis reguliavimas.<\/p>\n<p>\u201eFocus\u201c leidinio \u017eurnalisto\u00a0kritika pasirod\u0117 tuo metu, kai Vokietijos automobili\u0173 sektoriaus problem\u0173 ignoruoti nebepavyksta.<\/p>\n<p>Per pirm\u0105j\u012f \u0161i\u0173 met\u0173 pusmet\u012f \u0161alyje pagaminta 2,109 mln. lengv\u0173j\u0173 automobili\u0173 \u2013 3 proc. ma\u017eiau nei prie\u0161 metus ir net 15 proc. ma\u017eiau nei 2019-aisiais.<\/p>\n<p>Vokietijos automobili\u0173 pramon\u0117s asociacija (VDA) tarp gamyb\u0105 labiausiai stabdan\u010di\u0173 veiksni\u0173 tiesiai \u012fvardija dideles darbo s\u0105naudas, mokes\u010dius, energijos kainas bei paraly\u017eiuojan\u010di\u0105 biurokratij\u0105.<\/p>\n<p>Dar i\u0161kalbingesn\u0117 pad\u0117tis vyrauja tarp automobili\u0173 pramon\u0117s tiek\u0117j\u0173. VDA atliktoje apklausoje net 67 proc. \u012fmoni\u0173 nurod\u0117, kad Vokietijoje planuotas investicijas teko atid\u0117ti, at\u0161aukti arba perkelti \u012f u\u017esien\u012f. Darbuotoj\u0173 skai\u010di\u0173 \u0161alyje ma\u017eina 54 proc. apklaust\u0173 bendrovi\u0173, o nauj\u0173 darbo viet\u0173 kuria vos 3 proc.<\/p>\n<p>    \u201e<a href=\"https:\/\/www.autobilis.lt\/skelbimai\/naudoti-automobiliai\/volkswagen\" target=\"_blank\" class=\"phrase\" rel=\"nofollow noopener\">Volkswagen\u201c<\/a>\u00a0\u017evalgosi \u012f Kinijoje sukurtus modelius <\/p>\n<p>\u201eFocus\u201c vienu ry\u0161kiausi\u0173 dabartin\u0117s kriz\u0117s pavyzd\u017ei\u0173 pasirinko \u201eVolkswagen\u201c. Dar pavasar\u012f koncerno vadovas Oliveris Blume patvirtino, kad VW vertina, kurie Kinijos rinkai sukurti automobiliai gal\u0117t\u0173 tikti Europos pirk\u0117jams.<\/p>\n<p>Koncernas taip pat neatmeta galimyb\u0117s tokius modelius ateityje gaminti savo Europos gamyklose arba dal\u012f nei\u0161naudojam\u0173 paj\u0117gum\u0173 perleisti Kinijos partneriams. \u201eVolkswagen\u201c <a href=\"https:\/\/www.tv3.lt\/rubrika\/naujienos\/uzsienis\/europa\" target=\"_blank\" class=\"phrase\" rel=\"nofollow noopener\">Europoje<\/a> turi did\u017eiul\u012f perteklini\u0173 paj\u0117gum\u0173 rezerv\u0105, tod\u0117l vienas svarbiausi\u0173 tiksl\u0173 \u0161iuo metu \u2013 geriau apkrauti konvejerius ir suma\u017einti vieno automobilio gamybos savikain\u0105.<\/p>\n<p>\u201eFocus\u201c \u0161\u012f pos\u016bk\u012f apib\u016bdino itin kand\u017eiai: modeli\u0173 k\u016brimas Kinijoje ir v\u0117lesnis j\u0173 perk\u0117limas \u012f Europos gamyklas leidiniui tapo akivaizd\u017eiu \u012frodymu, kaip dramati\u0161kai pasikeit\u0117 j\u0117g\u0173 santykis pasaulin\u0117je rinkoje:<\/p>\n<p>\u201eAnks\u010diau taip buvo daroma besivystan\u010diose \u0161alyse. Dabar besivystanti \u0161alis esame mes.\u201c<\/p>\n<p> Vokietijos gamintojus spaud\u017eia s\u0105naudos <\/p>\n<p>\u201eVolkswagen\u201c vadovyb\u0117 pati atvirai pripa\u017e\u012fsta, kad Vokietijoje gaminti automobilius tapo per brangu. O. Blume darbuotojams parei\u0161k\u0117, kad koncerno netiesiogin\u0117s s\u0105naudos \u0161iuo metu yra daugiau kaip 30 proc. didesn\u0117s nei tiesiogini\u0173 konkurent\u0173.<\/p>\n<p>D\u0117l \u0161ios prie\u017easties VW pradeda vien\u0105 did\u017eiausi\u0173 restrukt\u016brizacij\u0173 savo istorijoje \u2013 ma\u017eina gamybos paj\u0117gumus ir atleid\u017eia darbuotojus.<\/p>\n<p>Koncern\u0105 vienu metu spaud\u017eia visas kompleksas problem\u0173: smuk\u0119s pelningumas Kinijoje, agresyvi Kinijos gamintoj\u0173 pl\u0117tra Europoje, JAV protekcionistiniai muitai ir mil\u017eini\u0161kos gamybos i\u0161laidos Vokietijoje.<\/p>\n<p>Pana\u0161ius pavojaus signalus siun\u010dia ir smulkesn\u0117s Vokietijos automobili\u0173 pramon\u0117s \u012fmon\u0117s. VDA apklausoje net 84 proc. bendrovi\u0173 teig\u0117 stipriai arba labai stipriai jau\u010dian\u010dios biurokratijos na\u0161t\u0105. Mokes\u010dius ir rinkliavas rimta problema vadino 63 proc. \u012fmoni\u0173, dideles elektros kainas \u2013 53 proc., o duj\u0173 kainas \u2013 43 proc.<\/p>\n<p>Be to, du tre\u010ddaliai apklaust\u0173 bendrovi\u0173 ketina ma\u017einti tyrimams ir pl\u0117trai Vokietijoje skiriamas l\u0117\u0161as. Ma\u017edaug pus\u0117 j\u0173 tuo pat metu planuoja didinti tokias investicijas <a href=\"https:\/\/www.tv3.lt\/rubrika\/naujienos\/uzsienis\" target=\"_blank\" class=\"phrase\" rel=\"nofollow noopener\">u\u017esienyje<\/a>.<\/p>\n<p> Briuselis ruo\u0161ia dar vien\u0105 atsak\u0105 Kinijai <\/p>\n<p>Kol Vokietijos pramon\u0117 skambina pavojaus varpais d\u0117l gamybos s\u0105naud\u0173, Europos S\u0105junga Kinijos konkurencij\u0105 m\u0117gina pa\u017eaboti prekybiniais barjerais.<\/p>\n<p>Nuo 2024 met\u0173 Kinijoje pagamintiems elektromobiliams taikomi papildomi kompensaciniai muitai, o leidinio \u201eHandelsblatt\u201c duomenimis, Europos Komisija rengiasi analogi\u0161kas priemones taikyti ir Kinijoje surenkamiems \u012fkraunamiems hibridams.<\/p>\n<p>Pasirengimas es\u0105 jau atliktas, o nauji tarifai gal\u0117t\u0173 \u012fsigalioti gavus pakankam\u0105 ES valstybi\u0173 nari\u0173 palaikym\u0105. Tarp gamintoj\u0173, kuriuos tai paliest\u0173 labiausiai, minimi BYD, \u201eChery\u201c ir SAIC.<\/p>\n<p>\u201eFocus\u201c tok\u012f keli\u0105 vertina skepti\u0161kai. S. Viehmanno teigimu, muitai gali \u0161iek tiek pristabdyti Kinijos gamintoj\u0173 ekspansij\u0105 Europoje, ta\u010diau Vokietijos gamykl\u0173 nepadarys nei pigesn\u0117mis, nei efektyvesn\u0117mis.<\/p>\n<p>Jeigu automobil\u012f Europoje surinkti yra gerokai brangiau d\u0117l energijos, darbo j\u0117gos, mokes\u010di\u0173 ir reguliavimo ka\u0161t\u0173, konkurento produkto dirbtinis pabranginimas \u0161ios strukt\u016brin\u0117s problemos nei\u0161spr\u0119s.<\/p>\n<p>    Automobiliams \u2013 vis daugiau privalom\u0173 reikalavim\u0173 <\/p>\n<p>Didel\u0119 kritikos dal\u012f sudaro ir nuolat augantis ES reikalavim\u0173 skai\u010dius automobili\u0173 pramonei. Per pastaruosius kelerius metus gamintojams teko investuoti mil\u017eini\u0161kas sumas siekiant prisitaikyti prie privalom\u0173 nauj\u0173 saugos sistem\u0173, baterij\u0173 gamybos bei perdirbimo standart\u0173, grie\u017et\u0173 CO2\u00a0norm\u0173 ir kit\u0173 technini\u0173 reglament\u0173.<\/p>\n<p>Kiekvienas papildomas reikalavimas didina automobilio konstravimo ir gamybos kain\u0105, o galutin\u0119 s\u0105skait\u0105 visuomet apmoka pirk\u0117jas.<\/p>\n<p>VDA primygtinai ragina Berlyn\u0105 ir Briusel\u012f suma\u017einti administracin\u0119 na\u0161t\u0105: 71 proc. apklaust\u0173 \u012fmoni\u0173 biurokratijos ma\u017einim\u0105 \u012fvardijo pa\u010diu svarbiausiu darbu.<\/p>\n<p>Kartu asociacija ragina i\u0161laikyti platesn\u012f j\u0117gaini\u0173 pasirinkim\u0105 \u2013 didesn\u0117 \u012fkraunam\u0173 hibrid\u0173\u00a0ir efektyvi\u0173 vidaus degimo varikli\u0173 dalis vien Vokietijoje leist\u0173 i\u0161saugoti apie 50 t\u016bkst. darbo viet\u0173.<\/p>\n<p>    Kinija vienu metu vysto skirtingas technologijas <\/p>\n<p>S. Viehmannas dar vien\u0105 strategin\u012f Kinijos prana\u0161um\u0105 mato technologij\u0173 lankstume: Kinijos koncernai vienu metu investuoja \u012f elektromobilius, \u012fkraunamus hibridus bei tradicinius vidaus degimo variklius.<\/p>\n<p>BYD yra vienas ry\u0161kiausi\u0173 pavyzd\u017ei\u0173. Nors bendrov\u0117 tapo viena did\u017eiausi\u0173 elektromobili\u0173 gamintoj\u0173 pasaulyje, jos gamoje did\u017ei\u0105j\u0105 dal\u012f sudaro \u012fkraunami hibridai, o Europoje \u0161i technologija naudojama kaip vienas pagrindini\u0173 rinkos u\u017ekariavimo \u012franki\u0173.<\/p>\n<p>Tuo metu ES buvo u\u017esibr\u0117\u017eusi nuo 2035 met\u0173 u\u017edrausti nauj\u0173 automobili\u0173 prekyb\u0105, jeigu jie i\u0161meta bent 1 gram\u0105 CO2. \u0160iuo reikalavimus Europos S\u0105junga netiesiogiai u\u017edraud\u0117 bet koki\u0173 automobili\u0173, turin\u010di\u0173 benzinin\u012f ar dyzelin\u012f varikl\u012f prekyb\u0105 ir gamyb\u0105.\u00a0<\/p>\n<p>Nors Europos Komisija v\u0117liau pasi\u016bl\u0117 \u0161\u012f tiksl\u0105 su\u0161velninti iki 90 proc. (paliekant erdv\u0117s sintetiniais degalais varomiems modeliams bei hibridams), strateginis neapibr\u0117\u017etumas Europos gamintojams jau padar\u0117 did\u017eiul\u0119 \u017eal\u0105.<\/p>\n","protected":false},"excerpt":{"rendered":"Leidinio \u201eFocus\u201c automobili\u0173 rubrikos redaktorius Sebastianas Viehmannas teigia, kad did\u017eiausia Europos automobili\u0173 pramon\u0117s problema \u0161iandien slypi ne Pekine,&hellip;\n","protected":false},"author":2,"featured_media":268815,"comment_status":"","ping_status":"","sticky":false,"template":"","format":"standard","meta":{"footnotes":"","_share_on_mastodon":"0"},"categories":[17],"tags":[38846,81,57,43,55,48,54,51,49,50,37,39,36,38,40,45,23,44,53,42,56,47,41,46,58,52],"class_list":["post-268814","post","type-post","status-publish","format-standard","has-post-thumbnail","category-verslas","tag-2026-09-04-072800","tag-business","tag-daiktai","tag-dienos-kronika","tag-gatves-tekstai","tag-gyvenimas","tag-interneto-pievos","tag-keliones","tag-kultura","tag-laisvalaikis","tag-lietuva","tag-lietuviu","tag-lithuania","tag-lithuanian","tag-lt","tag-mokslas-ir-it","tag-naujienos","tag-pasaulis","tag-projektai","tag-rinktiniai-tekstai","tag-simtmecio-portalas","tag-sportas","tag-tv3-lt","tag-verslas","tag-video","tag-zaidimai"],"share_on_mastodon":{"url":"https:\/\/pubeurope.com\/@lt\/117211060156376052","error":""},"_links":{"self":[{"href":"https:\/\/www.europesays.com\/lt\/wp-json\/wp\/v2\/posts\/268814","targetHints":{"allow":["GET"]}}],"collection":[{"href":"https:\/\/www.europesays.com\/lt\/wp-json\/wp\/v2\/posts"}],"about":[{"href":"https:\/\/www.europesays.com\/lt\/wp-json\/wp\/v2\/types\/post"}],"author":[{"embeddable":true,"href":"https:\/\/www.europesays.com\/lt\/wp-json\/wp\/v2\/users\/2"}],"replies":[{"embeddable":true,"href":"https:\/\/www.europesays.com\/lt\/wp-json\/wp\/v2\/comments?post=268814"}],"version-history":[{"count":0,"href":"https:\/\/www.europesays.com\/lt\/wp-json\/wp\/v2\/posts\/268814\/revisions"}],"wp:featuredmedia":[{"embeddable":true,"href":"https:\/\/www.europesays.com\/lt\/wp-json\/wp\/v2\/media\/268815"}],"wp:attachment":[{"href":"https:\/\/www.europesays.com\/lt\/wp-json\/wp\/v2\/media?parent=268814"}],"wp:term":[{"taxonomy":"category","embeddable":true,"href":"https:\/\/www.europesays.com\/lt\/wp-json\/wp\/v2\/categories?post=268814"},{"taxonomy":"post_tag","embeddable":true,"href":"https:\/\/www.europesays.com\/lt\/wp-json\/wp\/v2\/tags?post=268814"}],"curies":[{"name":"wp","href":"https:\/\/api.w.org\/{rel}","templated":true}]}}