{"id":268822,"date":"2026-09-04T05:42:58","date_gmt":"2026-09-04T05:42:58","guid":{"rendered":"https:\/\/www.europesays.com\/lt\/268822\/"},"modified":"2026-09-04T05:42:58","modified_gmt":"2026-09-04T05:42:58","slug":"avarija-panemuneje-po-susidurimo-motociklo-vairuotojas-isveztas-i-klinikas","status":"publish","type":"post","link":"https:\/\/www.europesays.com\/lt\/268822\/","title":{"rendered":"Avarija Panemun\u0117je: po susid\u016brimo motociklo vairuotojas i\u0161ve\u017etas \u012f Klinikas"},"content":{"rendered":"<p>Ketvirtadienio vakar\u0105 Panemun\u0117je \u012fvyko <a href=\"https:\/\/kaunas.kasvyksta.lt\/avarija\" title=\"Avarija\" rel=\"nofollow noopener\" target=\"_blank\">avarija<\/a>. Pirminiais duomenimis, motociklo nesuvald\u0119s jaunas vairuotojas r\u0117\u017e\u0117si \u012f prie\u0161prie\u0161ine juosta va\u017eiavusi\u0105 transporto priemon\u0119. Nukent\u0117jusysis skubiai i\u0161gabentas \u012f Kauno klinikas.<\/p>\n<p>Apie nelaim\u0119 Vaidoto gatv\u0117je naujien\u0173 portal\u0105 \u201eKas vyksta Kaune\u201c 19.53 val. informavo vaizdais i\u0161 \u012fvykio vietos pasidalij\u0119s skaitytojas.<\/p>\n<p>\u201eMotocikl\u0105 nutrenk\u0117 Panemun\u0117je\u201c, \u2013 ra\u0161\u0117 \u012fvykio liudininkas.<\/p>\n<p>Kaip naujien\u0173 portalui teig\u0117 Kauno apskrities vyriausiojo policijos komisariato budintis pareig\u016bnas, prane\u0161imas apie incident\u0105 Vaidoto g. gautas 19.09 val.<\/p>\n<p>Pirminiais duomenimis, motocikl\u0105 vairav\u0119s jaunuolis nesuvald\u0117 transporto priemon\u0117s, i\u0161va\u017eiavo \u012f prie\u0161prie\u0161inio eismo juost\u0105 ir susid\u016br\u0117 su automobiliu.<\/p>\n<p>Liudinink\u0173 teigimu, motociklo vairuotojas trenk\u0117si \u012f Lietuvos kariuomen\u0117s sunkve\u017eim\u012f.<\/p>\n<p>Laimei, nukent\u0117j\u0119s vaikinas buvo s\u0105moningas. Jis buvo i\u0161gabentas \u012f Kauno klinikas.<\/p>\n","protected":false},"excerpt":{"rendered":"Ketvirtadienio vakar\u0105 Panemun\u0117je \u012fvyko avarija. Pirminiais duomenimis, motociklo nesuvald\u0119s jaunas vairuotojas r\u0117\u017e\u0117si \u012f prie\u0161prie\u0161ine juosta va\u017eiavusi\u0105 transporto priemon\u0119.&hellip;\n","protected":false},"author":2,"featured_media":268823,"comment_status":"","ping_status":"","sticky":false,"template":"","format":"standard","meta":{"footnotes":"","_share_on_mastodon":"0"},"categories":[6],"tags":[25,155,30,31,563,34,35,24,1061,32,33,37,39,36,38,40,5859,23,22,28,29,26,27,38849],"class_list":["post-268822","post","type-post","status-publish","format-standard","has-post-thumbnail","category-antrastes","tag-antrastes","tag-avarija","tag-breaking-news","tag-breakingnews","tag-eismas","tag-featured-news","tag-featurednews","tag-headlines","tag-kaunas","tag-latest-news","tag-latestnews","tag-lietuva","tag-lietuviu","tag-lithuania","tag-lithuanian","tag-lt","tag-motociklas","tag-naujienos","tag-news","tag-populiariausios-naujienos","tag-populiariausiosnaujienos","tag-top-stories","tag-topstories","tag-vaidoto-gatve"],"share_on_mastodon":{"url":"https:\/\/pubeurope.com\/@lt\/117211182404433260","error":""},"_links":{"self":[{"href":"https:\/\/www.europesays.com\/lt\/wp-json\/wp\/v2\/posts\/268822","targetHints":{"allow":["GET"]}}],"collection":[{"href":"https:\/\/www.europesays.com\/lt\/wp-json\/wp\/v2\/posts"}],"about":[{"href":"https:\/\/www.europesays.com\/lt\/wp-json\/wp\/v2\/types\/post"}],"author":[{"embeddable":true,"href":"https:\/\/www.europesays.com\/lt\/wp-json\/wp\/v2\/users\/2"}],"replies":[{"embeddable":true,"href":"https:\/\/www.europesays.com\/lt\/wp-json\/wp\/v2\/comments?post=268822"}],"version-history":[{"count":0,"href":"https:\/\/www.europesays.com\/lt\/wp-json\/wp\/v2\/posts\/268822\/revisions"}],"wp:featuredmedia":[{"embeddable":true,"href":"https:\/\/www.europesays.com\/lt\/wp-json\/wp\/v2\/media\/268823"}],"wp:attachment":[{"href":"https:\/\/www.europesays.com\/lt\/wp-json\/wp\/v2\/media?parent=268822"}],"wp:term":[{"taxonomy":"category","embeddable":true,"href":"https:\/\/www.europesays.com\/lt\/wp-json\/wp\/v2\/categories?post=268822"},{"taxonomy":"post_tag","embeddable":true,"href":"https:\/\/www.europesays.com\/lt\/wp-json\/wp\/v2\/tags?post=268822"}],"curies":[{"name":"wp","href":"https:\/\/api.w.org\/{rel}","templated":true}]}}