{"id":268826,"date":"2026-09-04T05:46:22","date_gmt":"2026-09-04T05:46:22","guid":{"rendered":"https:\/\/www.europesays.com\/lt\/268826\/"},"modified":"2026-09-04T05:46:22","modified_gmt":"2026-09-04T05:46:22","slug":"volkswagen-atleis-dar-50-tukst-darbuotoju-atsisakys-dalies-automobiliu-modeliu","status":"publish","type":"post","link":"https:\/\/www.europesays.com\/lt\/268826\/","title":{"rendered":"\u201eVolkswagen\u201c atleis dar 50 t\u016bkst. darbuotoj\u0173, atsisakys dalies automobili\u0173 modeli\u0173"},"content":{"rendered":"\n<p>\u012e \u201eVolkswagen\u201c grup\u0119, be pagrindinio VW prek\u0117s \u017eenklo, \u012feina ir \u201e<a href=\"https:\/\/www.autobilis.lt\/skelbimai\/naudoti-automobiliai\/audi\" target=\"_blank\" class=\"phrase\" rel=\"nofollow noopener\">Audi\u201c<\/a>, \u201e<a href=\"https:\/\/www.autobilis.lt\/skelbimai\/naudoti-automobiliai\/porsche\" target=\"_blank\" class=\"phrase\" rel=\"nofollow noopener\">Porsche\u201c<\/a>, \u201e\u0160koda\u201c bei kiti preki\u0173 \u017eenklai. Dar kov\u0105 bendrov\u0117 paskelb\u0117, kad iki de\u0161imtme\u010dio pabaigos planuoja atsisakyti 50 t\u016bkst. darbo viet\u0173.<\/p>\n<p>\u201eVolkswagen\u201c vadovas Oliveris Blume&#8217;as apie galimus papildomus darbuotoj\u0173 atleidimus\u00a0u\u017esimin\u0117 dar liep\u0105.<\/p>\n<p>     Poky\u010di\u0173 \u0117m\u0117si d\u0117l suma\u017e\u0117jusio pelno? <\/p>\n<p>Pasatuorju metu \u201eVolkswagen\u201c susid\u016br\u0117 su suma\u017e\u0117jusiu pelnu, kritusiais automobili\u0173 pardavimais ir itin didele konkurencija, ypa\u010d i\u0161 <a href=\"https:\/\/www.tv3.lt\/rubrika\/naujienos\/uzsienis\/kinija\" target=\"_blank\" class=\"phrase\" rel=\"nofollow noopener\">Kinijos<\/a> automobili\u0173 gamintoj\u0173.<\/p>\n<p>Tam didel\u0119 \u012ftak\u0105 tur\u0117jo krit\u0119 pardavimai Kinijoje, kuri anks\u010diau buvo viena svarbiausi\u0173 bendrov\u0117s rink\u0173.<\/p>\n<p>Pardavimai ma\u017e\u0117jo ir JAV, i\u0161 dalies d\u0117l muit\u0173, kuriuos automobili\u0173 importui \u012fved\u0117 tuometinio prezidento <a href=\"https:\/\/www.tv3.lt\/gaires\/donaldas-trumpas\" target=\"_blank\" class=\"phrase\" rel=\"nofollow noopener\">Donaldo Trumpo<\/a> administracija.<\/p>\n<p>Tuo metu Kinijos automobili\u0173 gamintojai spar\u010diai ple\u010diasi tarptautin\u0117se rinkose. Jie diegia naujas technologijas ir kartu gali pasi\u016blyti automobilius u\u017e ma\u017eesn\u0119 gamybos kain\u0105 nei dalis konkurent\u0173.<\/p>\n<p>        <a href=\"https:\/\/www.tv3.lt\/Uploads\/UGallery\/photos\/4d\/50\/02\/f0\/4d5002f0599f8b723732820800241f89.jpg\" data-fancybox=\"photos-embed\" data-caption=\"Volkswagen Polo GTI (nuotr. gamintojo)\" target=\"_self\" rel=\"nofollow noopener\"> <img decoding=\"async\" class=\"photo-inside-article\" align=\"center\" alt=\"Volkswagen Polo GTI (nuotr. gamintojo)\" title=\"Volkswagen Polo GTI (nuotr. gamintojo)\" src=\"https:\/\/www.europesays.com\/lt\/wp-content\/uploads\/2026\/09\/4d5002f0599f8b723732820800241f89.jpg\" width=\"684\" height=\"654\" loading=\"lazy\" \/> <\/a>       <\/p>\n<p>Pastaraisiais metais toki\u0173 bendrovi\u0173 kaip BYD pardavimai smarkiai augo Jungtin\u0117je Karalyst\u0117je, <a href=\"https:\/\/www.tv3.lt\/rubrika\/naujienos\/uzsienis\/europa\" target=\"_blank\" class=\"phrase\" rel=\"nofollow noopener\">Europos<\/a> S\u0105jungoje ir Pietry\u010di\u0173 Azijoje.<\/p>\n<p>Bendrov\u0117 taip pat ketina daugiau d\u0117mesio skirti paklausiausiems automobili\u0173 modeliams ir gaminti didesnius j\u0173 kiekius. Tikimasi, kad tai pad\u0117s suma\u017einti gamybos s\u0105naudas.<\/p>\n<p>Kartu bendrov\u0117 svarsto ir nutraukti npaklausi\u0173 modeli\u0173 gaminim\u0105.<\/p>\n<p>Pasak \u201eVolkswagen\u201c atstov\u0173, kad siekiant i\u0161laikyti bendrov\u0117s konkurencingum\u0105 b\u016btina i\u0161 esm\u0117s pertvarkyti darbuotoj\u0173 strukt\u016br\u0105. Jie prideda, kad tam \u012ftakos turi ne tik besikei\u010dianti paklausa, bet ir technologiniai poky\u010diai.<\/p>\n<p>Bendrov\u0117s vertinimu, visoje grup\u0117je reik\u0117s suma\u017einti apie 50 t\u016bkst. etat\u0173, \u012fskaitant ir vadovaujan\u010dias pozicijas.<\/p>\n<p> Did\u017eiausia restrukt\u016brizacija istorijoje <\/p>\n<p>Bendrov\u0117 taip pat svarsto keturi\u0173 gamykl\u0173 \u2013 Emdeno, Cvikau, Hanoverio ir Nekarsulmo (Vokietijos miestai) \u2013 ateit\u012f. Bendrov\u0117 nurodo, kad \u0161iose gamyklose gamybos paj\u0117gumai vir\u0161ija paklaus\u0105, tod\u0117l \u0161iuo metu vertinamos alternatyvios j\u0173 panaudojimo galimyb\u0117s.<\/p>\n<p>Tai bus did\u017eiausia restrukt\u016brizacija per beveik 90 met\u0173 trunkan\u010di\u0105 \u201eVolkswagen\u201c istorij\u0105.<\/p>\n<p>2025 metais visame pasaulyje \u201eVolkswagen\u201c dirbo daugiau nei 660 t\u016bkst. \u017emoni\u0173. Bendrovei taip pat priklauso tokie preki\u0173 \u017eenklai kaip \u201eSeat\u201c, \u201eBentley\u201c ir \u201eLamborghini\u201c.<\/p>\n<p>\n                                        \u0160altinis:<br \/>\n                                                                                    tv3.lt\n                                                                                <\/p>\n<p><a href=\"https:\/\/www.indeliai.lt\/\" target=\"_blank\" rel=\"nofollow noopener\"><img decoding=\"async\" alt=\"indeliai.lt\" src=\"https:\/\/www.europesays.com\/lt\/wp-content\/uploads\/2026\/09\/1788500782_78_Indeliainew.jpg\" style=\"width: 100%; max-height: 250px; max-width: 800px\" \/><\/a><\/p>\n","protected":false},"excerpt":{"rendered":"\u012e \u201eVolkswagen\u201c grup\u0119, be pagrindinio VW prek\u0117s \u017eenklo, \u012feina ir \u201eAudi\u201c, \u201ePorsche\u201c, \u201e\u0160koda\u201c bei kiti preki\u0173 \u017eenklai. Dar&hellip;\n","protected":false},"author":2,"featured_media":268827,"comment_status":"","ping_status":"","sticky":false,"template":"","format":"standard","meta":{"footnotes":"","_share_on_mastodon":"0"},"categories":[17],"tags":[38850,81,57,43,55,48,54,51,49,50,37,39,36,38,40,45,23,44,53,42,56,47,41,46,58,52],"class_list":["post-268826","post","type-post","status-publish","format-standard","has-post-thumbnail","category-verslas","tag-2026-09-04-082700","tag-business","tag-daiktai","tag-dienos-kronika","tag-gatves-tekstai","tag-gyvenimas","tag-interneto-pievos","tag-keliones","tag-kultura","tag-laisvalaikis","tag-lietuva","tag-lietuviu","tag-lithuania","tag-lithuanian","tag-lt","tag-mokslas-ir-it","tag-naujienos","tag-pasaulis","tag-projektai","tag-rinktiniai-tekstai","tag-simtmecio-portalas","tag-sportas","tag-tv3-lt","tag-verslas","tag-video","tag-zaidimai"],"share_on_mastodon":{"url":"https:\/\/pubeurope.com\/@lt\/117211194445401049","error":""},"_links":{"self":[{"href":"https:\/\/www.europesays.com\/lt\/wp-json\/wp\/v2\/posts\/268826","targetHints":{"allow":["GET"]}}],"collection":[{"href":"https:\/\/www.europesays.com\/lt\/wp-json\/wp\/v2\/posts"}],"about":[{"href":"https:\/\/www.europesays.com\/lt\/wp-json\/wp\/v2\/types\/post"}],"author":[{"embeddable":true,"href":"https:\/\/www.europesays.com\/lt\/wp-json\/wp\/v2\/users\/2"}],"replies":[{"embeddable":true,"href":"https:\/\/www.europesays.com\/lt\/wp-json\/wp\/v2\/comments?post=268826"}],"version-history":[{"count":0,"href":"https:\/\/www.europesays.com\/lt\/wp-json\/wp\/v2\/posts\/268826\/revisions"}],"wp:featuredmedia":[{"embeddable":true,"href":"https:\/\/www.europesays.com\/lt\/wp-json\/wp\/v2\/media\/268827"}],"wp:attachment":[{"href":"https:\/\/www.europesays.com\/lt\/wp-json\/wp\/v2\/media?parent=268826"}],"wp:term":[{"taxonomy":"category","embeddable":true,"href":"https:\/\/www.europesays.com\/lt\/wp-json\/wp\/v2\/categories?post=268826"},{"taxonomy":"post_tag","embeddable":true,"href":"https:\/\/www.europesays.com\/lt\/wp-json\/wp\/v2\/tags?post=268826"}],"curies":[{"name":"wp","href":"https:\/\/api.w.org\/{rel}","templated":true}]}}