{"id":268828,"date":"2026-09-04T05:47:13","date_gmt":"2026-09-04T05:47:13","guid":{"rendered":"https:\/\/www.europesays.com\/lt\/268828\/"},"modified":"2026-09-04T05:47:13","modified_gmt":"2026-09-04T05:47:13","slug":"markas-zuckerbergas-su-zmona-isigijo-ispudinga-pirkini-sandoris-apgaubtas-paslaptimi","status":"publish","type":"post","link":"https:\/\/www.europesays.com\/lt\/268828\/","title":{"rendered":"Markas Zuckerbergas su \u017emona \u012fsigijo \u012fsp\u016bding\u0105 pirkin\u012f: sandoris \u2013 apgaubtas paslaptimi"},"content":{"rendered":"<p>Trij\u0173 auk\u0161t\u0173 istorin\u012f pastat\u0105 M. Zuckerbergas \u012fsigijo i\u0161 verslininko Michaelo Aleno-Buckley \u0161eimos.<\/p>\n<p>Jis yra vienas i\u0161 Londone veikian\u010dios priva\u010dios investicin\u0117s bendrov\u0117s \u201eRAB Capital\u201c \u012fk\u016br\u0117j\u0173.<\/p>\n<p>1827 m. vienam angl\u0173 politikui pastatyta pilis \u2013 tai trij\u0173 auk\u0161t\u0173 ta\u0161yt\u0173 akmen\u0173 neogotikinio stiliaus namas, esantis Vaterfordo grafyst\u0117je, ma\u017edaug 150 km \u012f pietvakarius nuo Dublino.<\/p>\n<p>Per pastaruosius 20 met\u0173 ankstesni savininkai \u0161i\u0105 pil\u012f kapitali\u0161kai renovavo.<\/p>\n<p>\u201eMarkas ir jo \u0161eima d\u017eiaugiasi gal\u0117dami toliau r\u016bpintis \u0161ia istorine rezidencija ir nekantriai laukia galimyb\u0117s pagyventi Airijoje, kur \u201eMeta\u201c turi savo tarptautin\u0119 b\u016bstin\u0119\u201c, \u2013 sak\u0117 atstovas spaudai.<\/p>\n<p>Kaina, kuri\u0105 M. Zuckerbergas sumok\u0117jo u\u017e \u0161\u012f vie\u0161ai neskelbt\u0105 sandor\u012f, n\u0117ra \u017einoma.<\/p>\n<p>Airija Markui n\u0117ra svetima ir d\u0117l verslo ry\u0161i\u0173. \u201eMeta\u201c \u0161alyje dirba apie 1,5 t\u016bkst. darbuotoj\u0173, o Dubline \u012fsik\u016brusi bendrov\u0117s tarptautin\u0117 b\u016bstin\u0117.<\/p>\n<p>\u201eMeta\u201c veikla Airijoje taip pat apima virtualiosios ir papildytosios realyb\u0117s versl\u0105 Korko mieste bei duomen\u0173 centr\u0105 netoli Dublino.<\/p>\n<p>Nepaisant naujojo pirkinio, M. Zuckerbergas su \u0161eima ir toliau daugiausia gyvens Jungtin\u0117se Valstijose.<\/p>\n<p>Planuojama, kad istorine rezidencija Airijoje \u0161eima naudosis vie\u0161nagi\u0173 \u0161alyje metu, kai M. Zuckerbergas \u010dia atvyks tvarkyti su \u201eMeta\u201c veikla susijusi\u0173 verslo reikal\u0173.<\/p>\n","protected":false},"excerpt":{"rendered":"Trij\u0173 auk\u0161t\u0173 istorin\u012f pastat\u0105 M. Zuckerbergas \u012fsigijo i\u0161 verslininko Michaelo Aleno-Buckley \u0161eimos. Jis yra vienas i\u0161 Londone veikian\u010dios&hellip;\n","protected":false},"author":2,"featured_media":268829,"comment_status":"","ping_status":"","sticky":false,"template":"","format":"standard","meta":{"footnotes":"","_share_on_mastodon":"0"},"categories":[15],"tags":[25,30,31,34,35,24,32,33,37,39,36,38,40,23,22,44,28,29,26,27,74,75,76],"class_list":["post-268828","post","type-post","status-publish","format-standard","has-post-thumbnail","category-pasaulis","tag-antrastes","tag-breaking-news","tag-breakingnews","tag-featured-news","tag-featurednews","tag-headlines","tag-latest-news","tag-latestnews","tag-lietuva","tag-lietuviu","tag-lithuania","tag-lithuanian","tag-lt","tag-naujienos","tag-news","tag-pasaulis","tag-populiariausios-naujienos","tag-populiariausiosnaujienos","tag-top-stories","tag-topstories","tag-world","tag-world-news","tag-worldnews"],"share_on_mastodon":{"url":"https:\/\/pubeurope.com\/@lt\/117211197833962687","error":""},"_links":{"self":[{"href":"https:\/\/www.europesays.com\/lt\/wp-json\/wp\/v2\/posts\/268828","targetHints":{"allow":["GET"]}}],"collection":[{"href":"https:\/\/www.europesays.com\/lt\/wp-json\/wp\/v2\/posts"}],"about":[{"href":"https:\/\/www.europesays.com\/lt\/wp-json\/wp\/v2\/types\/post"}],"author":[{"embeddable":true,"href":"https:\/\/www.europesays.com\/lt\/wp-json\/wp\/v2\/users\/2"}],"replies":[{"embeddable":true,"href":"https:\/\/www.europesays.com\/lt\/wp-json\/wp\/v2\/comments?post=268828"}],"version-history":[{"count":0,"href":"https:\/\/www.europesays.com\/lt\/wp-json\/wp\/v2\/posts\/268828\/revisions"}],"wp:featuredmedia":[{"embeddable":true,"href":"https:\/\/www.europesays.com\/lt\/wp-json\/wp\/v2\/media\/268829"}],"wp:attachment":[{"href":"https:\/\/www.europesays.com\/lt\/wp-json\/wp\/v2\/media?parent=268828"}],"wp:term":[{"taxonomy":"category","embeddable":true,"href":"https:\/\/www.europesays.com\/lt\/wp-json\/wp\/v2\/categories?post=268828"},{"taxonomy":"post_tag","embeddable":true,"href":"https:\/\/www.europesays.com\/lt\/wp-json\/wp\/v2\/tags?post=268828"}],"curies":[{"name":"wp","href":"https:\/\/api.w.org\/{rel}","templated":true}]}}