{"id":268880,"date":"2026-09-04T07:26:47","date_gmt":"2026-09-04T07:26:47","guid":{"rendered":"https:\/\/www.europesays.com\/lt\/268880\/"},"modified":"2026-09-04T07:26:47","modified_gmt":"2026-09-04T07:26:47","slug":"panevezio-aplinkkelyje-susidure-penkios-transporto-priemones-nukentejo-maziausiai-penki-zmones","status":"publish","type":"post","link":"https:\/\/www.europesays.com\/lt\/268880\/","title":{"rendered":"Panev\u0117\u017eio aplinkkelyje susid\u016br\u0117 penkios transporto priemon\u0117s \u2013 nukent\u0117jo ma\u017eiausiai penki \u017emon\u0117s"},"content":{"rendered":"<p>\t\t\t\t\t\t\t\t\t2026-09-03 11:002026-09-03 11:19<a class=\"penci_pmeta-link\" href=\"https:\/\/jp.lt\/panevezio-aplinkkelyje-didele-avarija-susidure-keli-automobiliai-vienas-apvirto\/#respond\" rel=\"nofollow noopener\" target=\"_blank\">0<\/a>501\t\t\t\t\t\t\t\t\t<\/p>\n<p>\t\t\t\tAtnaujinta 2026-09-03 11:19<\/p>\n<p>\u0160\u012fryt A9 kelyje Panev\u0117\u017eys\u2013\u0160iauliai, ties Nausod\u0117s kaimu, \u012fvyko didel\u0117 avarija. Susid\u016br\u0117 penkios transporto priemon\u0117s, viena j\u0173 apvirto ant stogo. Pirminiais duomenimis, nukent\u0117jo ma\u017eiausiai penki \u017emon\u0117s.<\/p>\n<p>Apie 10 val. 25 min. policija prane\u0161\u0117, kad d\u0117l eismo \u012fvykio \u0161ioje kelio atkarpoje visi\u0161kai sustabdytas eismas.<\/p>\n<p>\u201eU\u017edarytas eismas! Panev\u0117\u017eio r., A9 kelyje, ties Nausod\u0117s kaimu, d\u0117l eismo \u012fvykio u\u017edarytas eismas\u201c, \u2013 informavo policija.<\/p>\n<p>Kaip skelbia portalas lrytas.lt, Prie\u0161gaisrin\u0117s apsaugos ir gelb\u0117jimo departamentas prane\u0161im\u0105 apie avarij\u0105 gavo apie 9 val. 50 min. I\u0161 prad\u017ei\u0173 buvo prane\u0161ta, kad susid\u016br\u0117 keturi automobiliai, vienas j\u0173 apvirto. Informacijos apie su\u017eeistus ar galb\u016bt prispaustus \u017emones tuo metu nebuvo.<\/p>\n<p>\u012e \u012fvykio viet\u0105 i\u0161 karto i\u0161si\u0173sti ugniagesiai gelb\u0117tojai, greitosios medicinos pagalbos medikai ir policijos pareig\u016bnai.<\/p>\n<p>Atvykus gelb\u0117tojams paai\u0161k\u0117jo, kad susid\u016br\u0117 penkios transporto priemon\u0117s \u2013 trys lengvieji automobiliai, mikroautobusas ir sunkve\u017eimis. Prispaust\u0173 \u017emoni\u0173 nebuvo, ta\u010diau ugniagesi\u0173 pagalbos prireik\u0117 i\u0161 apgadint\u0173 automobili\u0173 i\u0161keliant su\u017eeistuosius.<\/p>\n<p>Pirminiais duomenimis, per avarij\u0105 nukent\u0117jo ma\u017eiausiai penki \u017emon\u0117s. Greitosios medicinos pagalbos medikai juos i\u0161ve\u017e\u0117 \u012f ligonin\u0119.<\/p>\n<p>Transporto priemon\u0117s smarkiai apgadintos, va\u017eiuojamoji kelio dalis nus\u0117ta j\u0173 nuolau\u017eomis. Kadangi kelias po avarijos visi\u0161kai u\u017eblokuotas, organizuotas apva\u017eiavimas, o policijos pareig\u016bnai juo nukreipia transporto srautus.<\/p>\n<p>\u012evykio aplinkyb\u0117s tiriamos.<\/p>\n<p>\t\t\t<img decoding=\"async\" src=\"https:\/\/www.europesays.com\/lt\/wp-content\/uploads\/2026\/09\/1788506806_440_nuotraukos.png\"\/><\/p>\n<p>Avarija Panev\u0117\u017eio aplinkkelyje<\/p>\n<p>\t\t\t\t\t\t\t\t\t\t\t\t <img decoding=\"async\" src=\"https:\/\/www.europesays.com\/lt\/wp-content\/uploads\/2026\/09\/1788506807_719_jp-1.png\"\/><\/p>\n","protected":false},"excerpt":{"rendered":"2026-09-03 11:002026-09-03 11:190501 Atnaujinta 2026-09-03 11:19 \u0160\u012fryt A9 kelyje Panev\u0117\u017eys\u2013\u0160iauliai, ties Nausod\u0117s kaimu, \u012fvyko didel\u0117 avarija. Susid\u016br\u0117 penkios&hellip;\n","protected":false},"author":2,"featured_media":268881,"comment_status":"","ping_status":"","sticky":false,"template":"","format":"standard","meta":{"footnotes":"","_share_on_mastodon":"0"},"categories":[6],"tags":[25,155,30,31,34,35,24,32,33,37,39,36,38,40,23,22,28,29,26,27],"class_list":["post-268880","post","type-post","status-publish","format-standard","has-post-thumbnail","category-antrastes","tag-antrastes","tag-avarija","tag-breaking-news","tag-breakingnews","tag-featured-news","tag-featurednews","tag-headlines","tag-latest-news","tag-latestnews","tag-lietuva","tag-lietuviu","tag-lithuania","tag-lithuanian","tag-lt","tag-naujienos","tag-news","tag-populiariausios-naujienos","tag-populiariausiosnaujienos","tag-top-stories","tag-topstories"],"share_on_mastodon":{"url":"https:\/\/pubeurope.com\/@lt\/117211587685360223","error":""},"_links":{"self":[{"href":"https:\/\/www.europesays.com\/lt\/wp-json\/wp\/v2\/posts\/268880","targetHints":{"allow":["GET"]}}],"collection":[{"href":"https:\/\/www.europesays.com\/lt\/wp-json\/wp\/v2\/posts"}],"about":[{"href":"https:\/\/www.europesays.com\/lt\/wp-json\/wp\/v2\/types\/post"}],"author":[{"embeddable":true,"href":"https:\/\/www.europesays.com\/lt\/wp-json\/wp\/v2\/users\/2"}],"replies":[{"embeddable":true,"href":"https:\/\/www.europesays.com\/lt\/wp-json\/wp\/v2\/comments?post=268880"}],"version-history":[{"count":0,"href":"https:\/\/www.europesays.com\/lt\/wp-json\/wp\/v2\/posts\/268880\/revisions"}],"wp:featuredmedia":[{"embeddable":true,"href":"https:\/\/www.europesays.com\/lt\/wp-json\/wp\/v2\/media\/268881"}],"wp:attachment":[{"href":"https:\/\/www.europesays.com\/lt\/wp-json\/wp\/v2\/media?parent=268880"}],"wp:term":[{"taxonomy":"category","embeddable":true,"href":"https:\/\/www.europesays.com\/lt\/wp-json\/wp\/v2\/categories?post=268880"},{"taxonomy":"post_tag","embeddable":true,"href":"https:\/\/www.europesays.com\/lt\/wp-json\/wp\/v2\/tags?post=268880"}],"curies":[{"name":"wp","href":"https:\/\/api.w.org\/{rel}","templated":true}]}}