{"id":268992,"date":"2026-09-04T09:40:40","date_gmt":"2026-09-04T09:40:40","guid":{"rendered":"https:\/\/www.europesays.com\/lt\/268992\/"},"modified":"2026-09-04T09:40:40","modified_gmt":"2026-09-04T09:40:40","slug":"gandai-nepasitvirtino-armandas-kucys-lieka-celje","status":"publish","type":"post","link":"https:\/\/www.europesays.com\/lt\/268992\/","title":{"rendered":"Gandai nepasitvirtino. Armandas Ku\u010dys lieka \u201eCelje\u201c"},"content":{"rendered":"<p>Pastar\u0105sias kelias savaites apie galim\u0105 Armando Ku\u010dio persik\u0117lim\u0105 \u012f Belgrado \u201eCrvena Zvezda\u201c klub\u0105 mirg\u0117j\u0119 gandai nepasitvirtino \u2013 Lietuvos rinktin\u0117s puol\u0117jas karjer\u0105 t\u0119s Slov\u0117nijos \u010dempion\u0117s \u201eCelje\u201c ekipoje, kuri rugs\u0117jo 16 dien\u0105 Leverkuzene su \u201eBayer\u201c prad\u0117s Europos lygos kampanij\u0105.<\/p>\n<p>\u201eNe paslaptis, kad treneris Albertas Riera nor\u0117t\u0173 Armando savo komandoje, ta\u010diau ties tuo \u0161i istorija ir baigta. I\u0161 klubo nebuvo jokio susidom\u0117jimo Armandu, tad tos visos \u017einut\u0117s \u017einiasklaidoje tebuvo i\u0161p\u016bstas burbulas. Liekam Slov\u0117nijoje, o Armandas bando \u012frodyti, ko yra vertas\u201c, &#8211; sportas.lt sak\u0117 A. Ku\u010dio agentas Paulius Paknys.<\/p>\n<p>Puol\u0117jas dar \u0161\u012f m\u0117nes\u012f pasirodys ir Lietuvos publikai Taut\u0173 lygos rungtyn\u0117se (rugs\u0117jo 27 d.) su Azerbaid\u017eanu ir kontrolin\u0117se rungtyn\u0117se (rugs\u0117jo 30 d.) \u2013 su Andora.  \u00a0<\/p>\n","protected":false},"excerpt":{"rendered":"Pastar\u0105sias kelias savaites apie galim\u0105 Armando Ku\u010dio persik\u0117lim\u0105 \u012f Belgrado \u201eCrvena Zvezda\u201c klub\u0105 mirg\u0117j\u0119 gandai nepasitvirtino \u2013 Lietuvos&hellip;\n","protected":false},"author":2,"featured_media":268993,"comment_status":"","ping_status":"","sticky":false,"template":"","format":"standard","meta":{"footnotes":"","_share_on_mastodon":"0"},"categories":[19],"tags":[57,43,55,48,54,51,49,50,37,39,36,38,40,45,23,44,53,42,56,47,112,104,46,58,52],"class_list":["post-268992","post","type-post","status-publish","format-standard","has-post-thumbnail","category-sportas","tag-daiktai","tag-dienos-kronika","tag-gatves-tekstai","tag-gyvenimas","tag-interneto-pievos","tag-keliones","tag-kultura","tag-laisvalaikis","tag-lietuva","tag-lietuviu","tag-lithuania","tag-lithuanian","tag-lt","tag-mokslas-ir-it","tag-naujienos","tag-pasaulis","tag-projektai","tag-rinktiniai-tekstai","tag-simtmecio-portalas","tag-sportas","tag-sportas-lt","tag-sports","tag-verslas","tag-video","tag-zaidimai"],"share_on_mastodon":{"url":"https:\/\/pubeurope.com\/@lt\/117212114052539646","error":""},"_links":{"self":[{"href":"https:\/\/www.europesays.com\/lt\/wp-json\/wp\/v2\/posts\/268992","targetHints":{"allow":["GET"]}}],"collection":[{"href":"https:\/\/www.europesays.com\/lt\/wp-json\/wp\/v2\/posts"}],"about":[{"href":"https:\/\/www.europesays.com\/lt\/wp-json\/wp\/v2\/types\/post"}],"author":[{"embeddable":true,"href":"https:\/\/www.europesays.com\/lt\/wp-json\/wp\/v2\/users\/2"}],"replies":[{"embeddable":true,"href":"https:\/\/www.europesays.com\/lt\/wp-json\/wp\/v2\/comments?post=268992"}],"version-history":[{"count":0,"href":"https:\/\/www.europesays.com\/lt\/wp-json\/wp\/v2\/posts\/268992\/revisions"}],"wp:featuredmedia":[{"embeddable":true,"href":"https:\/\/www.europesays.com\/lt\/wp-json\/wp\/v2\/media\/268993"}],"wp:attachment":[{"href":"https:\/\/www.europesays.com\/lt\/wp-json\/wp\/v2\/media?parent=268992"}],"wp:term":[{"taxonomy":"category","embeddable":true,"href":"https:\/\/www.europesays.com\/lt\/wp-json\/wp\/v2\/categories?post=268992"},{"taxonomy":"post_tag","embeddable":true,"href":"https:\/\/www.europesays.com\/lt\/wp-json\/wp\/v2\/tags?post=268992"}],"curies":[{"name":"wp","href":"https:\/\/api.w.org\/{rel}","templated":true}]}}