{"id":268994,"date":"2026-09-04T09:41:44","date_gmt":"2026-09-04T09:41:44","guid":{"rendered":"https:\/\/www.europesays.com\/lt\/268994\/"},"modified":"2026-09-04T09:41:44","modified_gmt":"2026-09-04T09:41:44","slug":"maxima-grupe-siemet-ismokejo-101-mln-euru-dividendu","status":"publish","type":"post","link":"https:\/\/www.europesays.com\/lt\/268994\/","title":{"rendered":"\u201eMaxima grup\u0117\u201c \u0161iemet i\u0161mok\u0117jo 101 mln. eur\u0173 dividend\u0173"},"content":{"rendered":"\n<p>Pernai akcininkei buvo i\u0161mok\u0117ta 106 mln. eur\u0173 dividend\u0173 u\u017e 2024 metus.<\/p>\n<p>Kaip ra\u0161\u0117 BNS, \u201eVilniaus prekybai\u201c pernai gruod\u012f taip pat i\u0161mok\u0117ta 424 mln. eur\u0173 dividend\u0173 i\u0161 \u201eMaxima grup\u0117s\u201c versl\u0173 Lenkijoje ir Bulgarijoje perleidimo kitai tos \u201eVilniaus prekybos\u201c \u012fmonei.<\/p>\n<p>\u201eMaxima grup\u0117\u201c pernai u\u017edirbo 209 mln. eur\u0173 konsoliduoto grynojo pelno \u2013 53,7 proc. daugiau, o tai l\u0117m\u0117 77,6 mln. eur\u0173 pelnas i\u0161 Lenkijos ir Bulgarijos \u012fmoni\u0173 perleidimo. Be \u0161ios sumos grynasis pelnas ma\u017e\u0117jo apie 2,3 procento.<\/p>\n<p>Pirm\u0105j\u012f \u0161i\u0173 met\u0173 pusmet\u012f grup\u0117s grynasis pelnas, \u012fskaitant nuostol\u012f d\u0117l \u0161i\u0173 \u012fmoni\u0173 perleidimo, augo 55 proc. iki 85,7 mln. eur\u0173, o pajamos \u2013 2,8 proc. ir siek\u0117 2,03 mlrd. eur\u0173.\u00a0<\/p>\n<p>\u201eVilniaus prekyba\u201c valdo 100 proc. \u201eMaxima grup\u0117s\u201c akcij\u0173.<\/p>\n<p>\n                                        \u0160altinis:<br \/>\n                                                                                    BNS\n                                                                                <\/p>\n<p><a href=\"https:\/\/www.indeliai.lt\/\" target=\"_blank\" rel=\"nofollow noopener\"><img decoding=\"async\" alt=\"indeliai.lt\" src=\"https:\/\/www.europesays.com\/lt\/wp-content\/uploads\/2026\/09\/1788514904_867_Indeliainew.jpg\" style=\"width: 100%; max-height: 250px; max-width: 800px\" \/><\/a><\/p>\n","protected":false},"excerpt":{"rendered":"Pernai akcininkei buvo i\u0161mok\u0117ta 106 mln. eur\u0173 dividend\u0173 u\u017e 2024 metus. Kaip ra\u0161\u0117 BNS, \u201eVilniaus prekybai\u201c pernai gruod\u012f&hellip;\n","protected":false},"author":2,"featured_media":268995,"comment_status":"","ping_status":"","sticky":false,"template":"","format":"standard","meta":{"footnotes":"","_share_on_mastodon":"0"},"categories":[17],"tags":[38865,81,57,43,55,48,54,51,49,50,37,39,36,38,40,45,23,44,53,42,56,47,41,46,58,52],"class_list":["post-268994","post","type-post","status-publish","format-standard","has-post-thumbnail","category-verslas","tag-2026-09-04-105706","tag-business","tag-daiktai","tag-dienos-kronika","tag-gatves-tekstai","tag-gyvenimas","tag-interneto-pievos","tag-keliones","tag-kultura","tag-laisvalaikis","tag-lietuva","tag-lietuviu","tag-lithuania","tag-lithuanian","tag-lt","tag-mokslas-ir-it","tag-naujienos","tag-pasaulis","tag-projektai","tag-rinktiniai-tekstai","tag-simtmecio-portalas","tag-sportas","tag-tv3-lt","tag-verslas","tag-video","tag-zaidimai"],"share_on_mastodon":{"url":"https:\/\/pubeurope.com\/@lt\/117212118511178894","error":""},"_links":{"self":[{"href":"https:\/\/www.europesays.com\/lt\/wp-json\/wp\/v2\/posts\/268994","targetHints":{"allow":["GET"]}}],"collection":[{"href":"https:\/\/www.europesays.com\/lt\/wp-json\/wp\/v2\/posts"}],"about":[{"href":"https:\/\/www.europesays.com\/lt\/wp-json\/wp\/v2\/types\/post"}],"author":[{"embeddable":true,"href":"https:\/\/www.europesays.com\/lt\/wp-json\/wp\/v2\/users\/2"}],"replies":[{"embeddable":true,"href":"https:\/\/www.europesays.com\/lt\/wp-json\/wp\/v2\/comments?post=268994"}],"version-history":[{"count":0,"href":"https:\/\/www.europesays.com\/lt\/wp-json\/wp\/v2\/posts\/268994\/revisions"}],"wp:featuredmedia":[{"embeddable":true,"href":"https:\/\/www.europesays.com\/lt\/wp-json\/wp\/v2\/media\/268995"}],"wp:attachment":[{"href":"https:\/\/www.europesays.com\/lt\/wp-json\/wp\/v2\/media?parent=268994"}],"wp:term":[{"taxonomy":"category","embeddable":true,"href":"https:\/\/www.europesays.com\/lt\/wp-json\/wp\/v2\/categories?post=268994"},{"taxonomy":"post_tag","embeddable":true,"href":"https:\/\/www.europesays.com\/lt\/wp-json\/wp\/v2\/tags?post=268994"}],"curies":[{"name":"wp","href":"https:\/\/api.w.org\/{rel}","templated":true}]}}