{"id":269008,"date":"2026-09-04T09:55:55","date_gmt":"2026-09-04T09:55:55","guid":{"rendered":"https:\/\/www.europesays.com\/lt\/269008\/"},"modified":"2026-09-04T09:55:55","modified_gmt":"2026-09-04T09:55:55","slug":"putinas-prakalbo-apie-galimybe-uzbaigti-kara-o-zelenskis-laukia-jav-delegacijos-respublika-lt","status":"publish","type":"post","link":"https:\/\/www.europesays.com\/lt\/269008\/","title":{"rendered":"Putinas prakalbo apie galimyb\u0119 u\u017ebaigti kar\u0105, o Zelenskis laukia JAV delegacijos &#8211; Respublika.lt"},"content":{"rendered":"<p><img loading=\"lazy\" decoding=\"async\" src=\"https:\/\/www.respublika.lt\/lt\/naujienos\/pasaulis\/pasaulio_politika\/putinas-prakalbo-apie-galimybe-uzbaigti-kara-o-zelenskis-laukia-jav-delegacijos\/images\/ico_camera_white.gif\" class=\"camera\" width=\"22\" height=\"15\" alt=\"nuotr.\" style=\"position:relative; top:-2px; right:2px;\"\/> 1 nuotr.<\/p>\n<p>Volodymyras Zelenskis ir Vladimiras Putinas. EPA-Eltos nuotr.<\/p>\n<p style=\"text-align: left;\">Rusijos prezidentas Vladimiras Putinas ketvirtadien\u012f parei\u0161k\u0117, kad yra galimyb\u0117 pasiekti susitarim\u0105 d\u0117l karo Ukrainoje u\u017ebaigimo, o Ukrainos prezidentas Volodymyras Zelenskis teig\u0117, jog JAV derybininkai, bandantys tarpininkauti susitarimui, netrukus apsilankys ir Maskvoje, ir Kijeve, prane\u0161a \u201eTVP World\u201c.<\/p>\n<p style=\"text-align: justify;\" class=\"desktop_banner\">\u00a0<\/p>\n<p style=\"text-align: left;\">Dalyvaudamas ekonomikos forume Rusijos Tolimuosiuose Rytuose, V. Putinas sak\u0117, kad kelios \u0161alys, \u012fskaitant JAV ir Kinij\u0105, yra pasirengusios remti taikos susitarim\u0105.<\/p>\n<p style=\"text-align: left;\">\u201eVis d\u0117lto, problem\u0105 turi i\u0161spr\u0119sti konflikte dalyvaujan\u010dios \u0161alys \u2013 Rusija ir Ukraina. Esame d\u0117kingi visiems, bandantiems prisid\u0117ti prie susitarimo. Ar yra tokia galimyb\u0117? Mano nuomone, taip, yra\u201c, \u2013 sak\u0117 jis.<\/p>\n<p style=\"text-align: left;\">Rusijos vadovas prid\u016br\u0117, kad su Ukraina vis dar palaikomi kontaktai.<\/p>\n<p style=\"text-align: left;\">\u201eMan dabar sunku pasakyti, kiek \u0161ie kontaktai i\u0161 tikr\u0173j\u0173 artina prie taikos susitarimo, atsi\u017evelgiant \u012f parei\u0161kimus, kuriuos pastaruoju metu gird\u0117jome i\u0161 Ukrainos auk\u0161\u010diausios vadovyb\u0117s. Ta\u010diau kontaktai egzistuoja ir nuolat t\u0119siasi \u2013 daugiausia per \u017evalgybos kanalus\u201c,\u2013 kalb\u0117jo V. Putinas.<\/p>\n<p style=\"text-align: left;\">Tuo metu Kijeve V. Zelenskis savo vakariniame kreipimesi \u012f ukrainie\u010dius teig\u0117, kad jau nustatytos preliminarios JAV derybinink\u0173 vizito datos.<\/p>\n<p style=\"text-align: left;\">\u201eTikim\u0117s \u010dia, Kijeve, i\u0161vysti JAV prezidento atstovus\u201c \u2013 sak\u0117 V. Zelenskis.<\/p>\n<p style=\"text-align: left;\">\u201eSu jais \u012fvyks susitikimai ir Maskvoje, ir Kijeve. Laukiame susitikimo artimiausiomis dienomis. Tai labai svarbu. Svarbu, kad Amerika i\u0161lieka aktyvi\u201c, \u2013 sak\u0117 Ukrainos prezidentas.<\/p>\n<p style=\"text-align: left;\">Kaip ra\u0161\u0117 ELTA, Ukrainos u\u017esienio reikal\u0173 ministras Andrejus Sybiha ketvirtadien\u012f teig\u0117 besitikintis naujos dinamikos pastangose siekiant taikiai u\u017ebaigti Rusijos kar\u0105 prie\u0161 Ukrain\u0105.<\/p>\n<p style=\"text-align: left;\">\u201eDiplomatija turi vaidinti vis aktyvesn\u012f vaidmen\u012f siekiant taikos ir siekiant sustabdyti Rusijos agresij\u0105 \u2013 o be JAV dalyvavimo tai nerealu. Tokios yra geopolitin\u0117s realijos. (\u2026) Mes kovojame u\u017e savo \u017eem\u0119, kovojame u\u017e teising\u0105 taik\u0105. O dabar, mano nuomone, m\u016bs\u0173 pastangose siekiant taikos atsiras nauja dinamika, nes daugelyje pasaulio sostini\u0173 v\u0117l prasid\u0117s aktyvi politin\u0117 ir diplomatin\u0117 veikla. Tod\u0117l sekite naujienas\u201c, \u2013 \u017eurnalistams sak\u0117 A. Sybiha.<\/p>\n<p style=\"text-align: left;\">Per ketverius su puse met\u0173 trunkant\u012f kar\u0105, nusine\u0161us\u012f daugiausiai gyvybi\u0173 Europoje nuo Antrojo pasaulinio karo laik\u0173, abi pus\u0117s retai pateikia optimisti\u0161k\u0105 taikos perspektyv\u0173 vertinim\u0105.<\/p>\n<p style=\"text-align: left;\">J\u0173 paskutinis JAV tarpininkaujamas susitikimas \u012fvyko vasar\u012f.<\/p>\n<p style=\"text-align: left;\">Nuo tada, kai JAV d\u0117mes\u012f nukreip\u0117 \u012f kar\u0105 su Iranu, tiek Rusija, tiek Ukraina suintensyvino tolimojo nuotolio sm\u016bgius giliai viena kitos teritorijoje.<\/p>\n<p style=\"text-align: left;\">Karas j\u016broje taip pat smarkiai paa\u0161tr\u0117jo \u2013 abi pus\u0117s rengia i\u0161puolius prie\u0161 uostus ir komercin\u0119 laivyb\u0105.<\/p>\n","protected":false},"excerpt":{"rendered":"1 nuotr. Volodymyras Zelenskis ir Vladimiras Putinas. EPA-Eltos nuotr. Rusijos prezidentas Vladimiras Putinas ketvirtadien\u012f parei\u0161k\u0117, kad yra galimyb\u0117&hellip;\n","protected":false},"author":2,"featured_media":269009,"comment_status":"","ping_status":"","sticky":false,"template":"","format":"standard","meta":{"footnotes":"","_share_on_mastodon":"0"},"categories":[6],"tags":[25,30,31,6949,34,35,24,223,815,32,33,37,39,36,38,40,23,22,28,29,2370,119,4480,26,27,360,363],"class_list":["post-269008","post","type-post","status-publish","format-standard","has-post-thumbnail","category-antrastes","tag-antrastes","tag-breaking-news","tag-breakingnews","tag-derybos","tag-featured-news","tag-featurednews","tag-headlines","tag-jav","tag-karas","tag-latest-news","tag-latestnews","tag-lietuva","tag-lietuviu","tag-lithuania","tag-lithuanian","tag-lt","tag-naujienos","tag-news","tag-populiariausios-naujienos","tag-populiariausiosnaujienos","tag-putinas","tag-rusija","tag-taika","tag-top-stories","tag-topstories","tag-ukraina","tag-zelenskis"],"share_on_mastodon":{"url":"https:\/\/pubeurope.com\/@lt\/117212177345713481","error":""},"_links":{"self":[{"href":"https:\/\/www.europesays.com\/lt\/wp-json\/wp\/v2\/posts\/269008","targetHints":{"allow":["GET"]}}],"collection":[{"href":"https:\/\/www.europesays.com\/lt\/wp-json\/wp\/v2\/posts"}],"about":[{"href":"https:\/\/www.europesays.com\/lt\/wp-json\/wp\/v2\/types\/post"}],"author":[{"embeddable":true,"href":"https:\/\/www.europesays.com\/lt\/wp-json\/wp\/v2\/users\/2"}],"replies":[{"embeddable":true,"href":"https:\/\/www.europesays.com\/lt\/wp-json\/wp\/v2\/comments?post=269008"}],"version-history":[{"count":0,"href":"https:\/\/www.europesays.com\/lt\/wp-json\/wp\/v2\/posts\/269008\/revisions"}],"wp:featuredmedia":[{"embeddable":true,"href":"https:\/\/www.europesays.com\/lt\/wp-json\/wp\/v2\/media\/269009"}],"wp:attachment":[{"href":"https:\/\/www.europesays.com\/lt\/wp-json\/wp\/v2\/media?parent=269008"}],"wp:term":[{"taxonomy":"category","embeddable":true,"href":"https:\/\/www.europesays.com\/lt\/wp-json\/wp\/v2\/categories?post=269008"},{"taxonomy":"post_tag","embeddable":true,"href":"https:\/\/www.europesays.com\/lt\/wp-json\/wp\/v2\/tags?post=269008"}],"curies":[{"name":"wp","href":"https:\/\/api.w.org\/{rel}","templated":true}]}}