{"id":269010,"date":"2026-09-04T09:59:36","date_gmt":"2026-09-04T09:59:36","guid":{"rendered":"https:\/\/www.europesays.com\/lt\/269010\/"},"modified":"2026-09-04T09:59:36","modified_gmt":"2026-09-04T09:59:36","slug":"pateike-prognoze-del-elektros-kainu-ar-mazes-rugseji","status":"publish","type":"post","link":"https:\/\/www.europesays.com\/lt\/269010\/","title":{"rendered":"Pateik\u0117 prognoz\u0119 d\u0117l elektros kain\u0173: ar ma\u017e\u0117s rugs\u0117j\u012f?"},"content":{"rendered":"\n<p>\u201eRugs\u0117jis yra vienas i\u0161 t\u0173 m\u0117nesi\u0173, kuri\u0173 kain\u0173 pokyt\u012f prognozuoti ypa\u010d sud\u0117tinga \u2013 pastaraisiais metais mat\u0117me ir gana ry\u0161k\u0173 kain\u0173 augim\u0105, ir j\u0173 ma\u017e\u0117jim\u0105, tod\u0117l vien sezonin\u0117mis tendencijomis remtis negalime\u201c, \u2013 prane\u0161ime cituojamas \u201eElektrum Lietuva\u201c komercijos vadovas Mantas Kavaliauskas.<\/p>\n<p>     \u201eElektrum Lietuva\u201c: rugs\u0117j\u012f elektros kainos ma\u017e\u0117jimo nesitikima <\/p>\n<p>M. Kavaliausko teigimu, vienas svarbiausi\u0173 rugs\u0117jo elektros kain\u0105 lemian\u010di\u0173 veiksni\u0173 bus gamybos ir vartojimo balansas, taip pat v\u0117jo generacija Lietuvoje bei \u0160iaur\u0117s \u0161alyse.<\/p>\n<p>\u201eRugs\u0117j\u012f svarbu bus ne tik tai, kiek elektros pagamins saul\u0117s ir v\u0117jo elektrin\u0117s, bet ir kuriuo paros metu \u0161i energija bus pagaminama. Jei ma\u017eesn\u0117 atsinaujinan\u010di\u0173 i\u0161tekli\u0173 generacija sutaps su did\u017eiausio vartojimo valandomis, tr\u016bkstam\u0105 elektros kiek\u012f reik\u0117s u\u017etikrinti brangesniais gamybos \u0161altiniais arba importu\u201c, \u2013 nurodo M. Kavaliauskas.<\/p>\n<p>Teigiama, kad papildom\u0105 spaudim\u0105 energetikos rinkai vis labiau kelia gamtini\u0173 duj\u0173 kainos. Anot bendrov\u0117s, rugpj\u016b\u010dio pabaigoje Europos S\u0105jungos duj\u0173 saugyklos buvo u\u017epildytos apie 65 proc., kai prie\u0161 metus tuo pa\u010diu metu \u2013 apie 78 proc.\u00a0<\/p>\n<p>M. Kavaliauskas pabr\u0117\u017eia, kad ma\u017eesni energijos rezervai rei\u0161kia, jog rinka tampa ma\u017eiau atspari netik\u0117tiems paklausos ar pasi\u016blos poky\u010diams.<\/p>\n<p>\u201eJei ruden\u012f i\u0161augt\u0173 duj\u0173 poreikis, suma\u017e\u0117t\u0173 hidroenergijos gamyba ar atsirast\u0173 papildom\u0173 tiekimo trikd\u017ei\u0173, kainos gal\u0117t\u0173 kilti spar\u010diau. Prie \u0161ios rizikos prisideda ir situacija Artimuosiuose Rytuose, kuri gali toliau veikti duj\u0173 kainas <a href=\"https:\/\/www.tv3.lt\/rubrika\/naujienos\/uzsienis\/europa\" target=\"_blank\" class=\"phrase\" rel=\"nofollow noopener\">Europoje<\/a>, o jos savo ruo\u017etu turi tiesiogin\u0119 \u012ftak\u0105 elektros gamybos s\u0105naudoms. Tod\u0117l \u017evelgiant \u012f vis\u0173 \u0161i\u0173 veiksni\u0173 visum\u0105, rugs\u0117jo scenarijus kain\u0173 prasme kol kas n\u0117ra optimistinis\u201c, \u2013 teigia jis.<\/p>\n<p>Bendrov\u0117s duomenimis, pernai vidutin\u0117 elektros kaina nuo 80,06 euro rugpj\u016bt\u012f padid\u0117jo iki 84,04 euro u\u017e MWh rugs\u0117j\u012f.\u00a0<\/p>\n<p>Tuo metu 2024 m. situacija buvo prie\u0161inga \u2013 kaina suma\u017e\u0117jo nuo 108,95 iki 83,68 euro u\u017e MWh, ta\u010diau 2023 m. rugs\u0117j\u012f ji augo \u2013 nuo 102,49 iki 117,41 euro MWh.<\/p>\n<p><a href=\"https:\/\/www.indeliai.lt\/\" target=\"_blank\" rel=\"nofollow noopener\"><img decoding=\"async\" alt=\"indeliai.lt\" src=\"https:\/\/www.europesays.com\/lt\/wp-content\/uploads\/2026\/09\/1788515976_169_Indeliainew.jpg\" style=\"width: 100%; max-height: 250px; max-width: 800px\" \/><\/a><\/p>\n","protected":false},"excerpt":{"rendered":"\u201eRugs\u0117jis yra vienas i\u0161 t\u0173 m\u0117nesi\u0173, kuri\u0173 kain\u0173 pokyt\u012f prognozuoti ypa\u010d sud\u0117tinga \u2013 pastaraisiais metais mat\u0117me ir gana&hellip;\n","protected":false},"author":2,"featured_media":269011,"comment_status":"","ping_status":"","sticky":false,"template":"","format":"standard","meta":{"footnotes":"","_share_on_mastodon":"0"},"categories":[17],"tags":[38866,81,57,43,55,48,54,51,49,50,37,39,36,38,40,45,23,44,53,42,56,47,41,46,58,52],"class_list":["post-269010","post","type-post","status-publish","format-standard","has-post-thumbnail","category-verslas","tag-2026-09-04-123243","tag-business","tag-daiktai","tag-dienos-kronika","tag-gatves-tekstai","tag-gyvenimas","tag-interneto-pievos","tag-keliones","tag-kultura","tag-laisvalaikis","tag-lietuva","tag-lietuviu","tag-lithuania","tag-lithuanian","tag-lt","tag-mokslas-ir-it","tag-naujienos","tag-pasaulis","tag-projektai","tag-rinktiniai-tekstai","tag-simtmecio-portalas","tag-sportas","tag-tv3-lt","tag-verslas","tag-video","tag-zaidimai"],"share_on_mastodon":{"url":"https:\/\/pubeurope.com\/@lt\/117212189295376679","error":""},"_links":{"self":[{"href":"https:\/\/www.europesays.com\/lt\/wp-json\/wp\/v2\/posts\/269010","targetHints":{"allow":["GET"]}}],"collection":[{"href":"https:\/\/www.europesays.com\/lt\/wp-json\/wp\/v2\/posts"}],"about":[{"href":"https:\/\/www.europesays.com\/lt\/wp-json\/wp\/v2\/types\/post"}],"author":[{"embeddable":true,"href":"https:\/\/www.europesays.com\/lt\/wp-json\/wp\/v2\/users\/2"}],"replies":[{"embeddable":true,"href":"https:\/\/www.europesays.com\/lt\/wp-json\/wp\/v2\/comments?post=269010"}],"version-history":[{"count":0,"href":"https:\/\/www.europesays.com\/lt\/wp-json\/wp\/v2\/posts\/269010\/revisions"}],"wp:featuredmedia":[{"embeddable":true,"href":"https:\/\/www.europesays.com\/lt\/wp-json\/wp\/v2\/media\/269011"}],"wp:attachment":[{"href":"https:\/\/www.europesays.com\/lt\/wp-json\/wp\/v2\/media?parent=269010"}],"wp:term":[{"taxonomy":"category","embeddable":true,"href":"https:\/\/www.europesays.com\/lt\/wp-json\/wp\/v2\/categories?post=269010"},{"taxonomy":"post_tag","embeddable":true,"href":"https:\/\/www.europesays.com\/lt\/wp-json\/wp\/v2\/tags?post=269010"}],"curies":[{"name":"wp","href":"https:\/\/api.w.org\/{rel}","templated":true}]}}