{"id":269104,"date":"2026-09-04T11:53:38","date_gmt":"2026-09-04T11:53:38","guid":{"rendered":"https:\/\/www.europesays.com\/lt\/269104\/"},"modified":"2026-09-04T11:53:38","modified_gmt":"2026-09-04T11:53:38","slug":"advokate-liudvika-meskauskaite-atejome-iki-tokio-tasko-kai-neliko-etikos-respublika-lt","status":"publish","type":"post","link":"https:\/\/www.europesays.com\/lt\/269104\/","title":{"rendered":"Advokat\u0117 Liudvika Me\u0161kauskait\u0117: At\u0117jome iki tokio ta\u0161ko, kai neliko etikos &#8211; Respublika.lt"},"content":{"rendered":"<p><img loading=\"lazy\" decoding=\"async\" src=\"https:\/\/www.respublika.lt\/lt\/naujienos\/lietuva\/kitos-lietuvos-zinios\/advokate-liudvika-meskauskaite-atejome-iki-tokio-tasko-kai-neliko-etikos\/images\/ico_camera_white.gif\" class=\"camera\" width=\"22\" height=\"15\" alt=\"nuotr.\" style=\"position:relative; top:-2px; right:2px;\"\/> 1 nuotr.<\/p>\n<p>Liudvika Me\u0161kauskait\u0117. Eltos nuotr.<\/p>\n<p style=\"text-align: left;\">Prezidentui \u012f LRT taryb\u0105 paskyrus advokat\u0119, \u017einiasklaidos teis\u0117s ekspert\u0119 Liudvik\u0105 Me\u0161kauskait\u0119, kilo nema\u017eai reakcij\u0173. Politikai kritikuoja tok\u012f sprendim\u0105, o LRT veidai tarybos nar\u0119 vadina provokacija ir \u0161unadvokate, mat teisinink\u0117 ne kart\u0105 vie\u0161ai kritikavo LRT kov\u0105 u\u017e \u017eod\u017eio laisv\u0119 ir esam\u0105 tvark\u0105 transliuotojuje. Pati advokat\u0117 sako, apie tai, jog prie\u0161 j\u0105 bus puolimas, \u017einojusi i\u0161 anksto.<\/p>\n","protected":false},"excerpt":{"rendered":"1 nuotr. Liudvika Me\u0161kauskait\u0117. Eltos nuotr. Prezidentui \u012f LRT taryb\u0105 paskyrus advokat\u0119, \u017einiasklaidos teis\u0117s ekspert\u0119 Liudvik\u0105 Me\u0161kauskait\u0119, kilo&hellip;\n","protected":false},"author":2,"featured_media":269105,"comment_status":"","ping_status":"","sticky":false,"template":"","format":"standard","meta":{"footnotes":"","_share_on_mastodon":"0"},"categories":[13],"tags":[25,30,31,3932,34,35,24,3265,38836,32,33,37,39,36,38,519,40,14442,23,417,22,28,29,1869,26,27,38482,979],"class_list":["post-269104","post","type-post","status-publish","format-standard","has-post-thumbnail","category-lietuva","tag-antrastes","tag-breaking-news","tag-breakingnews","tag-cmilyte-nielsen","tag-featured-news","tag-featurednews","tag-headlines","tag-kasciunas","tag-kompetencija","tag-latest-news","tag-latestnews","tag-lietuva","tag-lietuviu","tag-lithuania","tag-lithuanian","tag-lrt","tag-lt","tag-meskauskaite","tag-naujienos","tag-nauseda","tag-news","tag-populiariausios-naujienos","tag-populiariausiosnaujienos","tag-taryba","tag-top-stories","tag-topstories","tag-valatka","tag-ziniasklaida"],"share_on_mastodon":{"url":"https:\/\/pubeurope.com\/@lt\/117212637636760732","error":""},"_links":{"self":[{"href":"https:\/\/www.europesays.com\/lt\/wp-json\/wp\/v2\/posts\/269104","targetHints":{"allow":["GET"]}}],"collection":[{"href":"https:\/\/www.europesays.com\/lt\/wp-json\/wp\/v2\/posts"}],"about":[{"href":"https:\/\/www.europesays.com\/lt\/wp-json\/wp\/v2\/types\/post"}],"author":[{"embeddable":true,"href":"https:\/\/www.europesays.com\/lt\/wp-json\/wp\/v2\/users\/2"}],"replies":[{"embeddable":true,"href":"https:\/\/www.europesays.com\/lt\/wp-json\/wp\/v2\/comments?post=269104"}],"version-history":[{"count":0,"href":"https:\/\/www.europesays.com\/lt\/wp-json\/wp\/v2\/posts\/269104\/revisions"}],"wp:featuredmedia":[{"embeddable":true,"href":"https:\/\/www.europesays.com\/lt\/wp-json\/wp\/v2\/media\/269105"}],"wp:attachment":[{"href":"https:\/\/www.europesays.com\/lt\/wp-json\/wp\/v2\/media?parent=269104"}],"wp:term":[{"taxonomy":"category","embeddable":true,"href":"https:\/\/www.europesays.com\/lt\/wp-json\/wp\/v2\/categories?post=269104"},{"taxonomy":"post_tag","embeddable":true,"href":"https:\/\/www.europesays.com\/lt\/wp-json\/wp\/v2\/tags?post=269104"}],"curies":[{"name":"wp","href":"https:\/\/api.w.org\/{rel}","templated":true}]}}