{"id":269134,"date":"2026-09-04T12:45:38","date_gmt":"2026-09-04T12:45:38","guid":{"rendered":"https:\/\/www.europesays.com\/lt\/269134\/"},"modified":"2026-09-04T12:45:38","modified_gmt":"2026-09-04T12:45:38","slug":"lietuvos-sporto-bendruomeneje-skaudi-netektis","status":"publish","type":"post","link":"https:\/\/www.europesays.com\/lt\/269134\/","title":{"rendered":"Lietuvos sporto bendruomen\u0117je \u2013 skaudi netektis"},"content":{"rendered":"\n<p>Treneris per savo karjer\u0105 dirbo su \u012fvairiais futbolo klubais bei jaunimo rinktin\u0117mis. Jis prisimenamas kaip atsidav\u0119s treneris, \u012fkv\u0117p\u0119s ne vien\u0105 jaun\u0105 sportinink\u0105 pamilti futbol\u0105.<\/p>\n<p>Skaud\u017ei\u0105 \u017eini\u0105 apie netekt\u012f socialiniuose tinkluose prane\u0161\u0119 V\u0161\u012e \u201eSporto pa\u017eanga\u201c atstovai rei\u0161kia u\u017euojaut\u0105 artimiesiems, draugams ir visiems, kam teko pa\u017einti trener\u012f.<\/p>\n<p>\u201eNuo\u0161irdi u\u017euojauta visai futbolo bendruomenei \u2013 vakar netekome gerbiamo, vis\u0173 mylimo Trenerio Vladimiras Jevi\u010dius<\/p>\n<p>\u200bA\u010di\u016b u\u017e kiekvien\u0105 treniruot\u0119, azart\u0105 aik\u0161tel\u0117je, t\u0117vi\u0161k\u0105 palaikym\u0105 ir i\u0161ugdyt\u0105 meil\u0119 <a href=\"https:\/\/www.tv3.lt\/rubrika\/naujienos\/sportas\/futbolas\" target=\"_blank\" class=\"phrase\" rel=\"nofollow noopener\">futbolui<\/a> J\u016bs\u0173 pamokos ir i\u0161mintis liks m\u016bs\u0173 \u0161irdyse, o aukl\u0117tiniai i\u0161did\u017eiai t\u0119s Tavo prad\u0117t\u0105 keli\u0105<\/p>\n<p>Treneris treniravo FK Svajotojas, FK Polonija, FK Snoras, jauni\u0173 <a href=\"https:\/\/www.facebook.com\/LTUfutbolas?__cft__[0]=AZi7qsJe-1zLEx4r8aLBDPy0yIwejEX_-zCVyOVWOqxQRLfs7n7wXkR79TXS2nGk0_vrVNy37PXosjUOglx1833Tra1zOk4EwFZo33JMZt8iuRhJqmKkj4vk5ry8O0MXv23Y_0AvzwvSXa7jTvMKcvMZiZtBWxrT0Y8VEY635sZDULQ-_j-NnLAwFwA&amp;__tn__=-]K-R\" rel=\"nofollow noopener\" target=\"_blank\">Lietuvos futbolas<\/a> <a href=\"https:\/\/www.facebook.com\/futsal.lt?__cft__[0]=AZi7qsJe-1zLEx4r8aLBDPy0yIwejEX_-zCVyOVWOqxQRLfs7n7wXkR79TXS2nGk0_vrVNy37PXosjUOglx1833Tra1zOk4EwFZo33JMZt8iuRhJqmKkj4vk5ry8O0MXv23Y_0AvzwvSXa7jTvMKcvMZiZtBWxrT0Y8VEY635sZDULQ-_j-NnLAwFwA&amp;__tn__=-]K-R\" rel=\"nofollow noopener\" target=\"_blank\">Futsal.lt<\/a> rinktin\u0119&#8230;<\/p>\n<p>\u200bIls\u0117kis ramyb\u0117je, Treneri. Tavo \u0161vilpukas nutilo, bet legenda lieka gyva.<\/p>\n<p>A\u010di\u016b!\u201c \u2013 li\u016bdna \u017einia \u201eFacebook\u201c dalijosi V\u0161\u012e \u201eSporto pa\u017eanga\u201c.<\/p>\n<p>\n                                        \u0160altinis:<br \/>\n                                                                                    tv3.lt\n                                                                                <\/p>\n","protected":false},"excerpt":{"rendered":"Treneris per savo karjer\u0105 dirbo su \u012fvairiais futbolo klubais bei jaunimo rinktin\u0117mis. Jis prisimenamas kaip atsidav\u0119s treneris, \u012fkv\u0117p\u0119s&hellip;\n","protected":false},"author":2,"featured_media":269135,"comment_status":"","ping_status":"","sticky":false,"template":"","format":"standard","meta":{"footnotes":"","_share_on_mastodon":"0"},"categories":[19],"tags":[38878,57,43,55,48,54,51,49,50,37,39,36,38,40,45,23,44,53,42,56,47,104,41,46,58,52],"class_list":["post-269134","post","type-post","status-publish","format-standard","has-post-thumbnail","category-sportas","tag-2026-09-04-092000","tag-daiktai","tag-dienos-kronika","tag-gatves-tekstai","tag-gyvenimas","tag-interneto-pievos","tag-keliones","tag-kultura","tag-laisvalaikis","tag-lietuva","tag-lietuviu","tag-lithuania","tag-lithuanian","tag-lt","tag-mokslas-ir-it","tag-naujienos","tag-pasaulis","tag-projektai","tag-rinktiniai-tekstai","tag-simtmecio-portalas","tag-sportas","tag-sports","tag-tv3-lt","tag-verslas","tag-video","tag-zaidimai"],"share_on_mastodon":{"url":"https:\/\/pubeurope.com\/@lt\/117212841706950780","error":""},"_links":{"self":[{"href":"https:\/\/www.europesays.com\/lt\/wp-json\/wp\/v2\/posts\/269134","targetHints":{"allow":["GET"]}}],"collection":[{"href":"https:\/\/www.europesays.com\/lt\/wp-json\/wp\/v2\/posts"}],"about":[{"href":"https:\/\/www.europesays.com\/lt\/wp-json\/wp\/v2\/types\/post"}],"author":[{"embeddable":true,"href":"https:\/\/www.europesays.com\/lt\/wp-json\/wp\/v2\/users\/2"}],"replies":[{"embeddable":true,"href":"https:\/\/www.europesays.com\/lt\/wp-json\/wp\/v2\/comments?post=269134"}],"version-history":[{"count":0,"href":"https:\/\/www.europesays.com\/lt\/wp-json\/wp\/v2\/posts\/269134\/revisions"}],"wp:featuredmedia":[{"embeddable":true,"href":"https:\/\/www.europesays.com\/lt\/wp-json\/wp\/v2\/media\/269135"}],"wp:attachment":[{"href":"https:\/\/www.europesays.com\/lt\/wp-json\/wp\/v2\/media?parent=269134"}],"wp:term":[{"taxonomy":"category","embeddable":true,"href":"https:\/\/www.europesays.com\/lt\/wp-json\/wp\/v2\/categories?post=269134"},{"taxonomy":"post_tag","embeddable":true,"href":"https:\/\/www.europesays.com\/lt\/wp-json\/wp\/v2\/tags?post=269134"}],"curies":[{"name":"wp","href":"https:\/\/api.w.org\/{rel}","templated":true}]}}