{"id":269206,"date":"2026-09-04T14:40:41","date_gmt":"2026-09-04T14:40:41","guid":{"rendered":"https:\/\/www.europesays.com\/lt\/269206\/"},"modified":"2026-09-04T14:40:41","modified_gmt":"2026-09-04T14:40:41","slug":"uzfiksavo-gmp-ekipazo-ir-mercedes-benz-susidurima-kauno-centre-video","status":"publish","type":"post","link":"https:\/\/www.europesays.com\/lt\/269206\/","title":{"rendered":"U\u017efiksavo GMP ekipa\u017eo ir \u201eMercedes-Benz\u201c susid\u016brim\u0105 Kauno centre (video)"},"content":{"rendered":"<p>Penktadienio ryt\u0105 K\u0119stu\u010dio ir Maironio gatvi\u0173 sankry\u017eoje Greitosios medicinos pagalbos (GMP) ekipa\u017e\u0105 kliud\u0117 lengvasis automobilis.<\/p>\n<p>\u201eK\u0119stu\u010dio g. \u012fvyko <a href=\"https:\/\/kaunas.kasvyksta.lt\/avarija\" title=\"Avarija\" rel=\"nofollow noopener\" target=\"_blank\">avarija<\/a>. Greit\u0105j\u0105 numu\u0161\u0117 automobilis. K\u0119stu\u010dio g. neprava\u017eiuojama\u201c, \u2013 portalui \u201eKas vyksta Kaune\u201c apie 09.52 val. prane\u0161\u0117 skaitytoja.<\/p>\n<p>Kitas kaunietis, vaizdo registratoriaus pagalba, u\u017efiksavo ir pat\u012f susid\u016brimo moment\u0105.<\/p>\n<p>\u201eA\u0161 manau, kad GMP visi\u0161kai nesilaik\u0117 KET reikalavim\u0173, labai staigiai ir ne\u012fsitikin\u0119 \u012fva\u017eiavo \u012f sankry\u017e\u0105, taip pat tik prie\u0161 sankry\u017e\u0105 \u012fjung\u0117 garso signal\u0105, kas galimai l\u0117m\u0117 \u0161it\u0105 absurdi\u0161k\u0105 ir i\u0161vengiam\u0105 eismo \u012fvyk\u012f\u201c, \u2013 ra\u0161\u0117 nelaim\u0119 \u012fam\u017ein\u0119s vyras.<\/p>\n<p>Anot vairuotoj\u0173, sankry\u017eoje ir aplink formuojasi sp\u016bstis.<\/p>\n<p>\u201eStovi eismas K\u0119stu\u010dio g., venkite \u0161ios vietos ilg\u0105 laik\u0105, manau\u201c, \u2013 ra\u0161oma \u201eKas vyksta Kaune\u201c grup\u0117je.<\/p>\n<p>Gatv\u0117je i\u0161sirikiavo ir vie\u0161asis transportas, troleibusai ir autobusai gali atsilikti nuo mar\u0161ruto grafik\u0173.<\/p>\n","protected":false},"excerpt":{"rendered":"Penktadienio ryt\u0105 K\u0119stu\u010dio ir Maironio gatvi\u0173 sankry\u017eoje Greitosios medicinos pagalbos (GMP) ekipa\u017e\u0105 kliud\u0117 lengvasis automobilis. \u201eK\u0119stu\u010dio g. \u012fvyko&hellip;\n","protected":false},"author":2,"featured_media":269207,"comment_status":"","ping_status":"","sticky":false,"template":"","format":"standard","meta":{"footnotes":"","_share_on_mastodon":"0"},"categories":[13],"tags":[25,155,30,31,563,34,35,24,1061,21852,32,33,37,39,36,38,40,12475,23,22,601,28,29,26,27],"class_list":["post-269206","post","type-post","status-publish","format-standard","has-post-thumbnail","category-lietuva","tag-antrastes","tag-avarija","tag-breaking-news","tag-breakingnews","tag-eismas","tag-featured-news","tag-featurednews","tag-headlines","tag-kaunas","tag-kestucio-gatve","tag-latest-news","tag-latestnews","tag-lietuva","tag-lietuviu","tag-lithuania","tag-lithuanian","tag-lt","tag-maironio-gatve","tag-naujienos","tag-news","tag-policija","tag-populiariausios-naujienos","tag-populiariausiosnaujienos","tag-top-stories","tag-topstories"],"share_on_mastodon":{"url":"https:\/\/pubeurope.com\/@lt\/117213293859948429","error":""},"_links":{"self":[{"href":"https:\/\/www.europesays.com\/lt\/wp-json\/wp\/v2\/posts\/269206","targetHints":{"allow":["GET"]}}],"collection":[{"href":"https:\/\/www.europesays.com\/lt\/wp-json\/wp\/v2\/posts"}],"about":[{"href":"https:\/\/www.europesays.com\/lt\/wp-json\/wp\/v2\/types\/post"}],"author":[{"embeddable":true,"href":"https:\/\/www.europesays.com\/lt\/wp-json\/wp\/v2\/users\/2"}],"replies":[{"embeddable":true,"href":"https:\/\/www.europesays.com\/lt\/wp-json\/wp\/v2\/comments?post=269206"}],"version-history":[{"count":0,"href":"https:\/\/www.europesays.com\/lt\/wp-json\/wp\/v2\/posts\/269206\/revisions"}],"wp:featuredmedia":[{"embeddable":true,"href":"https:\/\/www.europesays.com\/lt\/wp-json\/wp\/v2\/media\/269207"}],"wp:attachment":[{"href":"https:\/\/www.europesays.com\/lt\/wp-json\/wp\/v2\/media?parent=269206"}],"wp:term":[{"taxonomy":"category","embeddable":true,"href":"https:\/\/www.europesays.com\/lt\/wp-json\/wp\/v2\/categories?post=269206"},{"taxonomy":"post_tag","embeddable":true,"href":"https:\/\/www.europesays.com\/lt\/wp-json\/wp\/v2\/tags?post=269206"}],"curies":[{"name":"wp","href":"https:\/\/api.w.org\/{rel}","templated":true}]}}