{"id":269254,"date":"2026-09-04T15:51:22","date_gmt":"2026-09-04T15:51:22","guid":{"rendered":"https:\/\/www.europesays.com\/lt\/269254\/"},"modified":"2026-09-04T15:51:22","modified_gmt":"2026-09-04T15:51:22","slug":"vilniuje-atidarytas-pirmasis-toks-centras-baltijos-salyse-investuotas-61-mln-euru","status":"publish","type":"post","link":"https:\/\/www.europesays.com\/lt\/269254\/","title":{"rendered":"Vilniuje atidarytas pirmasis toks centras Baltijos \u0161alyse: investuotas 61 mln. eur\u0173"},"content":{"rendered":"<p class=\"wp-block-paragraph\">Ketvirtadien\u012f Vilniuje atidarius pirm\u0105j\u012f Baltijos \u0161alyse inovatyv\u0173 l\u0105steli\u0173 terapijos ir personalizuotos medicinos centr\u0105, \u0161alies vadovai akcentuoja \u2013 tai yra visos valstyb\u0117s s\u0117km\u0117, leisianti ateityje didinti biotechnologij\u0173 sektoriaus ind\u0117l\u012f \u012f Lietuvos ekonomik\u0105.<\/p>\n<p class=\"wp-block-paragraph\">Premjeras Mindaugas Sinkevi\u010dius teig\u0117, kad toki\u0173 projekt\u0173 vystymas lemia, jog \u0161alyje bus kuriamos inovacijos ir naujos darbo vietos, kuriose gyventojai gal\u0117s i\u0161pildyti savo potencial\u0105.<\/p>\n<p class=\"wp-block-paragraph\">\u201eTai yra did\u017eiul\u0117 m\u016bs\u0173 valstyb\u0117s s\u0117km\u0117. Biomokslai ir bioindustrijos yra ta sritis, kur mes turime potencial\u0105 ir turime \u017emoni\u0173. Visada tokie verslo modeliai rei\u0161kia inovacijas bei darbo vietas. Ai\u0161ku, kad i\u0161naudojame savo \u017emoni\u0173 protin\u012f potencial\u0105. Turime gamtinius i\u0161teklius, bet turime ir daug protinio potencialo\u201c, \u2013 projekto atidaryme \u017eurnalistams sak\u0117 M. Sinkevi\u010dius.<\/p>\n<p>Skaitykite taip pat<a class=\"miv-ax-rel-link\" href=\"https:\/\/madeinvilnius.lt\/verslas\/vilniaus-rinka\/atskleide-situacija-vilniaus-mba-gamykloje-atliekos-buvo-uzgrudusios-net-privaziavimus\/\" rel=\"nofollow noopener\" target=\"_blank\">Atskleid\u0117 situacij\u0105 Vilniaus MBA gamykloje: atliekos buvo u\u017egr\u016bdusios net priva\u017eiavimus<\/a><a class=\"miv-ax-rel-link\" href=\"https:\/\/madeinvilnius.lt\/naujienos\/miestas\/vrk-tare-zodi-del-benkunsko-ir-mackeviciaus-vaizdo-iraso\/\" rel=\"nofollow noopener\" target=\"_blank\">VRK tar\u0117 \u017eod\u012f d\u0117l Benkunsko ir Mackevi\u010diaus vaizdo \u012fra\u0161o<\/a><\/p>\n<p class=\"wp-block-paragraph\">\u012e \u0161io l\u0105steli\u0173 terapijos ir personalizuotos medicinos centro infrastrukt\u016br\u0105 \u201eNorthway\u201c \u012fmoni\u0173 grup\u0117 investavo 61 mln. eur\u0173, dalis j\u0173 \u2013 priva\u010dios l\u0117\u0161os, dalis \u2013 nacionalinio pl\u0117tros banko ILTE finansavimas.<\/p>\n<p class=\"wp-block-paragraph\">3,5 t\u016bkst. kvadratini\u0173 metr\u0173 ploto centre bus kuriamos ir gaminamos naujos kartos l\u0105steli\u0173 terapijos, personalizuotos terapin\u0117s vakcinos, regeneracin\u0117s medicinos produktai, vystomos 3D \u017emogaus audini\u0173 spausdinimo technologijos.<\/p>\n<p class=\"wp-block-paragraph\">Naujasis centras taps \u201eNorthway\u201c \u012fmoni\u0173 grup\u0117s Vilniuje vystomos \u201eBio City\u201c ekosistemos dalimi. Jame planuojama sukurti apie 100 auk\u0161tos kvalifikacijos darbo viet\u0173.<\/p>\n<p>\u201eAtidarome duris \u012f ateities medicin\u0105\u201c<\/p>\n<p class=\"wp-block-paragraph\">\u201eNorthway\u201c \u012fmoni\u0173 grup\u0117s savininkas Vladas Algirdas Bumelis akcentavo \u2013 Lietuva gali did\u017eiuotis tuo, k\u0105 per pastaruosius de\u0161imtme\u010dius pasiek\u0117 biotechnologij\u0173 srityje.<\/p>\n<p class=\"wp-block-paragraph\">\u201ePrie\u0161 penkiolika met\u0173 netur\u0117jome galimybi\u0173 statyti tokius centrus ir juose kurti, bet k\u0105 tur\u0117jome ir turime \u2013 \u017emones, (\u2026) kurie pad\u0117jo \u012fgyvendinti ambicijas, kurias turime\u201c, \u2013 centro atidaryme kalb\u0117jo \u201eNorthway\u201c savininkas.<\/p>\n<p class=\"wp-block-paragraph\">Profesoriaus teigimu, naujajame centre bus gaminami auk\u0161tos kokyb\u0117s vaistiniai preparatai, atitinkantys tarptautinius reikalavimus.<\/p>\n<p class=\"wp-block-paragraph\">Tuo metu sveikatos apsaugos viceministras Danielis Naumovas pa\u017eym\u0117jo, kad centre bus kuriami produktai, kurie gelb\u0117s gyvybes.<\/p>\n<p class=\"wp-block-paragraph\">\u201eTokie projektai duoda vilt\u012f, (\u2026) kad galime pagydyti \u017emones\u201c, \u2013 kalb\u0117jo jis.<\/p>\n<p class=\"wp-block-paragraph\">Finans\u0173 ministras Taurimas Valys kalb\u0117jo, jog investicija \u012f nauj\u0105j\u012f centr\u0105 stiprins \u0161alies gyvyb\u0117s moksl\u0173 sektoriaus ir visos valstyb\u0117s konkurencingum\u0105 regione.<\/p>\n<p class=\"wp-block-paragraph\">\u201eAtidarome ne tik nauj\u0105 centr\u0105, atidarome duris \u012f ateities medicin\u0105. (\u2026) D\u017eiaugiuosi, kad Lietuvoje \u012fgyvendinamas toks ambicingas projektas\u201c, \u2013 sak\u0117 ministras.<\/p>\n<p class=\"wp-block-paragraph\">ILTE generalinis direktorius Dainius Vil\u010dinskas akcentavo, jog pl\u0117tros bankas d\u017eiaugiasi galintis paremti svarbiausius valstybei projektus.<\/p>\n<p class=\"wp-block-paragraph\">Anot jo, \u012f Vilniaus pramon\u0117s park\u0105, kuriame yra naujasis centras, ILTE jau investavo apie 100 mln. eur\u0173<\/p>\n<p class=\"wp-block-paragraph\">\u201eKai su profesoriumi prad\u0117jome kalb\u0117ti apie \u0161\u012f projekt\u0105, mat\u0117me daug br\u0117\u017eini\u0173, daug skai\u010di\u0173, daug prielaid\u0173, daug rizik\u0173. Tokie projektai yra rizikingi, jie netelpa \u012f tradicini\u0173 \u017eanr\u0173 modelius, (\u2026) \u0161ioje vietoje yra vieta, kur pl\u0117tros bankas atlieka savo misij\u0105\u201c, \u2013 sak\u0117 jis.<\/p>\n<p>Biotechnologij\u0173 sektorius gal\u0117t\u0173 sukurti 7 proc. \u0161alies BVP<\/p>\n<p class=\"wp-block-paragraph\">Anot ministro pirmininko, \u0161io objekto atidarymas ir kuriama vert\u0117 prisid\u0117s prie Vyriausyb\u0117s bei \u0161alies verslo asociacij\u0173 bendro \u012fvardyto tikslo pl\u0117sti Lietuvos biotechnologij\u0173 sektori\u0173.<\/p>\n<p class=\"wp-block-paragraph\">\u201e\u0160iuo metu biomokslas, biotechnologijos sudaro 3,4\u20133,7 proc. bendrojo vidaus produkto (BVP), o mes norime, kad sektorius sudaryt\u0173 ne ma\u017eiau nei 5 proc. BVP. Tai ne pirmas projektas (prisid\u0117siantis prie tikslo \u2013 ELTA), bet norisi manyti, kad j\u0173 ateityje bus dar daugiau\u201c, \u2013 vyl\u0117si M. Sinkevi\u010dius.<\/p>\n<p class=\"wp-block-paragraph\">Atidaryme dalyvav\u0119s prezidentas <a style=\"font-weight:bold;\" href=\"https:\/\/madeinvilnius.lt\/tema\/gitanas-naus%C4%97da\/\" target=\"_blank\" rel=\"nofollow noopener\">Gitanas Naus\u0117da<\/a> pa\u017eym\u0117jo, kad biotechnologij\u0173 sektorius ateityje kurs vis didesn\u0119 vert\u0119 Lietuvos ekonomikai.<\/p>\n<p class=\"wp-block-paragraph\">\u201eTie penki procentai (nuo BVP \u2013 ELTA) gali virsti ir septyniais, ir a\u0161tuoniais \u2013 mano giliu \u012fsitikinimu, tai yra Lietuvos kelias. \u017dinoma, mums reikia vis\u0173 pramon\u0117s \u0161ak\u0173, mums reikia ir tradicini\u0173 gamybos sektori\u0173, ta\u010diau XXI am\u017eius tikrai bus am\u017eius toki\u0173 sektori\u0173, kurie yra technologi\u0161kai inovatyv\u016bs ir, be jokios abejon\u0117s, kurie kuria did\u017eiul\u0119 prid\u0117tin\u0119 vert\u0119\u201c, \u2013 atidaryme kalb\u0117jo \u0161alies vadovas.<\/p>\n<p class=\"wp-block-paragraph\">Kreipdamasis \u012f \u201eNorthway\u201c \u012fmoni\u0173 grup\u0117s savinink\u0105 V. Bumel\u012f, prezidentas akcentavo, jog \u0161is projektas rodo pavyzd\u012f ir politikams, kaip tokia ambicinga id\u0117ja gali b\u016bti nuosekliai ir skland\u017eiai \u012fgyvendinama.<\/p>\n<p class=\"wp-block-paragraph\">\u201eMums, politikams, tikrai reik\u0117t\u0173 pasimokyti i\u0161 viso to \u2013 kartais mums su id\u0117jomis ka\u017ekur u\u017estringa, ka\u017ekur vieni kitiems pradedame trukdyti, ir \u0161tai tokie pavyzd\u017eiai, teigiama to \u017eod\u017eio prasme, u\u017ekre\u010dia ir skatina sekti j\u016bs\u0173 pavyzd\u017eiu\u201c, \u2013 sak\u0117 G. Naus\u0117da.<\/p>\n<p class=\"wp-block-paragraph\">\u201e\u0160iandien galime dar kart\u0105 \u012fsitikinti, kad valstyb\u0117s ateitis gimsta ne garsiai skambant deklaracijoms, bet talentingiems ir pasi\u0161ventusiems \u017emon\u0117ms tyliai dirbant su tuo, kas dar vakar atrod\u0117 ne\u012fmanoma\u201c, \u2013 prid\u016br\u0117 jis.<\/p>\n<p class=\"wp-block-paragraph\">Ekonomikos ir inovacij\u0173 ministras Edvinas Grik\u0161as tikino, jog, nors Lietuva susiduria su konkurencigumo i\u0161\u0161\u016bkiais, bet vystydama tokius projektus rodo pavyzd\u012f kitoms valstyb\u0117ms.<\/p>\n<p class=\"wp-block-paragraph\">\u201eD\u0117koju, kad suteikiate galimyb\u0119 visuose tarptautiniuose formatuose pristatyti Lietuv\u0105 ir pamin\u0117ti, kad mes turime kai k\u0105 ry\u0161kiausio ir did\u017eiausio visoje Europoje \u2013 tai b\u016btent \u0161is projektas, skai\u010diuojant visus jo etapus\u201c, \u2013 atidarymo ceremonijoje kalb\u0117jo E. Grik\u0161as.<\/p>\n<p class=\"wp-block-paragraph\">\u201eI\u0161\u0161\u016bki\u0173 tikrai yra. Kai Europos S\u0105jungos (ES) mastu kalbame apie konkurencingum\u0105 ir kiek mes prana\u0161esni u\u017e Azijos valstybes, kaip mes konkuruojame su Amerikos \u017eemyno valstyb\u0117mis, \u010dia Lietuva rodo pavyzd\u012f \u2013 kaip reikia daryti, k\u0105 reikia daryti ir kiek mes galime b\u016bti pa\u017eang\u016bs ir inovatyv\u016bs\u201c, \u2013 tikino ministras.<\/p>\n<p class=\"wp-block-paragraph\">Seimo pirmininkas Juozas Olekas tuo metu did\u017eiavosi Lietuvos verslumu ir \u0161alies gyventoj\u0173 geb\u0117jimais.<\/p>\n<p class=\"wp-block-paragraph\">Anot jo, toki\u0173 objekt\u0173, kaip \u0161is centras, atidarymas sukuria reali\u0105 naud\u0105 \u017emon\u0117ms ir prisideda prie Lietuvos reputacijos tarptautin\u0117je erdv\u0117je.<\/p>\n<p class=\"wp-block-paragraph\">\u201eJau\u010diu didel\u012f pasidid\u017eiavim\u0105, kad mes Lietuvoje ne tik vartojame ir \u012fdiegiame naujas technologijas, bet ir patys kuriame. Did\u017eiuojuosi, kad yra \u017emoni\u0173, kurie geba ir i\u0161 esm\u0117s pakeisti medik\u0173 galimybes pad\u0117ti \u017emogui, diagnozuoti anks\u010diau bei teikti gydym\u0105\u201c, \u2013 \u017eurnalistams sak\u0117 J. Olekas.<\/p>\n<p class=\"wp-block-paragraph\">\u201eTokie centrai, kaip \u0161is, apjungia pa\u017eangias l\u0105steli\u0173 terapijas, personalizuot\u0105 medicin\u0105, 3D biogamyb\u0105 ir tai i\u0161 tikr\u0173j\u0173 padeda \u017emon\u0117ms ir garsina Lietuvos vard\u0105\u201c, \u2013 tikino parlamento vadovas.<\/p>\n<p class=\"wp-block-paragraph\">Naujajame centre veiks 20 nepriklausom\u0173 gamybini\u0173 linij\u0173 su integruotomis kokyb\u0117s kontrol\u0117s laboratorijomis, pa\u017eangiomis \u0161vari\u0173j\u0173 patalp\u0173 sistemomis ir izoliuota infrastrukt\u016bra, pritaikyta itin jautri\u0173 l\u0105steli\u0173 terapij\u0173 gamybai.\u00a0<\/p>\n<p class=\"wp-block-paragraph\">Kaip skelbta, tokia infrastrukt\u016bra leis vienu metu saugiai ir efektyviai gaminti individualizuotas terapijas skirtingiems pacientams, u\u017etikrinant maksimal\u0173 proceso sterilum\u0105, visi\u0161k\u0105 gamybos atsekamum\u0105 ir grie\u017et\u0105 kry\u017emin\u0117s tar\u0161os kontrol\u0119.<\/p>\n<p class=\"wp-block-paragraph\">Naujoji infrastrukt\u016bra prisideda prie Lietuvos ambicijos tapti vienu svarbiausi\u0173 gyvyb\u0117s moksl\u0173 centr\u0173 Baltijos regione.<\/p>\n<p><a href=\"https:\/\/madeinvilnius.lt\/wp-content\/uploads\/2026\/09\/miv-20260903-oi8njl3q.jpg\" rel=\"nofollow noopener\" target=\"_blank\"><img loading=\"lazy\" decoding=\"async\" width=\"1024\" height=\"683\" data-id=\"380434\" src=\"https:\/\/www.europesays.com\/lt\/wp-content\/uploads\/2026\/09\/miv-20260903-x1indfh7.jpg\" alt=\"ELTA6650026 Vilniuje atidaromas pirmasis Baltijos \u0161alyse Inovatyvus l\u0105steli\u0173 terapijos ir personalizuotos medicinos centras. 2026.09.03 12:42:13. Dainius Labutis (ELTA)\" class=\"wp-image-380434\"\/><\/a>Nuotr.: Dainius Labutis (ELTA)<a href=\"https:\/\/madeinvilnius.lt\/wp-content\/uploads\/2026\/09\/miv-20260903-cwr92m5s.jpg\" rel=\"nofollow noopener\" target=\"_blank\"><img loading=\"lazy\" decoding=\"async\" width=\"1024\" height=\"683\" data-id=\"380436\" src=\"https:\/\/www.europesays.com\/lt\/wp-content\/uploads\/2026\/09\/miv-20260903-umslx1gn.jpg\" alt=\"ELTA6650027 Vilniuje atidaromas pirmasis Baltijos \u0161alyse Inovatyvus l\u0105steli\u0173 terapijos ir personalizuotos medicinos centras. 2026.09.03 12:42:12. Dainius Labutis (ELTA)\" class=\"wp-image-380436\"\/><\/a>Nuotr.: Dainius Labutis (ELTA)<a href=\"https:\/\/madeinvilnius.lt\/wp-content\/uploads\/2026\/09\/miv-20260903-5ffhzozv.jpg\" rel=\"nofollow noopener\" target=\"_blank\"><img loading=\"lazy\" decoding=\"async\" width=\"1024\" height=\"683\" data-id=\"380430\" src=\"https:\/\/www.europesays.com\/lt\/wp-content\/uploads\/2026\/09\/miv-20260903-gczm1grl.jpg\" alt=\"ELTA6650029 Vilniuje atidaromas pirmasis Baltijos \u0161alyse Inovatyvus l\u0105steli\u0173 terapijos ir personalizuotos medicinos centras. 2026.09.03 12:42:10. Dainius Labutis (ELTA)\" class=\"wp-image-380430\"\/><\/a>Nuotr.: Dainius Labutis (ELTA)<a href=\"https:\/\/madeinvilnius.lt\/wp-content\/uploads\/2026\/09\/miv-20260903-gmvugdz2.jpg\" rel=\"nofollow noopener\" target=\"_blank\"><img loading=\"lazy\" decoding=\"async\" width=\"1024\" height=\"683\" data-id=\"380432\" src=\"https:\/\/www.europesays.com\/lt\/wp-content\/uploads\/2026\/09\/miv-20260903-nxwbrpoc.jpg\" alt=\"ELTA6650039 Vilniuje atidaromas pirmasis Baltijos \u0161alyse Inovatyvus l\u0105steli\u0173 terapijos ir personalizuotos medicinos centras. 2026.09.03 12:42:00. Dainius Labutis (ELTA)\" class=\"wp-image-380432\"\/><\/a>Nuotr.: Dainius Labutis (ELTA)<a href=\"https:\/\/madeinvilnius.lt\/wp-content\/uploads\/2026\/09\/miv-20260903-pfzy9xfm.jpg\" rel=\"nofollow noopener\" target=\"_blank\"><img loading=\"lazy\" decoding=\"async\" width=\"1024\" height=\"683\" data-id=\"380438\" src=\"https:\/\/www.europesays.com\/lt\/wp-content\/uploads\/2026\/09\/miv-20260903-bkuqdt5h.jpg\" alt=\"ELTA6650041 Vilniuje atidaromas pirmasis Baltijos \u0161alyse Inovatyvus l\u0105steli\u0173 terapijos ir personalizuotos medicinos centras. 2026.09.03 12:41:58. Dainius Labutis (ELTA)\" class=\"wp-image-380438\"\/><\/a>Nuotr.: Dainius Labutis (ELTA)<a href=\"https:\/\/madeinvilnius.lt\/wp-content\/uploads\/2026\/09\/miv-20260903-yoh4xvnw.jpg\" rel=\"nofollow noopener\" target=\"_blank\"><img loading=\"lazy\" decoding=\"async\" width=\"1024\" height=\"683\" data-id=\"380440\" src=\"https:\/\/www.europesays.com\/lt\/wp-content\/uploads\/2026\/09\/miv-20260903-ve6isstp.jpg\" alt=\"ELTA6650052 Vilniuje atidaromas pirmasis Baltijos \u0161alyse Inovatyvus l\u0105steli\u0173 terapijos ir personalizuotos medicinos centras. 2026.09.03 12:41:47. Dainius Labutis (ELTA)\" class=\"wp-image-380440\"\/><\/a>Nuotr.: Dainius Labutis (ELTA)<a href=\"https:\/\/madeinvilnius.lt\/wp-content\/uploads\/2026\/09\/miv-20260903-yaksepnp.jpg\" rel=\"nofollow noopener\" target=\"_blank\"><img loading=\"lazy\" decoding=\"async\" width=\"1024\" height=\"683\" data-id=\"380442\" src=\"https:\/\/www.europesays.com\/lt\/wp-content\/uploads\/2026\/09\/miv-20260903-wp6njvr2.jpg\" alt=\"ELTA6650053 Vilniuje atidaromas pirmasis Baltijos \u0161alyse Inovatyvus l\u0105steli\u0173 terapijos ir personalizuotos medicinos centras. 2026.09.03 12:41:46. Dainius Labutis (ELTA)\" class=\"wp-image-380442\"\/><\/a>Nuotr.: Dainius Labutis (ELTA)<a href=\"https:\/\/madeinvilnius.lt\/wp-content\/uploads\/2026\/09\/miv-20260903-xm26qbph.jpg\" rel=\"nofollow noopener\" target=\"_blank\"><img loading=\"lazy\" decoding=\"async\" width=\"1024\" height=\"683\" data-id=\"380444\" src=\"https:\/\/www.europesays.com\/lt\/wp-content\/uploads\/2026\/09\/miv-20260903-q8kqdztu.jpg\" alt=\"ELTA6650069 Vilniuje atidaromas pirmasis Baltijos \u0161alyse Inovatyvus l\u0105steli\u0173 terapijos ir personalizuotos medicinos centras. 2026.09.03 12:41:31. Dainius Labutis (ELTA)\" class=\"wp-image-380444\"\/><\/a>Nuotr.: Dainius Labutis (ELTA)<a href=\"https:\/\/madeinvilnius.lt\/wp-content\/uploads\/2026\/09\/miv-20260903-t3ambqil.jpeg\" rel=\"nofollow noopener\" target=\"_blank\"><img loading=\"lazy\" decoding=\"async\" width=\"1024\" height=\"683\" data-id=\"380446\" src=\"https:\/\/www.europesays.com\/lt\/wp-content\/uploads\/2026\/09\/miv-20260903-hlztwzfb.jpeg\" alt=\"Prezidentas dalyvauja L\u0105steli\u0173 terapijos ir personalizuotos medicinos centro atidaryme.\" class=\"wp-image-380446\"\/><\/a>Nuotr.: Robertas Da\u010dkus<a href=\"https:\/\/madeinvilnius.lt\/wp-content\/uploads\/2026\/09\/miv-20260903-4k35szom.jpeg\" rel=\"nofollow noopener\" target=\"_blank\"><img loading=\"lazy\" decoding=\"async\" width=\"1024\" height=\"683\" data-id=\"380448\" src=\"https:\/\/www.europesays.com\/lt\/wp-content\/uploads\/2026\/09\/miv-20260903-1ik1urjk.jpeg\" alt=\"Prezidentas dalyvauja L\u0105steli\u0173 terapijos ir personalizuotos medicinos centro atidaryme.\" class=\"wp-image-380448\"\/><\/a>Nuotr.: Robertas Da\u010dkus<a href=\"https:\/\/madeinvilnius.lt\/wp-content\/uploads\/2026\/09\/miv-20260903-4za10t7h.jpg\" rel=\"nofollow noopener\" target=\"_blank\"><img loading=\"lazy\" decoding=\"async\" width=\"1024\" height=\"683\" data-id=\"380450\" src=\"https:\/\/www.europesays.com\/lt\/wp-content\/uploads\/2026\/09\/miv-20260903-2hic0gu8.jpg\" alt=\"Prezidentas dalyvauja L\u0105steli\u0173 terapijos ir personalizuotos medicinos centro atidaryme.\" class=\"wp-image-380450\"\/><\/a>Nuotr.: Robertas Da\u010dkus<a href=\"https:\/\/madeinvilnius.lt\/wp-content\/uploads\/2026\/09\/miv-20260903-dzgdsz7x.jpg\" rel=\"nofollow noopener\" target=\"_blank\"><img loading=\"lazy\" decoding=\"async\" width=\"1024\" height=\"683\" data-id=\"380456\" src=\"https:\/\/www.europesays.com\/lt\/wp-content\/uploads\/2026\/09\/miv-20260903-l8nmki6f.jpg\" alt=\"Prezidentas dalyvauja L\u0105steli\u0173 terapijos ir personalizuotos medicinos centro atidaryme.\" class=\"wp-image-380456\"\/><\/a>Nuotr.: Robertas Da\u010dkus<a href=\"https:\/\/madeinvilnius.lt\/wp-content\/uploads\/2026\/09\/miv-20260903-x5wgkxyz.jpg\" rel=\"nofollow noopener\" target=\"_blank\"><img loading=\"lazy\" decoding=\"async\" width=\"1024\" height=\"682\" data-id=\"380454\" src=\"https:\/\/www.europesays.com\/lt\/wp-content\/uploads\/2026\/09\/miv-20260903-ibnzkie9.jpg\" alt=\"Prezidentas dalyvauja L\u0105steli\u0173 terapijos ir personalizuotos medicinos centro atidaryme.\" class=\"wp-image-380454\"\/><\/a>Nuotr.: Robertas Da\u010dkus<a href=\"https:\/\/madeinvilnius.lt\/wp-content\/uploads\/2026\/09\/miv-20260903-bqgynnsa.jpg\" rel=\"nofollow noopener\" target=\"_blank\"><img loading=\"lazy\" decoding=\"async\" width=\"1024\" height=\"683\" data-id=\"380452\" src=\"https:\/\/www.europesays.com\/lt\/wp-content\/uploads\/2026\/09\/miv-20260903-shbwlp9h.jpg\" alt=\"Prezidentas dalyvauja L\u0105steli\u0173 terapijos ir personalizuotos medicinos centro atidaryme.\" class=\"wp-image-380452\"\/><\/a>Nuotr.: Robertas Da\u010dkus<\/p>\n","protected":false},"excerpt":{"rendered":"Ketvirtadien\u012f Vilniuje atidarius pirm\u0105j\u012f Baltijos \u0161alyse inovatyv\u0173 l\u0105steli\u0173 terapijos ir personalizuotos medicinos centr\u0105, \u0161alies vadovai akcentuoja \u2013 tai&hellip;\n","protected":false},"author":2,"featured_media":269255,"comment_status":"","ping_status":"","sticky":false,"template":"","format":"standard","meta":{"footnotes":"","_share_on_mastodon":"0"},"categories":[6],"tags":[25,16385,30,31,34,35,24,32,33,37,39,36,38,40,65,23,22,28,29,26,27],"class_list":["post-269254","post","type-post","status-publish","format-standard","has-post-thumbnail","category-antrastes","tag-antrastes","tag-bio-city","tag-breaking-news","tag-breakingnews","tag-featured-news","tag-featurednews","tag-headlines","tag-latest-news","tag-latestnews","tag-lietuva","tag-lietuviu","tag-lithuania","tag-lithuanian","tag-lt","tag-naujiena","tag-naujienos","tag-news","tag-populiariausios-naujienos","tag-populiariausiosnaujienos","tag-top-stories","tag-topstories"],"share_on_mastodon":{"url":"https:\/\/pubeurope.com\/@lt\/117213573399148042","error":""},"_links":{"self":[{"href":"https:\/\/www.europesays.com\/lt\/wp-json\/wp\/v2\/posts\/269254","targetHints":{"allow":["GET"]}}],"collection":[{"href":"https:\/\/www.europesays.com\/lt\/wp-json\/wp\/v2\/posts"}],"about":[{"href":"https:\/\/www.europesays.com\/lt\/wp-json\/wp\/v2\/types\/post"}],"author":[{"embeddable":true,"href":"https:\/\/www.europesays.com\/lt\/wp-json\/wp\/v2\/users\/2"}],"replies":[{"embeddable":true,"href":"https:\/\/www.europesays.com\/lt\/wp-json\/wp\/v2\/comments?post=269254"}],"version-history":[{"count":0,"href":"https:\/\/www.europesays.com\/lt\/wp-json\/wp\/v2\/posts\/269254\/revisions"}],"wp:featuredmedia":[{"embeddable":true,"href":"https:\/\/www.europesays.com\/lt\/wp-json\/wp\/v2\/media\/269255"}],"wp:attachment":[{"href":"https:\/\/www.europesays.com\/lt\/wp-json\/wp\/v2\/media?parent=269254"}],"wp:term":[{"taxonomy":"category","embeddable":true,"href":"https:\/\/www.europesays.com\/lt\/wp-json\/wp\/v2\/categories?post=269254"},{"taxonomy":"post_tag","embeddable":true,"href":"https:\/\/www.europesays.com\/lt\/wp-json\/wp\/v2\/tags?post=269254"}],"curies":[{"name":"wp","href":"https:\/\/api.w.org\/{rel}","templated":true}]}}