{"id":269266,"date":"2026-09-04T16:14:11","date_gmt":"2026-09-04T16:14:11","guid":{"rendered":"https:\/\/www.europesays.com\/lt\/269266\/"},"modified":"2026-09-04T16:14:11","modified_gmt":"2026-09-04T16:14:11","slug":"linas-adomaitis-isgyvena-skaudzia-netekti-vardai","status":"publish","type":"post","link":"https:\/\/www.europesays.com\/lt\/269266\/","title":{"rendered":"Linas Adomaitis i\u0161gyvena skaud\u017ei\u0105 netekt\u012f | Vardai"},"content":{"rendered":"<p>Apie Eugenijos Onos Petravi\u010dien\u0117s netekt\u012f Linas Adomaiitis prane\u0161\u0117 penktadienio vakar\u0105 savo feisbuko ir instagramo paskyrose, o \u012fra\u0161u sutiko pasidalyti ir su portalo \u017dmon\u0117s.lt skaitytojais.<\/p>\n<p>Dainininkas savo brangiai mokytojai skyr\u0117 \u0161ird\u012f verian\u010dius \u017eod\u017eius ir prid\u0117jo kelet\u0105 kadr\u0173.<\/p>\n<p>\u201eGeriau jau neb\u016bt\u0173 toki\u0173 post\u0173, bet nepasidalinti taip pat negaliu. I\u0161 pagarbos ir meil\u0117s, i\u0161 muzikos ir draugyst\u0117s.<\/p>\n<p>Tikrai didel\u0117 netektis&#8230; Tai buvo Mokytoja i\u0161 did\u017eiosios M&#8230; Patys \u0161viesiausi prisiminimai. Skaitau, kad man labai pasisek\u0117, jog Eugenija Ona Petravi\u010dien\u0117 buvo mano fortepijono mokytoja. A\u0161 ateidavau pas j\u0105 \u012f pamokas su Oskaro Petersono etiudais ir sakydavau: mokytoja, a\u0161 noriu \u0161itus atsiskaitymui groti, o ne tuos kur privaloma. Ir ji atsakydavo: svarbiausia, kad nori groti, juk svarbiausia groti, tai grok, Linuk. Ir a\u0161 su didele meile mokindavausi tuos d\u017eiazo etiudus ir ji mane, ir apskritai visus savo mokinius visuomet labai palaik\u0117 ir myl\u0117jo.<\/p>\n<p>O dar visai neseniai, prie\u0161 por\u0105 m\u0117nesi\u0173, Palangos koncert\u0173 sal\u0117je m\u016bs\u0173 su choro \u201eJaunyst\u0117\u201c koncerto metu a\u0161 nustebau \u2013 Ji koncerto pabaigoje pri\u0117jo prie scenos ir a\u0161 priklaupiau, pa\u0117miau jos rank\u0105. Paskui t\u0105 pat\u012f padar\u0117 ir Danguol\u0117 Beinaryt\u0117. Juk kai mes su Dange buvom vaikai \u2013 mokytoja mums pad\u0117jo \u017eengti \u017eingsnius \u012f t\u0105 scen\u0105.<\/p>\n<p>Kit\u0105 dien\u0105 po konco a\u0161 paskambinau pad\u0117kot, kad ji buvo, kad mane nustebino, ir mes taip \u0161iltai pakalb\u0117jome telefonu, prisimin\u0117m daug visko. Ji pabaigai man pasak\u0117, kad jei bus li\u016bdna, paskambin\u010diau jai. Pana\u0161u, kad dabar paskambinsiu Jai maldos metu. Am\u017ein\u0105 atils\u012f, mylima Mokytoja Eugenija, ramios kelion\u0117s. Did\u017eiul\u0117 u\u017euojauta \u0161eimai ir visai muzik\u0173 bendruomenei&#8230;\u201c \u2013 ra\u0161\u0117 L.Adomaitis.<\/p>\n","protected":false},"excerpt":{"rendered":"Apie Eugenijos Onos Petravi\u010dien\u0117s netekt\u012f Linas Adomaiitis prane\u0161\u0117 penktadienio vakar\u0105 savo feisbuko ir instagramo paskyrose, o \u012fra\u0161u sutiko&hellip;\n","protected":false},"author":2,"featured_media":269267,"comment_status":"","ping_status":"","sticky":false,"template":"","format":"standard","meta":{"footnotes":"","_share_on_mastodon":"0"},"categories":[21],"tags":[113,37,39,36,38,40,114],"class_list":["post-269266","post","type-post","status-publish","format-standard","has-post-thumbnail","category-pramogos","tag-entertainment","tag-lietuva","tag-lietuviu","tag-lithuania","tag-lithuanian","tag-lt","tag-pramogos"],"share_on_mastodon":{"url":"https:\/\/pubeurope.com\/@lt\/117213663535961298","error":""},"_links":{"self":[{"href":"https:\/\/www.europesays.com\/lt\/wp-json\/wp\/v2\/posts\/269266","targetHints":{"allow":["GET"]}}],"collection":[{"href":"https:\/\/www.europesays.com\/lt\/wp-json\/wp\/v2\/posts"}],"about":[{"href":"https:\/\/www.europesays.com\/lt\/wp-json\/wp\/v2\/types\/post"}],"author":[{"embeddable":true,"href":"https:\/\/www.europesays.com\/lt\/wp-json\/wp\/v2\/users\/2"}],"replies":[{"embeddable":true,"href":"https:\/\/www.europesays.com\/lt\/wp-json\/wp\/v2\/comments?post=269266"}],"version-history":[{"count":0,"href":"https:\/\/www.europesays.com\/lt\/wp-json\/wp\/v2\/posts\/269266\/revisions"}],"wp:featuredmedia":[{"embeddable":true,"href":"https:\/\/www.europesays.com\/lt\/wp-json\/wp\/v2\/media\/269267"}],"wp:attachment":[{"href":"https:\/\/www.europesays.com\/lt\/wp-json\/wp\/v2\/media?parent=269266"}],"wp:term":[{"taxonomy":"category","embeddable":true,"href":"https:\/\/www.europesays.com\/lt\/wp-json\/wp\/v2\/categories?post=269266"},{"taxonomy":"post_tag","embeddable":true,"href":"https:\/\/www.europesays.com\/lt\/wp-json\/wp\/v2\/tags?post=269266"}],"curies":[{"name":"wp","href":"https:\/\/api.w.org\/{rel}","templated":true}]}}