{"id":269272,"date":"2026-09-04T16:17:34","date_gmt":"2026-09-04T16:17:34","guid":{"rendered":"https:\/\/www.europesays.com\/lt\/269272\/"},"modified":"2026-09-04T16:17:34","modified_gmt":"2026-09-04T16:17:34","slug":"trumpas-europieciai-tures-kompensuoti-bideno-ukrainai-suteikta-finansine-parama-respublika-lt","status":"publish","type":"post","link":"https:\/\/www.europesays.com\/lt\/269272\/","title":{"rendered":"Trumpas: europie\u010diai tur\u0117s kompensuoti Bideno Ukrainai suteikt\u0105 finansin\u0119 param\u0105 &#8211; Respublika.lt"},"content":{"rendered":"<p>    \u00d7<\/p>\n<p>    (1\/1) Donaldas Trumpas ir Joe Bidenas. EPA-Eltos nuotr. <a href=\"https:\/\/www.respublika.lt\/uploads\/img\/catalog\/1\/photo_1_17569039.jpg\" class=\"swiper-photo-download\" download=\"\" rel=\"nofollow noopener\" target=\"_blank\">Atsisi\u0173sti<\/a><\/p>\n<p><img loading=\"lazy\" decoding=\"async\" src=\"https:\/\/www.respublika.lt\/lt\/naujienos\/pasaulis\/pasaulio_politika\/trumpas-europieciai-tures-kompensuoti-bideno-ukrainai-suteikta-finansine-parama\/images\/ico_camera_white.gif\" class=\"camera\" width=\"22\" height=\"15\" alt=\"nuotr.\" style=\"position:relative; top:-2px; right:2px;\"\/> 1 nuotr.<\/p>\n<p>Donaldas Trumpas ir Joe Bidenas. EPA-Eltos nuotr.<\/p>\n<p style=\"text-align: left;\">JAV prezidentas Donaldas Trumpas ketvirtadien\u012f parei\u0161k\u0117 reikalausiantis, kad europie\u010diai gr\u0105\u017eint\u0173 JAV l\u0117\u0161as, kurios jo pirmtako Joe Bideno administracijos laikais buvo skirtos kaip parama Ukrainai.<\/p>\n<p style=\"text-align: justify;\" class=\"desktop_banner\">\u00a0<\/p>\n<p style=\"text-align: left;\">\u00a0<\/p>\n<p style=\"text-align: left;\">D. Trumpas jau seniai reikalauja, kad europie\u010diai prisiimt\u0173 didesn\u0119 Vakar\u0173 paramos Ukrainai jos kare su Rusija, prasid\u0117jusiame daugiau nei prie\u0161 ketverius metus, finansin\u0119 na\u0161t\u0105.<\/p>\n<p style=\"text-align: left;\">\u201eUkrainai ir NATO nemokamai buvo skirta \u0161imtai milijard\u0173 doleri\u0173, kuriuos b\u016bt\u0173 sumok\u0117jusi Europa \u2013 jei jos b\u016bt\u0173 buv\u0119 papra\u0161yta. Ta\u010diau mes pareikalausime t\u0173 pinig\u0173, nors ir kiek pav\u0117luotai!\u201c \u2013 ketvirtadien\u012f platformoje \u201eTruth Social\u201c ra\u0161\u0117 D. Trumpas.<\/p>\n<p style=\"text-align: left;\">JAV prezidentas nepatikslino, kurios \u0161alys, jo manymu, tur\u0117t\u0173 sumok\u0117ti.<\/p>\n<p style=\"text-align: left;\">Savo \u012fra\u0161e D. Trumpas taip pat atmet\u0117 prane\u0161imus, kad JAV kariuomenei kare su Iranu ima tr\u016bkti amunicijos.<\/p>\n<p style=\"text-align: left;\">\u201eTurime prakti\u0161kai neribot\u0105 kiek\u012f vidutin\u0117s ir auk\u0161tos klas\u0117s amunicijos\u201c, \u2013 ai\u0161kino JAV prezidentas ir prid\u016br\u0117, kad amunicija gaminama \u201edar niekada nematytu mastu\u201c.<\/p>\n<p style=\"text-align: left;\">D. Trumpas teig\u0117, kad Va\u0161ingtonas didina atsargas, ruo\u0161iasi nenumatytiems atvejams ir yra laikinai sustabd\u0119s ginkl\u0173 pardavim\u0105 u\u017esieniui.\u00a0<\/p>\n<p style=\"text-align: left;\">\u201eMes pasiliekame (amunicij\u0105 \u2013 ELTA) sau, JAV, u\u017euot pardav\u0119 j\u0105 kitiems, ta\u010diau pardavimas s\u0105jungininkams netrukus v\u0117l prasid\u0117s\u201c, \u2013 prid\u016br\u0117 jis.<\/p>\n<p style=\"text-align: left;\">ELTA primena, kad \u0161iuo metu did\u017eiausia Rusijos u\u017epultos Ukrainos finansin\u0117 r\u0117m\u0117ja tarp atskir\u0173 \u0161ali\u0173 yra Vokietija.<\/p>\n<p>Patiko straipsnis? Leisk mums apie tai su\u017einoti. Nepamir\u0161k pasidalinti Facebook! <\/p>\n<p><img loading=\"lazy\" decoding=\"async\" class=\"p2_social_circle_icon\" src=\"https:\/\/www.respublika.lt\/images\/thumbs_up.svg\" width=\"21\" height=\"22\" alt=\"L\"\/><\/p>\n<p><img loading=\"lazy\" decoding=\"async\" class=\"p2_social_circle_icon\" src=\"https:\/\/www.respublika.lt\/images\/facebook.svg\" alt=\"F\" width=\"22\" height=\"22\" style=\"filter: invert(37%) sepia(55%) saturate(2351%) hue-rotate(187deg) brightness(102%) contrast(106%);\"\/><\/p>\n<p>&#13;<br \/>\n\tNesutinkate &#8211; diskutuokime!<br \/>&#13;<br \/>\n\tNepykite komentatoriai, bet komentarai su keiksma\u017eod\u017eiais bus \u0161alinami automati\u0161kai, be atsipra\u0161ymo.\n    <\/p>\n<p>&#13;<br \/>\n              Respublika.lt pasilieka teis\u0119 pa\u0161alinti nekult\u016bringus, keiksma\u017eod\u017eiais pagardintus, su tema nesusijusius, kito asmens vardu pasira\u0161ytus, \u012fstatymus pa\u017eeid\u017eian\u010dius, \u0161lam\u0161t\u0105 reklamuojan\u010dius ar nusikalsti kurstan\u010dius komentarus. Jei kurstysite smurt\u0105, rasin\u0119, tautin\u0119, religin\u0119 ar kitokio pob\u016bd\u017eio neapykant\u0105, \u017evirbliu i\u0161skrid\u0119 j\u016bs\u0173 \u017eod\u017eiai gr\u012f\u017edami gali virsti ton\u0105 sverian\u010diu jau\u010diu &#8211; specialiosioms Lietuvos tarnyboms pareikalavus suteiksime j\u016bs\u0173 duomenis.\n            <\/p>\n","protected":false},"excerpt":{"rendered":"\u00d7 (1\/1) Donaldas Trumpas ir Joe Bidenas. EPA-Eltos nuotr. Atsisi\u0173sti 1 nuotr. Donaldas Trumpas ir Joe Bidenas. EPA-Eltos&hellip;\n","protected":false},"author":2,"featured_media":269273,"comment_status":"","ping_status":"","sticky":false,"template":"","format":"standard","meta":{"footnotes":"","_share_on_mastodon":"0"},"categories":[15],"tags":[25,14065,30,31,34,35,24,223,32,33,37,39,36,38,40,23,22,4351,44,28,29,119,26,27,1270,360,74,75,76],"class_list":["post-269272","post","type-post","status-publish","format-standard","has-post-thumbnail","category-pasaulis","tag-antrastes","tag-bidenas","tag-breaking-news","tag-breakingnews","tag-featured-news","tag-featurednews","tag-headlines","tag-jav","tag-latest-news","tag-latestnews","tag-lietuva","tag-lietuviu","tag-lithuania","tag-lithuanian","tag-lt","tag-naujienos","tag-news","tag-parama","tag-pasaulis","tag-populiariausios-naujienos","tag-populiariausiosnaujienos","tag-rusija","tag-top-stories","tag-topstories","tag-trumpas","tag-ukraina","tag-world","tag-world-news","tag-worldnews"],"share_on_mastodon":{"url":"https:\/\/pubeurope.com\/@lt\/117213675502853274","error":""},"_links":{"self":[{"href":"https:\/\/www.europesays.com\/lt\/wp-json\/wp\/v2\/posts\/269272","targetHints":{"allow":["GET"]}}],"collection":[{"href":"https:\/\/www.europesays.com\/lt\/wp-json\/wp\/v2\/posts"}],"about":[{"href":"https:\/\/www.europesays.com\/lt\/wp-json\/wp\/v2\/types\/post"}],"author":[{"embeddable":true,"href":"https:\/\/www.europesays.com\/lt\/wp-json\/wp\/v2\/users\/2"}],"replies":[{"embeddable":true,"href":"https:\/\/www.europesays.com\/lt\/wp-json\/wp\/v2\/comments?post=269272"}],"version-history":[{"count":0,"href":"https:\/\/www.europesays.com\/lt\/wp-json\/wp\/v2\/posts\/269272\/revisions"}],"wp:featuredmedia":[{"embeddable":true,"href":"https:\/\/www.europesays.com\/lt\/wp-json\/wp\/v2\/media\/269273"}],"wp:attachment":[{"href":"https:\/\/www.europesays.com\/lt\/wp-json\/wp\/v2\/media?parent=269272"}],"wp:term":[{"taxonomy":"category","embeddable":true,"href":"https:\/\/www.europesays.com\/lt\/wp-json\/wp\/v2\/categories?post=269272"},{"taxonomy":"post_tag","embeddable":true,"href":"https:\/\/www.europesays.com\/lt\/wp-json\/wp\/v2\/tags?post=269272"}],"curies":[{"name":"wp","href":"https:\/\/api.w.org\/{rel}","templated":true}]}}