{"id":269278,"date":"2026-09-04T16:21:11","date_gmt":"2026-09-04T16:21:11","guid":{"rendered":"https:\/\/www.europesays.com\/lt\/269278\/"},"modified":"2026-09-04T16:21:11","modified_gmt":"2026-09-04T16:21:11","slug":"editos-mildazytes-laidoje-pokyciai","status":"publish","type":"post","link":"https:\/\/www.europesays.com\/lt\/269278\/","title":{"rendered":"Editos Milda\u017eyt\u0117s laidoje \u2013 poky\u010diai"},"content":{"rendered":"<p>\u201eDaug kas kitaip, bet Milda\u017eyt\u0117 lieka ta pati\u201c, \u2013 juok\u0117si laidos ved\u0117ja, \u017ei\u016brov\u0173 numyl\u0117tin\u0117 Edita Milda\u017eyt\u0117.<\/p>\n<p>Ilgesn\u0117 laida su naujomis rubrikomis<\/p>\n<p>Laida \u201ePas Edit\u0105\u201c \u201eDelfi TV\u201c eteryje skai\u010diuoja jau ketvirt\u0105 sezon\u0105. Tik \u0161\u012fkart, atsi\u017evelgus \u012f \u017ei\u016brov\u0173 pra\u0161ymus, ji bus smarkiai pasikeitusi, ra\u0161oma prane\u0161ime \u017einiasklaidai.<\/p>\n<p>\u201e\u017dinote, man vis ra\u0161ydavo moterys, kad joms ta laida per trumpa. Tod\u0117l dabar tai bus valandos trukm\u0117s formatas, o laida susid\u0117s ma\u017eiausiai i\u0161 trij\u0173 rubrik\u0173\u201c, \u2013 pasakojo E. Milda\u017eyt\u0117.<\/p>\n<p>Pirma rubrika bus susitikimas su \u017einomu visuomen\u0117je \u017emogumi.<\/p>\n<p>\u201eTa\u010diau tuos pokalbius mes siesime labiau su aktualija, nes a\u0161 per tuos metus beveik visas asmenybes Lietuvoje jau pakalbinau, j\u0173 n\u0117ra ka\u017ein kiek&#8230; Ai\u0161ku, yra toki\u0173, kuriuos gali kalbinti kiekvien\u0105 savait\u0119 ir jie turi k\u0105 pasakyti, bet yra toki\u0173, kur ir vieno karto per daug\u201c, \u2013 juok\u0117si ji.<\/p>\n<p>Tad da\u017eniausiai pokalbiai bus susij\u0119 su \u012fvairiomis progomis, pavyzd\u017eiui, jubiliejais, b\u016bsimais koncertais, para\u0161ytomis knygomis, surengtomis parodomis ar pan.<\/p>\n<p>Taip pat laida tur\u0117s nuolatin\u0119 rubrik\u0105 su \u017emon\u0117mis, kurie pasakoja sukre\u010dian\u010dias istorijas apie savo priklausomybes ir kaip jie i\u0161 j\u0173 i\u0161lipo.<\/p>\n<p>\u201eA\u0161 i\u0161 prad\u017ei\u0173 \u012f tai \u017ei\u016br\u0117jau kaip \u012f \u0161iek tiek privalom\u0105 dalyk\u0105, nes tai yra did\u017eiul\u0117 problema, apie kuri\u0105 reikia kalb\u0117ti, nes baisu, kas darosi mokyklose, auk\u0161tosiose mokyklose ir aplink jas. Bet kai tie \u017emon\u0117s at\u0117jo ir prad\u0117jo kalb\u0117ti, dalintis giliausiomis istorijomis, tai yra tiesiog ne\u012ftik\u0117tina. Kai pagalvoji apie tas m\u016bs\u0173 vienai dienai padarytas \u017evaig\u017edes, turb\u016bt \u017eymiai \u012fdomiau tos istorijos\u201c, \u2013 kalb\u0117jo E. Milda\u017eyt\u0117.<\/p>\n<p>Be to, laidoje bus galima i\u0161girsti \u012fvairi\u0173 verting\u0173 patarim\u0173, id\u0117j\u0173 virtuvei ir apskritai namams.<\/p>\n<p>\u201eSu virtuv\u0117s \u0161efais darysime nesud\u0117tingus patiekalus, kuriuos kiekviena moteris gali pasidaryti. Bet daugiau ir \u0161nek\u0117sim\u0117s, ir pasakosime apie virtuves, nes maistas yra labai universali tema ir visada yra k\u0105 apie j\u0105 pasakyti, visiems yra ko ten pasimokyti ir pasisemti\u201c, \u2013 \u012fsitikinusi Edita.<\/p>\n<p>\u201eTada kalb\u0117sime su arboristais, \u017emon\u0117mis, kurie gydo med\u017eius, apie sod\u0105, apie med\u017eius, kaip juos i\u0161saugoti, k\u0105 daryti, kad seni med\u017eiai neu\u017evirst\u0173 ant nam\u0173. Man pa\u010diai buvo didel\u0117 naujiena, kad medis visada yra tu\u0161\u010dias, ir tai n\u0117ra joks pavojus, nes toks yra med\u017eio gyvenimas. Tas tu\u0161\u010dias medis su visa savo grybiena ir su dr\u0117gnomis drev\u0117mis ir rodo, kad jis yra gyvybingas\u201c, \u2013 pasakojo ji.<\/p>\n<p>Prakalbinimo raktas \u2013 susitapatinti su pa\u0161nekovais<\/p>\n<p>E. Milda\u017eyt\u0117 svarst\u0117, kad jai prakalbinti pa\u0161nekovus padeda tai, kad ji n\u0117 vieno i\u0161 j\u0173 nebijanti.<\/p>\n<p>\u201eA\u0161 nebijau jokio \u017emogaus, man jis yra toks pat kaip a\u0161. Ar pas mane ateina Edgaras Montvidas, ar Rad\u017eis, man yra tas pats, nes tai yra kuriantys \u017emon\u0117s. Manau, kad jie kiekvienas turi savo auditorij\u0105, kiekvienas gyvena i\u0161 savo amato, ir tai yra puiku. Tai a\u0161 nesijau\u010diu nei teis\u0117ja, nei vertintoja, nei kritik\u0117 to, k\u0105 jie daro. Jis visada yra mano sve\u010dias\u201c, \u2013 savo po\u017ei\u016br\u012f d\u0117st\u0117 ji.<\/p>\n<p>\u201eKitas dalykas, jeigu a\u0161 kalbu su \u017emogumi, a\u0161 tampu tuo, kuo jis yra. Jeigu a\u0161 kalbu su vir\u0117ju, tai a\u0161 tampu truput\u0117l\u012f vir\u0117ja, tik ne ta, kuri kritikuoja virtuv\u0117s \u0161ef\u0105, o ta, kuri i\u0161 jo mokosi. Jeigu a\u0161 i\u0161einu \u012f dar\u017e\u0105 su arboristu arba su g\u0117lininke, tai a\u0161 leid\u017eiu, kad ji sudirbt\u0173 visk\u0105, kas man atrodo teisinga, nes a\u0161 mokausi. Jeigu a\u0161 kalbuosi su priklausomu \u017emogumi, tai a\u0161 tampu tokia pat priklausoma kaip jis, ir tada tie \u017emon\u0117s atsiskleid\u017eia, nes jie mato prie\u0161 save akis, mato, kad tu nesi \u012fsitempusi. A\u0161 niekada neturiu, pavyzd\u017eiui, klausimyno, a\u0161 visada susileid\u017eiu t\u0105 med\u017eiag\u0105 \u012f save, perskaitau j\u0105 ir einu kalb\u0117ti su \u017emogumi daugiau ma\u017eiau \u017einodama, kurie jo biografijos aspektai mane domina, kas man yra \u012fdomu\u201c, \u2013 pasakojo E. Milda\u017eyt\u0117.<\/p>\n<p>Nem\u0117gsta u\u017edavin\u0117ti nepatogi\u0173 klausim\u0173<\/p>\n<p>\u201eDelfi TV\u201c laidos \u201ePas Edit\u0105\u201c ved\u0117ja prisipa\u017eino, kad nepa\u017e\u012fstamus \u017emones kalbinti jai net papras\u010diau.<\/p>\n<p>\u201eKai yra pa\u017e\u012fstamas \u017emogus, tu vis tiek turi su juo asmenin\u012f santyk\u012f ir tai ne visada labai padeda. \u010cia tas pats turb\u016bt kaip operuoti pa\u017e\u012fstam\u0105. Chirurgai sako, kad savo \u0161eimos nari\u0173 jie neoperuoja, o mes, kaip ten beb\u016bt\u0173, vis tiek u\u017esiimin\u0117jame tam tikra siel\u0173 chirurgija ar siel\u0173 in\u017einerija. Ir visi \u0161itie dalykai gal papras\u010diau atliekami, kai tu nepa\u017e\u012fsti \u017emogaus ir gali paklausti netur\u0117damas i\u0161ankstin\u0117s nuostatos, kad gal ka\u017ekam labai jautrus, gal jis niekada \u012f t\u0105 klausim\u0105 n\u0117ra atsak\u0119s, gal jis visada ignoruoja, kad to b\u016bt\u0173 paklausta, bet tu ne\u017einai, paklausi, ir \u017ei\u016br\u0117k, jis tau ir atsako\u201c, \u2013 kalb\u0117jo ji.<\/p>\n<p>Be to, ji prisipa\u017eino nesanti i\u0161 t\u0173 \u017eurnalist\u0173, kurie m\u0117gt\u0173 pa\u0161nekovams u\u017edavin\u0117ti nepatogius klausimus.<\/p>\n<p>\u201eNepatog\u016bs klausimai visada u\u017erakina \u017emog\u0173 ir interviu tuo metu b\u016bna baigtas, arba jis pradeda suktis toje pa\u010dioje vietoje, kur tu kitais \u017eod\u017eiais bandai i\u0161klausti jo to paties. A\u0161 manau, kad yra didel\u0117 klaida pateikin\u0117ti tokius klausimus arba juos reikia pasilikti pa\u010dioje interviu pabaigoje, kai tu jau nieko i\u0161 to \u017emogaus nenori. Bet tam tikra prasme tai yra niek\u0161i\u0161ka. Be to, jeigu tai yra i\u0161mintingas \u017emogus, jis atsakys taip, kad tu vis tiek negausi atsakymo, o jeigu tai yra nelabai i\u0161mintingas \u017emogus, i\u0161 \u017eurnalisto pus\u0117s yra niek\u0161i\u0161ka jam u\u017edavin\u0117ti tokius klausimus, nes jis nesugeba apsiginti tais pa\u010diais ginklais, kuriais tu manipuliuoji\u201c, \u2013 sak\u0117 E. Milda\u017eyt\u0117.<\/p>\n<p>Pirma naujo sezono laida \u201ePas Edit\u0105\u201c \u2013 penktadien\u012f, 20 val. per \u201eDelfi TV\u201c ir naujien\u0173 portale \u201eDelfi\u201c.<\/p>\n","protected":false},"excerpt":{"rendered":"\u201eDaug kas kitaip, bet Milda\u017eyt\u0117 lieka ta pati\u201c, \u2013 juok\u0117si laidos ved\u0117ja, \u017ei\u016brov\u0173 numyl\u0117tin\u0117 Edita Milda\u017eyt\u0117. Ilgesn\u0117 laida&hellip;\n","protected":false},"author":2,"featured_media":269279,"comment_status":"","ping_status":"","sticky":false,"template":"","format":"standard","meta":{"footnotes":"","_share_on_mastodon":"0"},"categories":[21],"tags":[113,37,39,36,38,40,114],"class_list":["post-269278","post","type-post","status-publish","format-standard","has-post-thumbnail","category-pramogos","tag-entertainment","tag-lietuva","tag-lietuviu","tag-lithuania","tag-lithuanian","tag-lt","tag-pramogos"],"share_on_mastodon":{"url":"https:\/\/pubeurope.com\/@lt\/117213690841241025","error":""},"_links":{"self":[{"href":"https:\/\/www.europesays.com\/lt\/wp-json\/wp\/v2\/posts\/269278","targetHints":{"allow":["GET"]}}],"collection":[{"href":"https:\/\/www.europesays.com\/lt\/wp-json\/wp\/v2\/posts"}],"about":[{"href":"https:\/\/www.europesays.com\/lt\/wp-json\/wp\/v2\/types\/post"}],"author":[{"embeddable":true,"href":"https:\/\/www.europesays.com\/lt\/wp-json\/wp\/v2\/users\/2"}],"replies":[{"embeddable":true,"href":"https:\/\/www.europesays.com\/lt\/wp-json\/wp\/v2\/comments?post=269278"}],"version-history":[{"count":0,"href":"https:\/\/www.europesays.com\/lt\/wp-json\/wp\/v2\/posts\/269278\/revisions"}],"wp:featuredmedia":[{"embeddable":true,"href":"https:\/\/www.europesays.com\/lt\/wp-json\/wp\/v2\/media\/269279"}],"wp:attachment":[{"href":"https:\/\/www.europesays.com\/lt\/wp-json\/wp\/v2\/media?parent=269278"}],"wp:term":[{"taxonomy":"category","embeddable":true,"href":"https:\/\/www.europesays.com\/lt\/wp-json\/wp\/v2\/categories?post=269278"},{"taxonomy":"post_tag","embeddable":true,"href":"https:\/\/www.europesays.com\/lt\/wp-json\/wp\/v2\/tags?post=269278"}],"curies":[{"name":"wp","href":"https:\/\/api.w.org\/{rel}","templated":true}]}}