{"id":269284,"date":"2026-09-04T16:37:11","date_gmt":"2026-09-04T16:37:11","guid":{"rendered":"https:\/\/www.europesays.com\/lt\/269284\/"},"modified":"2026-09-04T16:37:11","modified_gmt":"2026-09-04T16:37:11","slug":"is-monikos-liu-dziugios-naujienos-2","status":"publish","type":"post","link":"https:\/\/www.europesays.com\/lt\/269284\/","title":{"rendered":"I\u0161 Monikos Liu \u2013 d\u017eiugios naujienos"},"content":{"rendered":"<p>Viename koncerte \u2013 kelios kartos\u00a0<\/p>\n<p>Kaip ir buvo galima tik\u0117tis, koncerte susitiko kelios kartos: jauni klausytojai, t\u0117vai su ma\u017eame\u010diais vaikais, suaug\u0119 vaikai su savo t\u0117vais ir netgi seneliais. \u201eTai, kas vieniems yra vaikyst\u0117s ar jaunyst\u0117s melodijos, kitiems vakar skamb\u0117jo kaip visi\u0161kai naujai atrasta muzika\u201c, \u2013 pastebi \u201eLos Secretos de Pablo\u201c narys Aurimas Rimeikis.\u00a0<\/p>\n<p>Koncert\u0105 prad\u0117jo temperamentingasis k\u016brinys \u201eUmwelt\u201c, koncert\u0105 t\u0119s\u0117 lietuvi\u0161kos estrados perlai \u2013 \u201eGr\u012f\u017ekite, pauk\u0161\u010diai\u201c, \u201eNeverk, Marijau\u201c, \u201e\u017diedai \u017eiedai\u201c, \u201eLyja\u201c, \u201eKelion\u0117 \u017eirgais\u201c, \u201eGulbi\u0173 \u0161auksmas\u201c. Vakaro ypatingu sve\u010diu tapo \u201e\u0160ventinis Bankuchenas\u201c, kuris kartu su Monika Liu atliko k\u016brin\u012f \u201e\u0160e\u0161\u0117liai lange\u201c.\u00a0<\/p>\n<p>Netik\u0117tas buvo ir pagrindin\u0117s koncerto dalies finalas. Muzikantai j\u0105 u\u017ebaig\u0117 gyvai atliktu kultinio serialo \u201eSanta Barbara\u201c muzikiniu motyvu \u2013 su mintimi, kad \u0161i muzikin\u0117 kelion\u0117, kaip ir serialas, yra nesibaigianti.\u00a0<\/p>\n<p>Vestuvinis \u0161okis, kurio niekas neplanavo\u00a0<\/p>\n<p>Vienas \u012fsimintiniausi\u0173 vakaro epizod\u0173 nebuvo numatytas i\u0161 anksto. Tarp publikos Monika Liu pasteb\u0117jo k\u0105 tik susituokusi\u0105 por\u0105 \u2013 jaunaved\u017eiai \u012f koncert\u0105 atvyko tiesiai i\u0161 savo vestuvi\u0173, jaunoji vis dar vilk\u0117jo vestuvin\u0119 suknel\u0119 ir rankose laik\u0117 nuotakos puok\u0161t\u0119.\u00a0<\/p>\n<p>Monika Liu pakviet\u0117 por\u0105 ant scenos ir skyr\u0117 jiems dain\u0105 \u201eTu\u201c. Kol muzikantai grojo, jaunaved\u017eiai scenoje su\u0161oko savo vestuvin\u012f \u0161ok\u012f, o jo prad\u017eioje nuotaka nusisukusi \u012f publik\u0105 ir met\u0117 vestuvin\u0119 puok\u0161t\u0119.\u00a0<\/p>\n<p>\u201eTai buvo vienas t\u0173 koncertini\u0173 moment\u0173, kuri\u0173 ne\u012fmanoma suplanuoti. Tuo ir \u017eav\u016bs man m\u016bs\u0173 pasirodymai su \u201eLos Secretos de Pablo\u201c \u2013 juose vyksta daug netik\u0117tum\u0173 ir linksmybi\u0173\u201c, \u2013 \u0161ypsosi Monika Liu.\u00a0<\/p>\n<p>Praeities muzika, gyvenanti dabar\u00a0<\/p>\n<p>\u201eLos Secretos de Monika Liu\u201c gim\u0117 i\u0161 Monikos Liu ir \u201eLos Secretos de Pablo\u201c muzikin\u0117s draugyst\u0117s. Monika yra pasakojusi, kad \u012f grup\u0117s koncertus i\u0161 prad\u017ei\u0173 eidavo kaip klausytoja, kol bendri pasirodymai ir muzikin\u0117s id\u0117jos ilgainiui i\u0161augo \u012f bendr\u0105 projekt\u0105.\u00a0<\/p>\n<p>Jo centre dabar \u2013 albumas \u201e\u0160e\u0161\u0117liai lange\u201c. Jame muzikantai atsigr\u0119\u017e\u0117 \u012f sen\u0105j\u0105 lietuvi\u0161k\u0105 estrad\u0105. Naujas legendini\u0173 lietuvi\u0161k\u0173 dain\u0173 aran\u017euotes k\u016br\u0117 Liutauras Janu\u0161aitis ir Jievaras Jasinskis, o \u012fra\u0161uose susitiko trimitai, trombonai, saksofonas, fleitas, arfa, suzafonas, perkusijos, gitaros ir klavi\u0161iniai.\u00a0<\/p>\n<p>Albumas buvo \u012fra\u0161ytas istorin\u0117je Vilniaus plok\u0161teli\u0173 studijoje prie Bernardin\u0173 sodo, o galutinis jo skambesys nugludintas legendin\u0117je Londono \u201eAbbey Road Studios\u201c. Koncerto sve\u010diai pirmieji gal\u0117jo \u012fsigyti albumo vinilin\u0119 plok\u0161tel\u0119. Netrukus plok\u0161tel\u0119 \u201e\u0160e\u0161\u0117liai lange\u201c galima bus \u012fsigyti ir internetu.<\/p>\n","protected":false},"excerpt":{"rendered":"Viename koncerte \u2013 kelios kartos\u00a0 Kaip ir buvo galima tik\u0117tis, koncerte susitiko kelios kartos: jauni klausytojai, t\u0117vai su&hellip;\n","protected":false},"author":2,"featured_media":269285,"comment_status":"","ping_status":"","sticky":false,"template":"","format":"standard","meta":{"footnotes":"","_share_on_mastodon":"0"},"categories":[21],"tags":[113,37,39,36,38,40,114],"class_list":["post-269284","post","type-post","status-publish","format-standard","has-post-thumbnail","category-pramogos","tag-entertainment","tag-lietuva","tag-lietuviu","tag-lithuania","tag-lithuanian","tag-lt","tag-pramogos"],"share_on_mastodon":{"url":"https:\/\/pubeurope.com\/@lt\/117213754016651524","error":""},"_links":{"self":[{"href":"https:\/\/www.europesays.com\/lt\/wp-json\/wp\/v2\/posts\/269284","targetHints":{"allow":["GET"]}}],"collection":[{"href":"https:\/\/www.europesays.com\/lt\/wp-json\/wp\/v2\/posts"}],"about":[{"href":"https:\/\/www.europesays.com\/lt\/wp-json\/wp\/v2\/types\/post"}],"author":[{"embeddable":true,"href":"https:\/\/www.europesays.com\/lt\/wp-json\/wp\/v2\/users\/2"}],"replies":[{"embeddable":true,"href":"https:\/\/www.europesays.com\/lt\/wp-json\/wp\/v2\/comments?post=269284"}],"version-history":[{"count":0,"href":"https:\/\/www.europesays.com\/lt\/wp-json\/wp\/v2\/posts\/269284\/revisions"}],"wp:featuredmedia":[{"embeddable":true,"href":"https:\/\/www.europesays.com\/lt\/wp-json\/wp\/v2\/media\/269285"}],"wp:attachment":[{"href":"https:\/\/www.europesays.com\/lt\/wp-json\/wp\/v2\/media?parent=269284"}],"wp:term":[{"taxonomy":"category","embeddable":true,"href":"https:\/\/www.europesays.com\/lt\/wp-json\/wp\/v2\/categories?post=269284"},{"taxonomy":"post_tag","embeddable":true,"href":"https:\/\/www.europesays.com\/lt\/wp-json\/wp\/v2\/tags?post=269284"}],"curies":[{"name":"wp","href":"https:\/\/api.w.org\/{rel}","templated":true}]}}