{"id":269286,"date":"2026-09-04T16:38:38","date_gmt":"2026-09-04T16:38:38","guid":{"rendered":"https:\/\/www.europesays.com\/lt\/269286\/"},"modified":"2026-09-04T16:38:38","modified_gmt":"2026-09-04T16:38:38","slug":"kurtinaitis-kas-cia-dabar-vyko-nebuvo-apie-krepsini","status":"publish","type":"post","link":"https:\/\/www.europesays.com\/lt\/269286\/","title":{"rendered":"Kurtinaitis: \u201eKas \u010dia dabar vyko, nebuvo apie krep\u0161in\u012f\u201c"},"content":{"rendered":"<p>\u00a0\u201eKauno dienos\u201c studijoje vie\u0161\u0117j\u0119s Lietuvos rinktin\u0117s strategas Rimas Kurtinaitis aptar\u0117 \u0161i\u0173 dien\u0173 aktualias temas, ypatingai nacionalin\u0119 komand\u0105 slegian\u010di\u0105 situacij\u0105 bei pra\u0117jus\u012f pasaulio \u010dempionato atrankos \u201elang\u0105\u201c.<\/p>\n<p>Treneris atviravo, kad jam labai buvo nemalonu gird\u0117ti \u017eurnalist\u0173 aptariam\u0105 jo sveikat\u0105 bei kitas problemas.<\/p>\n<p>\u201eTaip, man yra nusimu\u0161\u0119s ritmas. Band\u0117 j\u012f sutvarkyti. Nepavyko. Taip gyvenu apie 30 met\u0173. Turiu daug koleg\u0173, kurie gyvena su stimuliatoriais. Nemanau, kad \u017emogaus kult\u016bringa klausti, kiek jis u\u017edirba, ir kokia yra jo sveikata. Mano sveikata yra puiki, kiek tempsiu, tikrai ne\u017einau \u2013 kiek duota\u201c, \u2013 kalb\u0117jo strategas.<\/p>\n<p>Apie esam\u0105 situacij\u0105 rinktin\u0117je specialistas kalb\u0117jo, kaip apie normali\u0105.<\/p>\n<p>\u201eKai laimiu, mane pagiria, kai nelaimiu \u2013 peikia. Normali situacija. Kas vyko dabar, negaliu i\u0161siai\u0161kinti, nes \u010dia nebuvo kalbama apie krep\u0161in\u012f. Buvo kalb\u0117ta apie sveikat\u0105, jausmus. Gerai, kad dar nepaliet\u0117 mano \u0161eimos. Tai mane stebina. Kaip galime b\u016bti tokiame lygyje ir lie\u010diame \u017emogi\u0161kas savybes\u201c, \u2013 tikino R. Kurtinaitis.<\/p>\n<p>Treneris taip pat sulauk\u0117 klausimo, ar u\u017emezg\u0117 ry\u0161\u012f su pra\u0117jusiame \u201elange\u201c buvusiais krep\u0161ininkais.<\/p>\n<p>\u201eManau, kad taip. Su Tubeliu turime ger\u0105 santyk\u012f. Lapkrit\u012f jis neatvyko d\u0117l skausm\u0173, bet dabar matome, kad atvyksta visada. Noriu jam pad\u0117koti. Jis yra m\u016bs\u0173 komandos dvasia. Suprantu \u017eaid\u0117jus, kurie neatvyko, nes jie nori b\u016bti klubuose nuo pat pasirengimo prad\u017eios. Gaila, kad tik tokiu metu nesurinkome geriausi\u0173 \u017eaid\u0117j\u0173\u201c, \u2013 sak\u0117 specialistas.<\/p>\n","protected":false},"excerpt":{"rendered":"\u00a0\u201eKauno dienos\u201c studijoje vie\u0161\u0117j\u0119s Lietuvos rinktin\u0117s strategas Rimas Kurtinaitis aptar\u0117 \u0161i\u0173 dien\u0173 aktualias temas, ypatingai nacionalin\u0119 komand\u0105 slegian\u010di\u0105&hellip;\n","protected":false},"author":2,"featured_media":269287,"comment_status":"","ping_status":"","sticky":false,"template":"","format":"standard","meta":{"footnotes":"","_share_on_mastodon":"0"},"categories":[19],"tags":[57,43,55,48,54,51,49,50,37,39,36,38,40,45,23,44,53,42,56,47,112,104,46,58,52],"class_list":["post-269286","post","type-post","status-publish","format-standard","has-post-thumbnail","category-sportas","tag-daiktai","tag-dienos-kronika","tag-gatves-tekstai","tag-gyvenimas","tag-interneto-pievos","tag-keliones","tag-kultura","tag-laisvalaikis","tag-lietuva","tag-lietuviu","tag-lithuania","tag-lithuanian","tag-lt","tag-mokslas-ir-it","tag-naujienos","tag-pasaulis","tag-projektai","tag-rinktiniai-tekstai","tag-simtmecio-portalas","tag-sportas","tag-sportas-lt","tag-sports","tag-verslas","tag-video","tag-zaidimai"],"share_on_mastodon":{"url":"https:\/\/pubeurope.com\/@lt\/117213757709873976","error":""},"_links":{"self":[{"href":"https:\/\/www.europesays.com\/lt\/wp-json\/wp\/v2\/posts\/269286","targetHints":{"allow":["GET"]}}],"collection":[{"href":"https:\/\/www.europesays.com\/lt\/wp-json\/wp\/v2\/posts"}],"about":[{"href":"https:\/\/www.europesays.com\/lt\/wp-json\/wp\/v2\/types\/post"}],"author":[{"embeddable":true,"href":"https:\/\/www.europesays.com\/lt\/wp-json\/wp\/v2\/users\/2"}],"replies":[{"embeddable":true,"href":"https:\/\/www.europesays.com\/lt\/wp-json\/wp\/v2\/comments?post=269286"}],"version-history":[{"count":0,"href":"https:\/\/www.europesays.com\/lt\/wp-json\/wp\/v2\/posts\/269286\/revisions"}],"wp:featuredmedia":[{"embeddable":true,"href":"https:\/\/www.europesays.com\/lt\/wp-json\/wp\/v2\/media\/269287"}],"wp:attachment":[{"href":"https:\/\/www.europesays.com\/lt\/wp-json\/wp\/v2\/media?parent=269286"}],"wp:term":[{"taxonomy":"category","embeddable":true,"href":"https:\/\/www.europesays.com\/lt\/wp-json\/wp\/v2\/categories?post=269286"},{"taxonomy":"post_tag","embeddable":true,"href":"https:\/\/www.europesays.com\/lt\/wp-json\/wp\/v2\/tags?post=269286"}],"curies":[{"name":"wp","href":"https:\/\/api.w.org\/{rel}","templated":true}]}}