{"id":269290,"date":"2026-09-04T16:44:05","date_gmt":"2026-09-04T16:44:05","guid":{"rendered":"https:\/\/www.europesays.com\/lt\/269290\/"},"modified":"2026-09-04T16:44:05","modified_gmt":"2026-09-04T16:44:05","slug":"pasikesinta-i-dar-viena-rusijos-generola","status":"publish","type":"post","link":"https:\/\/www.europesays.com\/lt\/269290\/","title":{"rendered":"Pasik\u0117sinta \u012f dar vien\u0105 Rusijos generol\u0105"},"content":{"rendered":"<p>Rus\u0173 \u201eTelegram\u201c kanalas \u201eMash\u201c prane\u0161\u0117, kad ne\u017einomas asmuo motociklu priva\u017eiavo prie privataus namo Probu\u017edenije gyvenviet\u0117je ir du kartus \u0161ov\u0117 \u012f kari\u0161k\u012f.\u00a0<\/p>\n<p>Viena kulka pataik\u0117 jam \u012f vir\u0161utin\u0119 k\u016bno dal\u012f, kita \u2013 \u012f veid\u0105. Taip pat su\u017eeistas jo vairuotojas. Karininkas buvo nugabentas \u012f ligonin\u0119. \u010cia nuspr\u0119sta j\u012f specialiu l\u0117ktuvu nuskraidinti \u012f Maskv\u0105.<\/p>\n<p>Teigiama, kad pasik\u0117sinta \u012f generol\u0105 major\u0105 Nikolaj\u0173 Varpachovi\u010di\u0173, Rusijos 22-osios tolim\u0173j\u0173 skryd\u017ei\u0173 sunkiosios bombone\u0161i\u0173 divizijos vad\u0105. \u0160i tapatyb\u0117 kol kas oficialiai nepatvirtinta.<\/p>\n<p>\u201eTelegram\u201c kanalas \u201eDosje \u0160piona\u201c prane\u0161\u0117, kad \u012f N. Varpachovi\u010di\u0173 \u0161auta apie 7.00 val. ryto. Jo b\u016bkl\u0117 es\u0105 kritin\u0117. U\u017epuolikas kol kas nesulaikytas.<\/p>\n<p>Rugpj\u016b\u010dio 31 d. Ukrainos saugumo tarnyba (SBU) ir Generalin\u0117 prokurat\u016bra prane\u0161\u0117, kad N. Varpachovi\u010dius d\u0117l \u012ftarim\u0173 karo nusikaltimu u\u017e aki\u0173 buvo paskelbtas kaltinamuoju.\u00a0<\/p>\n<p>Ukrainos tyr\u0117j\u0173 duomenimis, 2024 m. liepos 8 d. jis dav\u0117 \u012fsakym\u0105 surengti raket\u0173 sm\u016bg\u012f prie\u0161 vaik\u0173 ligonin\u0119 \u201eOchmatdyt\u201c Kyjive.\u00a0<\/p>\n<p>Jam pavald\u016bs daliniai atakavo ligonin\u0119 \u201eCh-101\u201c tipo sparnuot\u0105ja raketa, paleista i\u0161 bombone\u0161io \u201eTu-95MS\u201c. \u017duvo du \u017emon\u0117s ir de\u0161imtys buvo su\u017eeista.<\/p>\n","protected":false},"excerpt":{"rendered":"Rus\u0173 \u201eTelegram\u201c kanalas \u201eMash\u201c prane\u0161\u0117, kad ne\u017einomas asmuo motociklu priva\u017eiavo prie privataus namo Probu\u017edenije gyvenviet\u0117je ir du kartus&hellip;\n","protected":false},"author":2,"featured_media":269291,"comment_status":"","ping_status":"","sticky":false,"template":"","format":"standard","meta":{"footnotes":"","_share_on_mastodon":"0"},"categories":[15],"tags":[25,30,31,34,35,24,32,33,37,39,36,38,40,23,22,44,28,29,26,27,74,75,76],"class_list":["post-269290","post","type-post","status-publish","format-standard","has-post-thumbnail","category-pasaulis","tag-antrastes","tag-breaking-news","tag-breakingnews","tag-featured-news","tag-featurednews","tag-headlines","tag-latest-news","tag-latestnews","tag-lietuva","tag-lietuviu","tag-lithuania","tag-lithuanian","tag-lt","tag-naujienos","tag-news","tag-pasaulis","tag-populiariausios-naujienos","tag-populiariausiosnaujienos","tag-top-stories","tag-topstories","tag-world","tag-world-news","tag-worldnews"],"share_on_mastodon":{"url":"https:\/\/pubeurope.com\/@lt\/117213781416381317","error":""},"_links":{"self":[{"href":"https:\/\/www.europesays.com\/lt\/wp-json\/wp\/v2\/posts\/269290","targetHints":{"allow":["GET"]}}],"collection":[{"href":"https:\/\/www.europesays.com\/lt\/wp-json\/wp\/v2\/posts"}],"about":[{"href":"https:\/\/www.europesays.com\/lt\/wp-json\/wp\/v2\/types\/post"}],"author":[{"embeddable":true,"href":"https:\/\/www.europesays.com\/lt\/wp-json\/wp\/v2\/users\/2"}],"replies":[{"embeddable":true,"href":"https:\/\/www.europesays.com\/lt\/wp-json\/wp\/v2\/comments?post=269290"}],"version-history":[{"count":0,"href":"https:\/\/www.europesays.com\/lt\/wp-json\/wp\/v2\/posts\/269290\/revisions"}],"wp:featuredmedia":[{"embeddable":true,"href":"https:\/\/www.europesays.com\/lt\/wp-json\/wp\/v2\/media\/269291"}],"wp:attachment":[{"href":"https:\/\/www.europesays.com\/lt\/wp-json\/wp\/v2\/media?parent=269290"}],"wp:term":[{"taxonomy":"category","embeddable":true,"href":"https:\/\/www.europesays.com\/lt\/wp-json\/wp\/v2\/categories?post=269290"},{"taxonomy":"post_tag","embeddable":true,"href":"https:\/\/www.europesays.com\/lt\/wp-json\/wp\/v2\/tags?post=269290"}],"curies":[{"name":"wp","href":"https:\/\/api.w.org\/{rel}","templated":true}]}}