{"id":269292,"date":"2026-09-04T16:54:31","date_gmt":"2026-09-04T16:54:31","guid":{"rendered":"https:\/\/www.europesays.com\/lt\/269292\/"},"modified":"2026-09-04T16:54:31","modified_gmt":"2026-09-04T16:54:31","slug":"skaudzia-netekti-isgyvenes-vytenis-partikas-kreipesi-i-mylima-moteri-kiekviena-akimirka-salia-jos","status":"publish","type":"post","link":"https:\/\/www.europesays.com\/lt\/269292\/","title":{"rendered":"Skaud\u017ei\u0105 netekt\u012f i\u0161gyven\u0119s Vytenis Partikas kreip\u0117si \u012f mylim\u0105 moter\u012f: \u201eKiekviena akimirka \u0161alia jos&#8230;\u201c"},"content":{"rendered":"\n<p>Tre\u010diadien\u012f pavie\u0161intame \u012fra\u0161e V. Partikas atskleid\u0117, kad skaudus mamos praradimas skatino dar labiau branginti ir puosel\u0117ti ry\u0161\u012f su likusia mo\u010diute.<\/p>\n<p>  Brangus \u017emogus <\/p>\n<p><a href=\"https:\/\/www.tv3.lt\/gaires\/mociute\" target=\"_blank\" rel=\"nofollow noopener\">Mo\u010diut\u0117<\/a> po tragedijos jam tapo dar artimesn\u0117 ir brangesn\u0117.<\/p>\n<p>\u201eKai mamos nebeliko, mo\u010diut\u0117 man tapo dar brangesn\u0117\u2026 Jai eina 89-ieji, ir \u0161iandien kiekviena akimirka \u0161alia jos man yra ne\u012fkainojama. Supom\u0117s ant s\u016bpyni\u0173, kalb\u0117jome apie visk\u0105 \u2013 apie gyvenim\u0105, praeit\u012f, \u017emones, prisiminimus\u2026 Tiesiog buvome kartu ir m\u0117gavom\u0117s tuo laiku, kurio, deja, niekas negali sustabdyti.<\/p>\n<p>\u017di\u016br\u0117damas \u012f j\u0105 vis da\u017eniau pagalvoju \u2013 kiek daug gyvenimo telpa viename \u017emoguje. Kiek istorij\u0173, i\u0161gyvenim\u0173, meil\u0117s ir stipryb\u0117s\u2026 Kai netenki mamos, pradedi dar labiau branginti tuos, kuriuos vis dar gali apkabinti.<\/p>\n<p>Mo\u010diute, man did\u017eiausia dovana, kad Tu dar esi. Kad galiu Tave apkabinti, i\u0161girsti Tavo bals\u0105, kartu pasijuokti ir tiesiog pas\u0117d\u0117ti \u0161alia.<\/p>\n<p>Mano mo\u010diut\u0117 ir mano dukryt\u0117 \u2013 pa\u010dios brangiausios mano gyvenimo moterys. Dar pasisupkim, mo\u010diute\u2026 Dar turim apie daug k\u0105 pasikalb\u0117ti\u201c, \u2013 jautriai ra\u0161\u0117 jis.<\/p>\n<blockquote class=\"instagram-media\" data-instgrm-captioned=\"\" data-instgrm-permalink=\"https:\/\/www.instagram.com\/reel\/DcyHksJgalu\/?utm_source=ig_embed&amp;utm_campaign=loading\" data-instgrm-version=\"14\" style=\" background:#FFF; border:0; border-radius:3px; box-shadow:0 0 1px 0 rgba(0,0,0,0.5),0 1px 10px 0 rgba(0,0,0,0.15); margin: 1px; max-width:540px; min-width:326px; padding:0; width:99.375%; width:-webkit-calc(100% - 2px); width:calc(100% - 2px);\"><\/blockquote>\n<p>Primename, kad gegu\u017e\u0117s\u00a0pabaigoje\u00a0<a href=\"https:\/\/www.tv3.lt\/naujiena\/zmones\/vytenis-partikas-atvirai-prakalbo-apie-iveikta-priklausomybe-tai-tesesi-septynerius-metus-n1493601\" rel=\"nofollow noopener\" target=\"_blank\">Vytenis Partikas<\/a> pasidalino itin skaud\u017eia \u017einia \u2013 mir\u0117 jo <a href=\"https:\/\/www.tv3.lt\/naujiena\/lietuva\/seimo-komitetas-pritare-mamadieniu-ir-tevadieniu-prapletimui-n1521248\" rel=\"nofollow noopener\" target=\"_blank\">mama<\/a>.<\/p>\n<p>Apie tai jis prakalbo socialiniuose tinkluose.<\/p>\n<p>\u201eTiesiog\u2026 a\u0161 nebeturiu \u017eod\u017ei\u0173. Mano \u0161irdis sudu\u017eo \u012f \u0161ipulius. Skausmas \u2013 neapsakomas. Net sunku suvokti ir suprasti, kod\u0117l\u2026<\/p>\n<p>Tav\u0119s nebeliko.\u00a0Tu buvai tas \u017emogus, \u012f kur\u012f sunkiausiomis akimirkomis visada gal\u0117jau atsiremti. Tas \u017emogus, kuris mane jausdavo be \u017eod\u017ei\u0173, perskaitydavo visk\u0105 i\u0161 aki\u0173. Ir dabar a\u0161 vis dar negaliu patik\u0117ti, kad tav\u0119s neb\u0117ra\u2026<\/p>\n<p>Dar sunkiau tai i\u0161gyventi b\u016bnant u\u017e t\u016bkstan\u010di\u0173 kilometr\u0173 nuo nam\u0173. Mama\u2026 kod\u0117l?.. Man tav\u0119s taip beproti\u0161kai tr\u016bks vis\u0105 gyvenim\u0105.<\/p>\n<p>Gumulas gerkl\u0117je, \u0161irdis ver\u017eiasi lauk i\u0161 skausmo, nes suvokiu, kad tav\u0119s jau neb\u0117ra \u0161alia. Ne\u017einau kur dingti, kur pasisl\u0117pti nuo \u0161io skausmo\u2026 Bet turb\u016bt turiu i\u0161likti stiprus, kaip mane visada mokei. Tu visada sakei, kad gyvenimo sunkumus turiu atlaikyti, kad ir kaip skaud\u0117t\u0173.<\/p>\n<p>Su did\u017eiuliu li\u016bdesiu ir a\u0161aromis akyse noriu prane\u0161ti, kad netekau dar vieno be galo brangaus \u017emogaus \u2013 savo mamos\u2026\u00a0<\/p>\n<p>Apie atsisveikinim\u0105 informuosiu vie\u0161ai. Mano \u0161irdis liko sudau\u017eyta\u2026 ir \u0161iandien net ne\u017einau, ar ji kada nors sugis\u201c, \u2013 ra\u0161\u0117 jis.<\/p>\n<p>\n                                        \u0160altinis:<br \/>\n                                                                                    tv3.lt\n                                                                                <\/p>\n<p>Kvie\u010diame atrasti nauj\u0105 tv3.lt turin\u012f! Nuo \u0161iol portale j\u016bs\u0173 laukia ne tik <a href=\"https:\/\/www.tv3.lt\/testai\" rel=\"nofollow noopener\" target=\"_blank\">kasdien nauji testai<\/a>, bet ir <a href=\"https:\/\/www.tv3.lt\/kryziazodziai\" rel=\"nofollow noopener\" target=\"_blank\">kry\u017eia\u017eod\u017eiai <\/a>\u2013 i\u0161bandykite savo \u017einias, spr\u0119skite ir smagiai praleiskite laik\u0105. <\/p>\n<p>           <script async src=\"\/\/www.instagram.com\/embed.js\"><\/script><\/p>\n","protected":false},"excerpt":{"rendered":"Tre\u010diadien\u012f pavie\u0161intame \u012fra\u0161e V. Partikas atskleid\u0117, kad skaudus mamos praradimas skatino dar labiau branginti ir puosel\u0117ti ry\u0161\u012f su&hellip;\n","protected":false},"author":2,"featured_media":269293,"comment_status":"","ping_status":"","sticky":false,"template":"","format":"standard","meta":{"footnotes":"","_share_on_mastodon":"0"},"categories":[21],"tags":[38892,57,43,113,55,48,54,51,49,50,37,39,36,38,40,45,23,44,114,53,42,56,47,41,46,58,52],"class_list":["post-269292","post","type-post","status-publish","format-standard","has-post-thumbnail","category-pramogos","tag-2026-09-03-201000","tag-daiktai","tag-dienos-kronika","tag-entertainment","tag-gatves-tekstai","tag-gyvenimas","tag-interneto-pievos","tag-keliones","tag-kultura","tag-laisvalaikis","tag-lietuva","tag-lietuviu","tag-lithuania","tag-lithuanian","tag-lt","tag-mokslas-ir-it","tag-naujienos","tag-pasaulis","tag-pramogos","tag-projektai","tag-rinktiniai-tekstai","tag-simtmecio-portalas","tag-sportas","tag-tv3-lt","tag-verslas","tag-video","tag-zaidimai"],"share_on_mastodon":{"url":"https:\/\/pubeurope.com\/@lt\/117213820564227283","error":""},"_links":{"self":[{"href":"https:\/\/www.europesays.com\/lt\/wp-json\/wp\/v2\/posts\/269292","targetHints":{"allow":["GET"]}}],"collection":[{"href":"https:\/\/www.europesays.com\/lt\/wp-json\/wp\/v2\/posts"}],"about":[{"href":"https:\/\/www.europesays.com\/lt\/wp-json\/wp\/v2\/types\/post"}],"author":[{"embeddable":true,"href":"https:\/\/www.europesays.com\/lt\/wp-json\/wp\/v2\/users\/2"}],"replies":[{"embeddable":true,"href":"https:\/\/www.europesays.com\/lt\/wp-json\/wp\/v2\/comments?post=269292"}],"version-history":[{"count":0,"href":"https:\/\/www.europesays.com\/lt\/wp-json\/wp\/v2\/posts\/269292\/revisions"}],"wp:featuredmedia":[{"embeddable":true,"href":"https:\/\/www.europesays.com\/lt\/wp-json\/wp\/v2\/media\/269293"}],"wp:attachment":[{"href":"https:\/\/www.europesays.com\/lt\/wp-json\/wp\/v2\/media?parent=269292"}],"wp:term":[{"taxonomy":"category","embeddable":true,"href":"https:\/\/www.europesays.com\/lt\/wp-json\/wp\/v2\/categories?post=269292"},{"taxonomy":"post_tag","embeddable":true,"href":"https:\/\/www.europesays.com\/lt\/wp-json\/wp\/v2\/tags?post=269292"}],"curies":[{"name":"wp","href":"https:\/\/api.w.org\/{rel}","templated":true}]}}