{"id":269300,"date":"2026-09-04T16:58:37","date_gmt":"2026-09-04T16:58:37","guid":{"rendered":"https:\/\/www.europesays.com\/lt\/269300\/"},"modified":"2026-09-04T16:58:37","modified_gmt":"2026-09-04T16:58:37","slug":"pareigunai-i-lietuva-brovesi-labai-gausus-burys-somalio-pilieciu","status":"publish","type":"post","link":"https:\/\/www.europesays.com\/lt\/269300\/","title":{"rendered":"Pareig\u016bnai: \u012f Lietuv\u0105 brov\u0117si labai gausus b\u016brys Somalio pilie\u010di\u0173"},"content":{"rendered":"<p>\n                2026-09-04 16:23<\/p>\n<p>                Prenumeratoriams<\/p>\n<p>                            <a href=\"https:\/\/www.15min.lt\/autorius\/15min kriminalai-1287178\" rel=\"nofollow noopener\" target=\"_blank\"><br \/>\n                    <img decoding=\"async\" src=\"https:\/\/www.europesays.com\/lt\/wp-content\/uploads\/2026\/09\/1788541116_442_15min-kriminalai-6a055c4a0113a.jpg\" alt=\"15min kriminalai     \"\/><br \/>\n                <\/a><\/p>\n<p>\n                \u012e Lietuv\u0105 ne\u012fleistas gausus b\u016brys Somalio pilie\u010di\u0173, be to, pra\u0161oma suimti sulaikyt\u0105 turk\u0105, dalyvavus\u012f organizuotoje-grup\u0117je neteis\u0117tai gabenant \u017emones per valstyb\u0117s sien\u0105, prane\u0161a VSAT.            <\/p>\n<p>\t\t\t\t<a href=\"https:\/\/s1.15min.lt\/images\/photos\/2026\/09\/04\/original\/sulaikymas-bylos-ikalciai-6a9ac61d9cd23.jpg\" title=\"VSAT nuotr. \/  Sulaikymas, bylos \u012fkal\u010diai\" class=\"image-link\" rel=\"nofollow noopener\" target=\"_blank\"><br \/>\n\t\t\t<img decoding=\"async\" alt=\"Sulaikymas, bylos \u012fkal\u010diai\" src=\"https:\/\/www.europesays.com\/lt\/wp-content\/uploads\/2026\/09\/sulaikymas-bylos-ikalciai-6a9ac61d9cd23.jpg\" itemprop=\"image\" width=\"970\" height=\"580\" fetchpriority=\"high\"\/>\t\t\t\t\t<\/a><\/p>\n<p>\n        Sulaikymas, bylos \u012fkal\u010diai  \/ VSAT nuotr.\t<\/p>\n","protected":false},"excerpt":{"rendered":"2026-09-04 16:23 Prenumeratoriams \u012e Lietuv\u0105 ne\u012fleistas gausus b\u016brys Somalio pilie\u010di\u0173, be to, pra\u0161oma suimti sulaikyt\u0105 turk\u0105, dalyvavus\u012f organizuotoje-grup\u0117je&hellip;\n","protected":false},"author":2,"featured_media":269301,"comment_status":"","ping_status":"","sticky":false,"template":"","format":"standard","meta":{"footnotes":"","_share_on_mastodon":"0"},"categories":[13],"tags":[25,30,31,34,35,24,32,33,37,39,36,38,40,23,22,28,29,26,27],"class_list":["post-269300","post","type-post","status-publish","format-standard","has-post-thumbnail","category-lietuva","tag-antrastes","tag-breaking-news","tag-breakingnews","tag-featured-news","tag-featurednews","tag-headlines","tag-latest-news","tag-latestnews","tag-lietuva","tag-lietuviu","tag-lithuania","tag-lithuanian","tag-lt","tag-naujienos","tag-news","tag-populiariausios-naujienos","tag-populiariausiosnaujienos","tag-top-stories","tag-topstories"],"share_on_mastodon":{"url":"https:\/\/pubeurope.com\/@lt\/117213836728476015","error":""},"_links":{"self":[{"href":"https:\/\/www.europesays.com\/lt\/wp-json\/wp\/v2\/posts\/269300","targetHints":{"allow":["GET"]}}],"collection":[{"href":"https:\/\/www.europesays.com\/lt\/wp-json\/wp\/v2\/posts"}],"about":[{"href":"https:\/\/www.europesays.com\/lt\/wp-json\/wp\/v2\/types\/post"}],"author":[{"embeddable":true,"href":"https:\/\/www.europesays.com\/lt\/wp-json\/wp\/v2\/users\/2"}],"replies":[{"embeddable":true,"href":"https:\/\/www.europesays.com\/lt\/wp-json\/wp\/v2\/comments?post=269300"}],"version-history":[{"count":0,"href":"https:\/\/www.europesays.com\/lt\/wp-json\/wp\/v2\/posts\/269300\/revisions"}],"wp:featuredmedia":[{"embeddable":true,"href":"https:\/\/www.europesays.com\/lt\/wp-json\/wp\/v2\/media\/269301"}],"wp:attachment":[{"href":"https:\/\/www.europesays.com\/lt\/wp-json\/wp\/v2\/media?parent=269300"}],"wp:term":[{"taxonomy":"category","embeddable":true,"href":"https:\/\/www.europesays.com\/lt\/wp-json\/wp\/v2\/categories?post=269300"},{"taxonomy":"post_tag","embeddable":true,"href":"https:\/\/www.europesays.com\/lt\/wp-json\/wp\/v2\/tags?post=269300"}],"curies":[{"name":"wp","href":"https:\/\/api.w.org\/{rel}","templated":true}]}}