{"id":269304,"date":"2026-09-04T17:00:16","date_gmt":"2026-09-04T17:00:16","guid":{"rendered":"https:\/\/www.europesays.com\/lt\/269304\/"},"modified":"2026-09-04T17:00:16","modified_gmt":"2026-09-04T17:00:16","slug":"justinas-lapatinskas-atvirai-prabilo-apie-nesutarimus-su-zmona-ji-nori","status":"publish","type":"post","link":"https:\/\/www.europesays.com\/lt\/269304\/","title":{"rendered":"Justinas Lapatinskas atvirai prabilo apie nesutarimus su \u017emona: \u201eJi nori&#8230;\u201c"},"content":{"rendered":"\n<p>\u201ePra\u0117jus\u012f kart\u0105 labai \u010dia kuitalas buvai\u201c, \u2013 vos \u012f\u017eeng\u0119s \u012f sodyb\u0105 juokaudamas draugui primins Audrius.<\/p>\n<p>      Darb\u0173 netr\u016bksta <\/p>\n<p>Pats Justinas nesl\u0117ps, kad darb\u0173 \u010dia netr\u016bksta. Sodyboje jis kartu su dukra jau nema\u017eai nuveik\u0117, ta\u010diau nauj\u0173 sumanym\u0173 vis daug\u0117ja. Vienas j\u0173 \u2013 prie vandens planuojama pirtel\u0117.<\/p>\n<p>\u201eDabar projektuoju pirtel\u0119, galvoju, kur pe\u010di\u0173 d\u0117s, kur gultus. Nuva\u017eiuoju, pasakau visk\u0105 berniukams. Jie man, ai\u0161ku, sako: \u201eGal tu taip nedaryk\u201c. Tada va\u017eiuoju atgal susinervin\u0119s, kad a\u0161 \u010dia susiplanavau, tiek laiko sugai\u0161au. Bet tuo statyb\u0173 procesas ir yra smagus\u201c, \u2013 pasakos Justinas.<\/p>\n<p>Ta\u010diau prie\u0161 imantis didesni\u0173 projekt\u0173, reikia susitvarkyti ir su ma\u017eesniais. Tod\u0117l Audrius ir Justinas kibs \u012f darbus: matuos, pjaus, kals ir bandys i\u0161siai\u0161kinti, kaip i\u0161 turim\u0173 lent\u0173 sukonstruoti tai, ko reikia sodybai.<\/p>\n<p>        <a href=\"https:\/\/www.tv3.lt\/Uploads\/UGallery\/photos\/8e\/d3\/71\/80\/8ed3718080879f73393bc6ad3bc9ecf0.jpg\" data-fancybox=\"photos-embed\" data-caption=\"Justinas Lapatinskas su \u017emona Migle (Teodoras Bili\u016bnas\/ BNS nuotr.)\" target=\"_self\" rel=\"nofollow noopener\"> <img decoding=\"async\" class=\"photo-inside-article\" align=\"center\" alt=\"Justinas Lapatinskas su \u017emona Migle (Teodoras Bili\u016bnas\/ BNS nuotr.)\" title=\"Justinas Lapatinskas su \u017emona Migle (Teodoras Bili\u016bnas\/ BNS nuotr.)\" src=\"https:\/\/www.europesays.com\/lt\/wp-content\/uploads\/2026\/09\/8ed3718080879f73393bc6ad3bc9ecf0.jpg\" width=\"684\" height=\"654\" loading=\"lazy\" \/> <\/a>       \u017dmona mato kitoki\u0105 vizij\u0105 <\/p>\n<p>Laidoje Justinas i\u0161duos, kad jo \u017emona sodyboje mato kiek kitoki\u0105 vizij\u0105 nei jis pats. Nedideliame namelyje ji nor\u0117t\u0173 sofos, o Justinui tokia id\u0117ja atrodo kiek abejotina.<\/p>\n<p>\u201eNamukas n\u0117ra didelis. Kokie 3-6 kvadratai maksimum vaik\u0161\u010diojimo ploto. O ji nori virtuv\u0117je sofos&#8230;\u201c \u2013 juoksis muzikantas.<\/p>\n<p>Vis d\u0117lto nepaisant skirting\u0173 vizij\u0173, b\u016btent tokie nesutarimai ir tampa dar vienu sodybos k\u016brimo proceso prieskoniu. O pats Justinas prisipa\u017eins, kad laikas \u010dia jam leid\u017eia pagaliau atsikv\u0117pti.<\/p>\n<p>Naujausioje <a href=\"https:\/\/www.tv3.lt\/gaires\/pasidaryk-pats\" target=\"_blank\" rel=\"nofollow noopener\">\u201ePasidaryk pats\u201c<\/a> laidoje netr\u016bks nei prakti\u0161k\u0173 patarim\u0173, nei darbo, nei Audriui ir Justinui b\u016bdingo humoro. O svarbiausia \u2013 dar kart\u0105 bus priminta paprasta taisykl\u0117: nebijokite imtis darb\u0173 patys!<\/p>\n<p>\u201ePasidaryk pats\u201c \u2013 \u0161e\u0161tadieniais, 9:30 val. per TV3.<\/p>\n<p>\n                                        \u0160altinis:<br \/>\n                                                                                    tv3.lt\n                                                                                <\/p>\n<p>Kvie\u010diame atrasti nauj\u0105 tv3.lt turin\u012f! Nuo \u0161iol portale j\u016bs\u0173 laukia ne tik <a href=\"https:\/\/www.tv3.lt\/testai\" rel=\"nofollow noopener\" target=\"_blank\">kasdien nauji testai<\/a>, bet ir <a href=\"https:\/\/www.tv3.lt\/kryziazodziai\" rel=\"nofollow noopener\" target=\"_blank\">kry\u017eia\u017eod\u017eiai <\/a>\u2013 i\u0161bandykite savo \u017einias, spr\u0119skite ir smagiai praleiskite laik\u0105. <\/p>\n","protected":false},"excerpt":{"rendered":"\u201ePra\u0117jus\u012f kart\u0105 labai \u010dia kuitalas buvai\u201c, \u2013 vos \u012f\u017eeng\u0119s \u012f sodyb\u0105 juokaudamas draugui primins Audrius. Darb\u0173 netr\u016bksta Pats&hellip;\n","protected":false},"author":2,"featured_media":269305,"comment_status":"","ping_status":"","sticky":false,"template":"","format":"standard","meta":{"footnotes":"","_share_on_mastodon":"0"},"categories":[21],"tags":[38894,57,43,113,55,48,54,51,49,50,37,39,36,38,40,45,23,44,114,53,42,56,47,41,46,58,52],"class_list":["post-269304","post","type-post","status-publish","format-standard","has-post-thumbnail","category-pramogos","tag-2026-09-04-114800","tag-daiktai","tag-dienos-kronika","tag-entertainment","tag-gatves-tekstai","tag-gyvenimas","tag-interneto-pievos","tag-keliones","tag-kultura","tag-laisvalaikis","tag-lietuva","tag-lietuviu","tag-lithuania","tag-lithuanian","tag-lt","tag-mokslas-ir-it","tag-naujienos","tag-pasaulis","tag-pramogos","tag-projektai","tag-rinktiniai-tekstai","tag-simtmecio-portalas","tag-sportas","tag-tv3-lt","tag-verslas","tag-video","tag-zaidimai"],"share_on_mastodon":{"url":"https:\/\/pubeurope.com\/@lt\/117213844779959466","error":""},"_links":{"self":[{"href":"https:\/\/www.europesays.com\/lt\/wp-json\/wp\/v2\/posts\/269304","targetHints":{"allow":["GET"]}}],"collection":[{"href":"https:\/\/www.europesays.com\/lt\/wp-json\/wp\/v2\/posts"}],"about":[{"href":"https:\/\/www.europesays.com\/lt\/wp-json\/wp\/v2\/types\/post"}],"author":[{"embeddable":true,"href":"https:\/\/www.europesays.com\/lt\/wp-json\/wp\/v2\/users\/2"}],"replies":[{"embeddable":true,"href":"https:\/\/www.europesays.com\/lt\/wp-json\/wp\/v2\/comments?post=269304"}],"version-history":[{"count":0,"href":"https:\/\/www.europesays.com\/lt\/wp-json\/wp\/v2\/posts\/269304\/revisions"}],"wp:featuredmedia":[{"embeddable":true,"href":"https:\/\/www.europesays.com\/lt\/wp-json\/wp\/v2\/media\/269305"}],"wp:attachment":[{"href":"https:\/\/www.europesays.com\/lt\/wp-json\/wp\/v2\/media?parent=269304"}],"wp:term":[{"taxonomy":"category","embeddable":true,"href":"https:\/\/www.europesays.com\/lt\/wp-json\/wp\/v2\/categories?post=269304"},{"taxonomy":"post_tag","embeddable":true,"href":"https:\/\/www.europesays.com\/lt\/wp-json\/wp\/v2\/tags?post=269304"}],"curies":[{"name":"wp","href":"https:\/\/api.w.org\/{rel}","templated":true}]}}