{"id":269346,"date":"2026-09-04T18:22:34","date_gmt":"2026-09-04T18:22:34","guid":{"rendered":"https:\/\/www.europesays.com\/lt\/269346\/"},"modified":"2026-09-04T18:22:34","modified_gmt":"2026-09-04T18:22:34","slug":"paskutinis-savaitgalis-klaipedos-zoologijos-sode-esame-priversti-uzverti-vartus","status":"publish","type":"post","link":"https:\/\/www.europesays.com\/lt\/269346\/","title":{"rendered":"Paskutinis savaitgalis Klaip\u0117dos zoologijos sode: \u201eEsame priversti u\u017everti vartus\u201c"},"content":{"rendered":"<p>\u201eNuo rugs\u0117jo 7 dienos, pirmadienio, Klaip\u0117dos zoologijos sodas nebedirbs. D\u0117l nepalanki\u0173 oro s\u0105lyg\u0173 ir nuolatinio Aplinkos apsaugos institucij\u0173 spaudimo esame priversti u\u017everti vartus\u201c, \u2013 penktadien\u012f paskelb\u0117 Klaip\u0117dos zoologijos sodas.<\/p>\n<p>Prie\u0161 metus Aplinkos apsaugos departamentas d\u0117l \u012fvairi\u0173 pa\u017eeidim\u0173 nurod\u0117 Klaip\u0117dos zoologijos sodui nepriimti lankytoj\u0173. Per metus i\u0161 sodo buvo konfiskuota \u012fvairi\u0173 gyv\u016bn\u0173.<\/p>\n<p>Liep\u0105, patikrinus dar kart\u0105, paai\u0161k\u0117jo, kad pa\u017eeidimai nebuvo sutvarkyti. Kreiptasi d\u0117l leidimo veikti panaikinimo.<\/p>\n<p>Aplinkos apsaugos departamentas rugpj\u016bt\u012f i\u0161 Klaip\u0117dos zoologijos sodo pa\u0117m\u0117 4 laukinius gyv\u016bnus \u2013 li\u016bt\u0105, rausvapilv\u0119 keng\u016br\u0105, auksin\u012f fazan\u0105, kalnin\u0119 \u017e\u0105s\u012f. Atliekant po\u0117m\u012f rasti ir trys nugai\u0161\u0119 gyv\u016bnai \u2013 l\u016b\u0161is, banguotoji pap\u016bg\u0117l\u0117 ir povas.<\/p>\n","protected":false},"excerpt":{"rendered":"\u201eNuo rugs\u0117jo 7 dienos, pirmadienio, Klaip\u0117dos zoologijos sodas nebedirbs. D\u0117l nepalanki\u0173 oro s\u0105lyg\u0173 ir nuolatinio Aplinkos apsaugos institucij\u0173&hellip;\n","protected":false},"author":2,"featured_media":269347,"comment_status":"","ping_status":"","sticky":false,"template":"","format":"standard","meta":{"footnotes":"","_share_on_mastodon":"0"},"categories":[13],"tags":[25,30,31,34,35,24,32,33,37,39,36,38,40,23,22,28,29,26,27],"class_list":["post-269346","post","type-post","status-publish","format-standard","has-post-thumbnail","category-lietuva","tag-antrastes","tag-breaking-news","tag-breakingnews","tag-featured-news","tag-featurednews","tag-headlines","tag-latest-news","tag-latestnews","tag-lietuva","tag-lietuviu","tag-lithuania","tag-lithuanian","tag-lt","tag-naujienos","tag-news","tag-populiariausios-naujienos","tag-populiariausiosnaujienos","tag-top-stories","tag-topstories"],"share_on_mastodon":{"url":"https:\/\/pubeurope.com\/@lt\/117214166678931288","error":""},"_links":{"self":[{"href":"https:\/\/www.europesays.com\/lt\/wp-json\/wp\/v2\/posts\/269346","targetHints":{"allow":["GET"]}}],"collection":[{"href":"https:\/\/www.europesays.com\/lt\/wp-json\/wp\/v2\/posts"}],"about":[{"href":"https:\/\/www.europesays.com\/lt\/wp-json\/wp\/v2\/types\/post"}],"author":[{"embeddable":true,"href":"https:\/\/www.europesays.com\/lt\/wp-json\/wp\/v2\/users\/2"}],"replies":[{"embeddable":true,"href":"https:\/\/www.europesays.com\/lt\/wp-json\/wp\/v2\/comments?post=269346"}],"version-history":[{"count":0,"href":"https:\/\/www.europesays.com\/lt\/wp-json\/wp\/v2\/posts\/269346\/revisions"}],"wp:featuredmedia":[{"embeddable":true,"href":"https:\/\/www.europesays.com\/lt\/wp-json\/wp\/v2\/media\/269347"}],"wp:attachment":[{"href":"https:\/\/www.europesays.com\/lt\/wp-json\/wp\/v2\/media?parent=269346"}],"wp:term":[{"taxonomy":"category","embeddable":true,"href":"https:\/\/www.europesays.com\/lt\/wp-json\/wp\/v2\/categories?post=269346"},{"taxonomy":"post_tag","embeddable":true,"href":"https:\/\/www.europesays.com\/lt\/wp-json\/wp\/v2\/tags?post=269346"}],"curies":[{"name":"wp","href":"https:\/\/api.w.org\/{rel}","templated":true}]}}