{"id":269348,"date":"2026-09-04T18:23:18","date_gmt":"2026-09-04T18:23:18","guid":{"rendered":"https:\/\/www.europesays.com\/lt\/269348\/"},"modified":"2026-09-04T18:23:18","modified_gmt":"2026-09-04T18:23:18","slug":"nevezio-pasiruosimo-starte-pralaimejimas-latviams-naujienos","status":"publish","type":"post","link":"https:\/\/www.europesays.com\/lt\/269348\/","title":{"rendered":"\u201eNev\u0117\u017eio\u201c pasiruo\u0161imo starte \u2013 pralaim\u0117jimas latviams \/ Naujienos"},"content":{"rendered":"<p>\u201eNev\u0117\u017eis\u201c pirmajame kontroliniame teste 76:84 nusileido VEF klubui. Gray peln\u0117 13 ta\u0161k\u0173, Petrilevi\u010dius \u012fsira\u0161\u0117 dvigub\u0105 dubl\u012f \u2013 12 ta\u0161k\u0173 ir 10 atkovot\u0173 kamuoli\u0173.\u00a0<\/p>\n<p>K\u0117daini\u0173 \u201e<a href=\"https:\/\/www.basketnews.lt\/komandos\/254-nevezis.html\" rel=\"nofollow noopener\" target=\"_blank\">Nev\u0117\u017eis &#8211; Paskol\u0173 klubas<\/a>\u201c kontrolini\u0173 rungtyni\u0173 cikl\u0105 prad\u0117jo nes\u0117kme. Evaldo Ber\u017eininkai\u010dio aukl\u0117tiniai draugi\u0161ko turnyro \u0160iauliuose pusfinalyje <a href=\"https:\/\/www.basketnews.lt\/rungtynes\/ziureti\/128117-kedainiu-nevezis-paskolu-klubas-rygos-vef.html\" rel=\"nofollow noopener\" target=\"_blank\">76:84 (13:24, 23:19, 25:28, 15:13)<\/a> nusileido Rygos <a href=\"https:\/\/www.basketnews.lt\/komandos\/876-vef-riga.html\" rel=\"nofollow noopener\" target=\"_blank\">VEF<\/a> ekipai.\u00a0<\/p>\n<p>Antrajame Algimanto Mik\u0161io turnyro pusfinalyje susitiks \u0161eimininkai \u201e\u0160iauliai\u201c ir Estijos \u010dempion\u0117 Tartu \u201eUlikool\u201c. Ma\u017easis ir didysis finalai vyks \u0161e\u0161tadien\u012f.\u00a0<\/p>\n<p>Lietuvos komandos gretose rezultatyviausias buvo 25-eri\u0173 puol\u0117jas i\u0161 JAV <a href=\"https:\/\/www.basketnews.lt\/zaidejai\/39659-aaron-gray.html\" rel=\"nofollow noopener\" target=\"_blank\">Aaronas Gray<\/a>. Jis per 28 minutes surinko 13 ta\u0161k\u0173 (4\/5 dvit., 1\/6 trit., 2\/4 baud.), 4 rezultatyvius perdavimus, 3 atkovotus ir 1 perimt\u0105 kamuol\u012f bei 2 klaidas.\u00a0<\/p>\n<p>Komandos kapitonas <a href=\"https:\/\/www.basketnews.lt\/zaidejai\/10769-paulius-petrilevicius.html\" rel=\"nofollow noopener\" target=\"_blank\">Paulius Petrilevi\u010dius<\/a> pasi\u017eym\u0117jo dvigubu dubliu \u2013 per 22 minutes \u012fsira\u0161\u0117 12 ta\u0161k\u0173 (5\/9 dvit., 0\/1 trit., 2\/2 baud.) ir 10 sugriebt\u0173 kamuoli\u0173. Auk\u0161ta\u016bgis taip pat prid\u0117jo 3 rezultatyvius perdavimus bei 2 klaidas.\u00a0<\/p>\n<blockquote class=\"instagram-media\" data-instgrm-captioned=\"\" data-instgrm-version=\"9\" style=\"width: 718px\"><p><a href=\"https:\/\/www.instagram.com\/p\/Dc3m1aToB3t\/\" target=\"_blank\" rel=\"nofollow noopener\"><\/p><\/blockquote>\n<p><a href=\"https:\/\/www.basketnews.lt\/zaidejai\/39697-dylan-andrews.html\" rel=\"nofollow noopener\" target=\"_blank\">Dylanas Andrewsas<\/a> per 26 minutes taip pat prid\u0117jo 12 ta\u0161k\u0173 (2\/6 dvit., 2\/5 trit., 2\/2 baud.).<\/p>\n<p><a href=\"https:\/\/www.basketnews.lt\/zaidejai\/35141-nedas-montvila.html\" rel=\"nofollow noopener\" target=\"_blank\">Nedo Montvilos<\/a> s\u0105skaitoje buvo 9 ta\u0161kai, <a href=\"https:\/\/www.basketnews.lt\/zaidejai\/39670-jacob-wiley.html\" rel=\"nofollow noopener\" target=\"_blank\">Jacobo Wiley<\/a> ir\u00a0<a href=\"https:\/\/www.basketnews.lt\/zaidejai\/39643-flynn-boardman-raffet.html\" rel=\"nofollow noopener\" target=\"_blank\">Flynno Boardmano-Raffeto<\/a> \u2013 po 8, <a href=\"https:\/\/www.basketnews.lt\/zaidejai\/17569-jonas-zakas.html\" rel=\"nofollow noopener\" target=\"_blank\">Jono Zako<\/a> \u2013 7, <a href=\"https:\/\/www.basketnews.lt\/zaidejai\/39649-javontae-hopkins.html\" rel=\"nofollow noopener\" target=\"_blank\">Javontae Hopkinso<\/a> \u2013 6, <a href=\"https:\/\/www.basketnews.lt\/zaidejai\/17932-danielius-lavrinovicius.html\" rel=\"nofollow noopener\" target=\"_blank\">Danieliaus Lavrinovi\u010diaus<\/a> \u2013 1.\u00a0<\/p>\n<p>Var\u017eov\u0173 gretose su 20 ta\u0161k\u0173 i\u0161siskyr\u0117 Calebas Asberry.\u00a0<\/p>\n<p>K\u0117dainie\u010diai LKL sezon\u0105 prad\u0117s rugs\u0117jo 22 d. Jonavoje.<\/p>\n<p> Ar Rimui Kurtinai\u010diui tr\u016bksta pagarbos d\u0117l praeities nuopeln\u0173?   <\/p>\n<p>                                                    <a href=\"https:\/\/www.basketnews.lt\/plius?utm_source=basketnews_lt&amp;utm_medium=bn_plus&amp;utm_id=&amp;utm_campaign=banners_free_content_for_not_members_bottom_6\" class=\"banners_paid_content_info_block_white banners-paid-content-info-block-white\" data-google-interstitial=\"false\" rel=\"nofollow noopener\" target=\"_blank\"><\/p>\n<p>                                                <img decoding=\"async\" class=\"bn-plus-img img-fluid\" src=\"https:\/\/www.europesays.com\/lt\/wp-content\/uploads\/2026\/09\/1788546198_610_bn-plus.png\" alt=\"\"\/><\/p>\n<p>                                            Patinka, k\u0105 darome? Pad\u0117koti galite \u010dia.<\/p>\n<p>                                                            <\/a><\/p>\n<p>                                            <script async src=\"\/\/www.instagram.com\/embed.js\"><\/script><\/p>\n","protected":false},"excerpt":{"rendered":"\u201eNev\u0117\u017eis\u201c pirmajame kontroliniame teste 76:84 nusileido VEF klubui. Gray peln\u0117 13 ta\u0161k\u0173, Petrilevi\u010dius \u012fsira\u0161\u0117 dvigub\u0105 dubl\u012f \u2013 12&hellip;\n","protected":false},"author":2,"featured_media":269349,"comment_status":"","ping_status":"","sticky":false,"template":"","format":"standard","meta":{"footnotes":"","_share_on_mastodon":"0"},"categories":[6],"tags":[25,30,31,34,35,24,32,33,37,39,36,38,40,23,22,28,29,26,27],"class_list":["post-269348","post","type-post","status-publish","format-standard","has-post-thumbnail","category-antrastes","tag-antrastes","tag-breaking-news","tag-breakingnews","tag-featured-news","tag-featurednews","tag-headlines","tag-latest-news","tag-latestnews","tag-lietuva","tag-lietuviu","tag-lithuania","tag-lithuanian","tag-lt","tag-naujienos","tag-news","tag-populiariausios-naujienos","tag-populiariausiosnaujienos","tag-top-stories","tag-topstories"],"share_on_mastodon":{"url":"https:\/\/pubeurope.com\/@lt\/117214170883174696","error":""},"_links":{"self":[{"href":"https:\/\/www.europesays.com\/lt\/wp-json\/wp\/v2\/posts\/269348","targetHints":{"allow":["GET"]}}],"collection":[{"href":"https:\/\/www.europesays.com\/lt\/wp-json\/wp\/v2\/posts"}],"about":[{"href":"https:\/\/www.europesays.com\/lt\/wp-json\/wp\/v2\/types\/post"}],"author":[{"embeddable":true,"href":"https:\/\/www.europesays.com\/lt\/wp-json\/wp\/v2\/users\/2"}],"replies":[{"embeddable":true,"href":"https:\/\/www.europesays.com\/lt\/wp-json\/wp\/v2\/comments?post=269348"}],"version-history":[{"count":0,"href":"https:\/\/www.europesays.com\/lt\/wp-json\/wp\/v2\/posts\/269348\/revisions"}],"wp:featuredmedia":[{"embeddable":true,"href":"https:\/\/www.europesays.com\/lt\/wp-json\/wp\/v2\/media\/269349"}],"wp:attachment":[{"href":"https:\/\/www.europesays.com\/lt\/wp-json\/wp\/v2\/media?parent=269348"}],"wp:term":[{"taxonomy":"category","embeddable":true,"href":"https:\/\/www.europesays.com\/lt\/wp-json\/wp\/v2\/categories?post=269348"},{"taxonomy":"post_tag","embeddable":true,"href":"https:\/\/www.europesays.com\/lt\/wp-json\/wp\/v2\/tags?post=269348"}],"curies":[{"name":"wp","href":"https:\/\/api.w.org\/{rel}","templated":true}]}}