{"id":269350,"date":"2026-09-04T18:28:08","date_gmt":"2026-09-04T18:28:08","guid":{"rendered":"https:\/\/www.europesays.com\/lt\/269350\/"},"modified":"2026-09-04T18:28:08","modified_gmt":"2026-09-04T18:28:08","slug":"ministras-itariamasis-vokietijos-elektros-tinklo-sabotazu-yra-klimato-aktyvistas","status":"publish","type":"post","link":"https:\/\/www.europesays.com\/lt\/269350\/","title":{"rendered":"Ministras: \u012ftariamasis Vokietijos elektros tinklo sabota\u017eu yra klimato aktyvistas"},"content":{"rendered":"<p>\u201eTurime manyti, kad tai yra klimato ekstremizmo atvejis\u201c, \u2013 sak\u0117 vidaus reikal\u0173 ministras Alexander&#8217;as Dobrindtas (Aleksandras Dobrintas).<\/p>\n<p>Pasak pareig\u016bn\u0173, manoma, kad vyras i\u0161siunt\u0117 lai\u0161kus, kuriuose prisipa\u017eino sureng\u0119s i\u0161puolius prie\u0161 elektros linijas, o per krat\u0105 jo namuose vakariniame G\u0117velsbergo mieste buvo rasta, kaip \u012ftariama, sprogstam\u0173j\u0173 med\u017eiag\u0173.<\/p>\n<p>Antradien\u012f d\u0117l techninio gedimo pastot\u0117je Bergheime, \u012f vakarus nuo Kelno, sugedo kelios elektros linijos. V\u0117liau policija \u0161\u012f incident\u0105 \u0160iaur\u0117s Reino-Vestfalijos \u017eem\u0117je kvalifikavo kaip ty\u010din\u0119 nusikalstam\u0105 veik\u0105.<\/p>\n<p>Diena anks\u010diau pareig\u016bnai rado savadarb\u012f sprogstam\u0105j\u012f u\u017etais\u0105 prie transformatorin\u0117s Turnove-Preilake, Ryt\u0173 Vokietijoje, netoli Jen\u0161vald\u0117s anglimi k\u016brenamos j\u0117gain\u0117s.<\/p>\n<p>Tyr\u0117jai teig\u0117, kad Bergheimo ir Brandenburgo incident\u0173 sabota\u017eo organizavimo b\u016bdai buvo pana\u0161\u016bs.<\/p>\n<p>Be to, ketvirtadien\u012f Vakar\u0173 Vokietijoje prie elektros pastot\u0117s buvo rastas \u012ftartinas \u012frenginys, pakurst\u0119s nauj\u0173 nuog\u0105stavim\u0173 d\u0117l galimo sabota\u017eo prie\u0161 \u0161alies energetikos infrastrukt\u016br\u0105.<\/p>\n<p>\u0160iaur\u0117s Reino-Vestfalijos vidaus reikal\u0173 ministras Herbertas Reulas (Herbertas Roilas) prane\u0161\u0117, kad saugumo pareig\u016bnams ir \u017einiasklaidai buvo i\u0161si\u0173sti lai\u0161kai, kuriuose prisipa\u017e\u012fstama d\u0117l kai kuri\u0173 i\u0161 \u0161i\u0173 veik\u0173.<\/p>\n<p>Jis sak\u0117, kad \u0161ie lai\u0161kai, kuriuose buvo pateiktos tikslios detal\u0117s apie i\u0161puoli\u0173 planus, laikomi tikrais, ir prid\u016br\u0117, kad \u201eautorius kaip motyv\u0105 nurodo kov\u0105 su i\u0161kastiniu kuru\u201c.<\/p>\n","protected":false},"excerpt":{"rendered":"\u201eTurime manyti, kad tai yra klimato ekstremizmo atvejis\u201c, \u2013 sak\u0117 vidaus reikal\u0173 ministras Alexander&#8217;as Dobrindtas (Aleksandras Dobrintas). Pasak&hellip;\n","protected":false},"author":2,"featured_media":269351,"comment_status":"","ping_status":"","sticky":false,"template":"","format":"standard","meta":{"footnotes":"","_share_on_mastodon":"0"},"categories":[15],"tags":[25,30,31,34,35,24,32,33,37,39,36,38,40,23,22,44,28,29,26,27,74,75,76],"class_list":["post-269350","post","type-post","status-publish","format-standard","has-post-thumbnail","category-pasaulis","tag-antrastes","tag-breaking-news","tag-breakingnews","tag-featured-news","tag-featurednews","tag-headlines","tag-latest-news","tag-latestnews","tag-lietuva","tag-lietuviu","tag-lithuania","tag-lithuanian","tag-lt","tag-naujienos","tag-news","tag-pasaulis","tag-populiariausios-naujienos","tag-populiariausiosnaujienos","tag-top-stories","tag-topstories","tag-world","tag-world-news","tag-worldnews"],"share_on_mastodon":{"url":"https:\/\/pubeurope.com\/@lt\/117214190287018536","error":""},"_links":{"self":[{"href":"https:\/\/www.europesays.com\/lt\/wp-json\/wp\/v2\/posts\/269350","targetHints":{"allow":["GET"]}}],"collection":[{"href":"https:\/\/www.europesays.com\/lt\/wp-json\/wp\/v2\/posts"}],"about":[{"href":"https:\/\/www.europesays.com\/lt\/wp-json\/wp\/v2\/types\/post"}],"author":[{"embeddable":true,"href":"https:\/\/www.europesays.com\/lt\/wp-json\/wp\/v2\/users\/2"}],"replies":[{"embeddable":true,"href":"https:\/\/www.europesays.com\/lt\/wp-json\/wp\/v2\/comments?post=269350"}],"version-history":[{"count":0,"href":"https:\/\/www.europesays.com\/lt\/wp-json\/wp\/v2\/posts\/269350\/revisions"}],"wp:featuredmedia":[{"embeddable":true,"href":"https:\/\/www.europesays.com\/lt\/wp-json\/wp\/v2\/media\/269351"}],"wp:attachment":[{"href":"https:\/\/www.europesays.com\/lt\/wp-json\/wp\/v2\/media?parent=269350"}],"wp:term":[{"taxonomy":"category","embeddable":true,"href":"https:\/\/www.europesays.com\/lt\/wp-json\/wp\/v2\/categories?post=269350"},{"taxonomy":"post_tag","embeddable":true,"href":"https:\/\/www.europesays.com\/lt\/wp-json\/wp\/v2\/tags?post=269350"}],"curies":[{"name":"wp","href":"https:\/\/api.w.org\/{rel}","templated":true}]}}