{"id":269356,"date":"2026-09-04T18:34:37","date_gmt":"2026-09-04T18:34:37","guid":{"rendered":"https:\/\/www.europesays.com\/lt\/269356\/"},"modified":"2026-09-04T18:34:37","modified_gmt":"2026-09-04T18:34:37","slug":"zinomai-lietuvos-verslininkei-nemalonumai-ieskoma-policijos","status":"publish","type":"post","link":"https:\/\/www.europesays.com\/lt\/269356\/","title":{"rendered":"\u017dinomai Lietuvos verslininkei \u2013 nemalonumai: ie\u0161koma policijos"},"content":{"rendered":"<p>43-ej\u0173 R. \u017dilevi\u010d\u0117 dingo po to, kai buvo paleista Pranc\u016bzijoje su tam tikrais apribojimais, prie\u0161 jos ekstradicij\u0105 \u012f Kipr\u0105.<\/p>\n<p>\u012etariamoji buvo sulaikyta Pranc\u016bzijoje pagal Kipro Respublikos i\u0161duot\u0105 Europos are\u0161to order\u012f.<\/p>\n<p>Pagal taikytin\u0105 proced\u016br\u0105 \u012ftariamoji tur\u0117jo atvykti \u012f Pranc\u016bzijos oro uost\u0105, kad b\u016bt\u0173 perduota Kipro policijos pareig\u016bnams ir \u0161ie j\u0105 perduot\u0173 Kiprui.<\/p>\n<p>Ta\u010diau lietuv\u0117 taip ir nepasirod\u0117.<\/p>\n<p>Dabar i\u0161duotas R. \u017dilevi\u010d\u0117s are\u0161to orderis, o Pranc\u016bzijos policija jos ie\u0161ko.<\/p>\n<p>Dviej\u0173 nepilname\u010di\u0173 vaik\u0173 mama dar gegu\u017e\u0119 buvo sulaikyta Nicos oro uoste.<\/p>\n<p>Rugpj\u016b\u010dio pabaigoje Pranc\u016bzijos teismas atmet\u0117 jos apeliacij\u0105 d\u0117l pradinio ekstradicijos sprendimo, ir tai i\u0161 esm\u0117s atv\u0117r\u0117 keli\u0105 jos perdavimui Kiprui, kur jai buvo pateikti kaltinimai.<\/p>\n<p>Pranc\u016bzijos apeliacinis teismas pabr\u0117\u017e\u0117, kad vadinamoji \u0160iaur\u0117s Kipro Turk\u0173 Respublika okupuotose teritorijose yra \u0161iurk\u0161taus tarptautin\u0117s teis\u0117s, draud\u017eian\u010dios j\u0117gos panaudojim\u0105 ir teritorijos u\u017egrobim\u0105 j\u0117ga, pa\u017eeidimo rezultatas.<\/p>\n<p>Tod\u0117l, teismo vertinimu, egzistuoja pareiga nepripa\u017einti \u0161ios neteis\u0117tos pad\u0117ties ir susilaikyti nuo bet koki\u0173 veiksm\u0173, kurie gal\u0117t\u0173 prisid\u0117ti prie jos i\u0161laikymo.<\/p>\n<p>Primename, kad liep\u0105 <a href=\"https:\/\/kauno.diena.lt\/naujienos\/laisvalaikis-ir-kultura\/zvaigzdes-ir-pramogos\/prancuzijoje-sulaikyta-verslininke-rasa-zilevice-atsakysiu-bet-su-linco-teismu-nesutinku-1766518\" rel=\"nofollow noopener\" target=\"_blank\">R. \u017dilevi\u010d\u0117<\/a> pirm\u0105 kart\u0105 prabilo i\u0161skirtiniame interviu TV laidos \u201eGyvenimas yra gra\u017eus\u201c ved\u0117jui Edvardui \u017di\u010dkui.\u00a0<\/p>\n<p>\u201eJei suklydau \u2013 atsakysiu. Bet su lin\u010do teismu nesutinku, o Kipro Respublikoje jau ir be teismo esu nuteista\u201c, \u2013 tada sak\u0117 lietuv\u0117.<\/p>\n<p>Po laidos parodyto pasakojimo ir Lietuvos \u017einiasklaidos d\u0117mesio \u0161iai istorijai R. \u017dilevi\u010dei oficial\u0173 atsakym\u0105 pateik\u0117 ir Lietuvos u\u017esienio reikal\u0173 ministerija. \u0160i patvirtino gavusi jos pra\u0161ymus d\u0117l skubios diplomatin\u0117s ir konsulin\u0117s pagalbos, ta\u010diau pa\u017eym\u0117jo, kad neturi teisini\u0173 \u012fgaliojim\u0173 ki\u0161tis \u012f Pranc\u016bzijos teism\u0173 procesus ar vertinti j\u0173 sprendim\u0173. Vis d\u0117lto kartu nurodyta, kad tam tikrais atvejais Lietuvos ambasada gali svarstyti galimyb\u0119 steb\u0117tojo teis\u0117mis dalyvauti vie\u0161uose teismo pos\u0117d\u017eiuose, jei b\u016bt\u0173 pagrindo manyti, jog gali b\u016bti pa\u017eeid\u017eiamos Lietuvos piliet\u0117s teis\u0117s.<\/p>\n<p>Rasa tikino niekada nesiekusi niekam pakenkti ir teig\u0117 tikinti, kad jos istorija bus \u012fvertinta remiantis faktais, o ne i\u0161ankstin\u0117mis nuostatomis.\u00a0<\/p>\n<p>\u201eVidin\u0117 j\u0117ga yra tai, kad a\u0161 niekada nieko nenor\u0117jau padaryti blogai. Visk\u0105, k\u0105 darau, darau i\u0161 tyros \u0161irdies\u201c, \u2013 atviravo ji.<\/p>\n","protected":false},"excerpt":{"rendered":"43-ej\u0173 R. \u017dilevi\u010d\u0117 dingo po to, kai buvo paleista Pranc\u016bzijoje su tam tikrais apribojimais, prie\u0161 jos ekstradicij\u0105 \u012f&hellip;\n","protected":false},"author":2,"featured_media":269357,"comment_status":"","ping_status":"","sticky":false,"template":"","format":"standard","meta":{"footnotes":"","_share_on_mastodon":"0"},"categories":[15],"tags":[25,30,31,34,35,24,32,33,37,39,36,38,40,23,22,44,28,29,26,27,74,75,76],"class_list":["post-269356","post","type-post","status-publish","format-standard","has-post-thumbnail","category-pasaulis","tag-antrastes","tag-breaking-news","tag-breakingnews","tag-featured-news","tag-featurednews","tag-headlines","tag-latest-news","tag-latestnews","tag-lietuva","tag-lietuviu","tag-lithuania","tag-lithuanian","tag-lt","tag-naujienos","tag-news","tag-pasaulis","tag-populiariausios-naujienos","tag-populiariausiosnaujienos","tag-top-stories","tag-topstories","tag-world","tag-world-news","tag-worldnews"],"share_on_mastodon":{"url":"https:\/\/pubeurope.com\/@lt\/117214213716405426","error":""},"_links":{"self":[{"href":"https:\/\/www.europesays.com\/lt\/wp-json\/wp\/v2\/posts\/269356","targetHints":{"allow":["GET"]}}],"collection":[{"href":"https:\/\/www.europesays.com\/lt\/wp-json\/wp\/v2\/posts"}],"about":[{"href":"https:\/\/www.europesays.com\/lt\/wp-json\/wp\/v2\/types\/post"}],"author":[{"embeddable":true,"href":"https:\/\/www.europesays.com\/lt\/wp-json\/wp\/v2\/users\/2"}],"replies":[{"embeddable":true,"href":"https:\/\/www.europesays.com\/lt\/wp-json\/wp\/v2\/comments?post=269356"}],"version-history":[{"count":0,"href":"https:\/\/www.europesays.com\/lt\/wp-json\/wp\/v2\/posts\/269356\/revisions"}],"wp:featuredmedia":[{"embeddable":true,"href":"https:\/\/www.europesays.com\/lt\/wp-json\/wp\/v2\/media\/269357"}],"wp:attachment":[{"href":"https:\/\/www.europesays.com\/lt\/wp-json\/wp\/v2\/media?parent=269356"}],"wp:term":[{"taxonomy":"category","embeddable":true,"href":"https:\/\/www.europesays.com\/lt\/wp-json\/wp\/v2\/categories?post=269356"},{"taxonomy":"post_tag","embeddable":true,"href":"https:\/\/www.europesays.com\/lt\/wp-json\/wp\/v2\/tags?post=269356"}],"curies":[{"name":"wp","href":"https:\/\/api.w.org\/{rel}","templated":true}]}}