{"id":269364,"date":"2026-09-04T18:46:31","date_gmt":"2026-09-04T18:46:31","guid":{"rendered":"https:\/\/www.europesays.com\/lt\/269364\/"},"modified":"2026-09-04T18:46:31","modified_gmt":"2026-09-04T18:46:31","slug":"rugsejo-1-aja-mislingai-dingo-jonas-artimieji-pateike-svarbiu-detaliu","status":"publish","type":"post","link":"https:\/\/www.europesays.com\/lt\/269364\/","title":{"rendered":"Rugs\u0117jo 1-\u0105j\u0105 m\u012fslingai dingo Jonas: artimieji pateik\u0117 svarbi\u0173 detali\u0173"},"content":{"rendered":"<p>Su portalo kauno.diena.lt \u017eurnaliste bendravusi dingusiojo sesuo Greta sak\u0117 su broliu paskutin\u012f kart\u0105 telefonu kalb\u0117jusi rugpj\u016b\u010dio 31-\u0105j\u0105. O kit\u0105 dien\u0105 \u2013 rugs\u0117jo 1-\u0105j\u0105 \u2013 vyras dingo be \u017einios.\u00a0<\/p>\n<p>Viskas, kas iki \u0161iol \u017einoma artimiesiems, yra tai, kad vaizdo steb\u0117jimo kameros u\u017efiksavo Jon\u0105 rugs\u0117jo 1-\u0105j\u0105 8 val. va\u017eiuojant\u012f automobiliu nuo Vai\u0161vydavos link Kauno. Ta\u010diau tolimesn\u0117 dingusiojo jud\u0117jimo kryptis \u2013 neai\u0161ki, nes nei vaizdo steb\u0117jimo kameros Panemun\u0117je, nei Kauno HE, nei Rok\u0173 plente, prava\u017eiuojan\u010dio jo nefiksavo.<\/p>\n<p>\u201eBrolis turi sveikatos problem\u0173. Neseniai gul\u0117jo ligonin\u0117je. Namuose jis paliko telefon\u0105, pinigin\u0119 su dokumentais, banko kortel\u0117mis bei grynaisiais pinigais. Ta\u010diau pamat\u0117me, kad miegmai\u0161io mai\u0161as \u2013 tu\u0161\u010dias. Atrodyt\u0173, kad Jonas i\u0161sitrauk\u0117 miegmai\u0161\u012f ir numet\u0117 mai\u0161\u0105. Galb\u016bt ruo\u0161\u0117si ka\u017ekur miegoti. \u012etariame, kad brolis gali sl\u0117ptis mi\u0161kuose\u201c, \u2013 pasakojo J. \u0160trimai\u010dio sesuo.<\/p>\n<p>Moteris u\u017esimin\u0117, kad rugs\u0117jo 4-\u0105j\u0105 artimieji ir dingusiojo draugai \u0161ukavo Vai\u0161vydavos, \u0160lienavos, Girioni\u0173 apylinkes, mi\u0161kus ir keliukus. \u201eMa\u010diau bent keturis policijos pareig\u016bn\u0173 ekipa\u017eus. Savaranki\u0161kai vir\u0161 mari\u0173 k\u0117l\u0117me dronus, bet nieko reik\u0161mingo jie neu\u017efiksavo. Paie\u0161k\u0105 planuojame t\u0119sti ir rytoj, \u0161e\u0161tadien\u012f\u201c, \u2013 detalizavo Greta.<\/p>\n<p>Sesuo atvira \u2013 brolio paie\u0161koms reik\u0117t\u0173 savanori\u0173 pagalbos \u2013 labiausiai Vai\u0161vydavoje arba netoli jos, kur \u2013 didelio ploto mi\u0161kai. Rugs\u0117jo 5-\u0105j\u0105 planuojama startuoti apie 10 val. Specialiai tam feisbuke <a href=\"https:\/\/www.facebook.com\/profile.php?id=61593928835857&amp;rdid=36g31DGjdmVUKCfq&amp;share_url=https%3A%2F%2Fwww.facebook.com%2Fshare%2F1CSmpDnH8i%2F#\" rel=\"nofollow noopener\" target=\"_blank\">Greta suk\u016br\u0117 brolio paie\u0161koms skirt\u0105 grup\u0119<\/a>. \u010cia dalysis svarbiausia su paie\u0161komis susijusia informacija. Ma\u010diusius J. \u0160trimait\u012f ar turin\u010dius bet kokios informacijos apie j\u012f, sesuo pra\u0161o susisiekti tel. nr.: +37062896363 arba skambinti 112.<\/p>\n<p>\u201eMes sp\u0117jame, kad Jonas \u2013 pasisl\u0117p\u0119s automobilyje, galb\u016bt ten miega\u201c, \u2013 svarst\u0117 Greta.<\/p>\n<p>Apie Jono dingim\u0105 policijos pareig\u016bnams \u0161eima prane\u0161\u0117 rugs\u0117jo 3-iosios ryt\u0105, nes tik\u0117josi, kad jis atsiras. Nors \u0161itaip ilgai aleksoti\u0161kis ding\u0119s pirm\u0105 kart\u0105, anks\u010diau b\u016bdavo atvej\u0173, kad jis neatsiliepdavo \u012f skambu\u010dius ar juos atmesdavo, bet v\u0117liau visada perskambindavo. Telefonas visada b\u016bdavo \u0161alia jo. O \u0161\u012f kart\u0105 artimieji be speciali\u0173j\u0173 tarnyb\u0173 pagalbos negal\u0117jo patekti \u012f J. \u0160trimai\u010dio but\u0105 \u2013 dur\u0173 spyna buvo pakeista.<\/p>\n<p>Dingusiojo J. \u0160trimai\u010dio po\u017eymiai:<\/p>\n","protected":false},"excerpt":{"rendered":"Su portalo kauno.diena.lt \u017eurnaliste bendravusi dingusiojo sesuo Greta sak\u0117 su broliu paskutin\u012f kart\u0105 telefonu kalb\u0117jusi rugpj\u016b\u010dio 31-\u0105j\u0105. O&hellip;\n","protected":false},"author":2,"featured_media":269365,"comment_status":"","ping_status":"","sticky":false,"template":"","format":"standard","meta":{"footnotes":"","_share_on_mastodon":"0"},"categories":[13],"tags":[25,30,31,34,35,24,32,33,37,39,36,38,40,23,22,28,29,26,27],"class_list":["post-269364","post","type-post","status-publish","format-standard","has-post-thumbnail","category-lietuva","tag-antrastes","tag-breaking-news","tag-breakingnews","tag-featured-news","tag-featurednews","tag-headlines","tag-latest-news","tag-latestnews","tag-lietuva","tag-lietuviu","tag-lithuania","tag-lithuanian","tag-lt","tag-naujienos","tag-news","tag-populiariausios-naujienos","tag-populiariausiosnaujienos","tag-top-stories","tag-topstories"],"share_on_mastodon":{"url":"https:\/\/pubeurope.com\/@lt\/117214261208175990","error":""},"_links":{"self":[{"href":"https:\/\/www.europesays.com\/lt\/wp-json\/wp\/v2\/posts\/269364","targetHints":{"allow":["GET"]}}],"collection":[{"href":"https:\/\/www.europesays.com\/lt\/wp-json\/wp\/v2\/posts"}],"about":[{"href":"https:\/\/www.europesays.com\/lt\/wp-json\/wp\/v2\/types\/post"}],"author":[{"embeddable":true,"href":"https:\/\/www.europesays.com\/lt\/wp-json\/wp\/v2\/users\/2"}],"replies":[{"embeddable":true,"href":"https:\/\/www.europesays.com\/lt\/wp-json\/wp\/v2\/comments?post=269364"}],"version-history":[{"count":0,"href":"https:\/\/www.europesays.com\/lt\/wp-json\/wp\/v2\/posts\/269364\/revisions"}],"wp:featuredmedia":[{"embeddable":true,"href":"https:\/\/www.europesays.com\/lt\/wp-json\/wp\/v2\/media\/269365"}],"wp:attachment":[{"href":"https:\/\/www.europesays.com\/lt\/wp-json\/wp\/v2\/media?parent=269364"}],"wp:term":[{"taxonomy":"category","embeddable":true,"href":"https:\/\/www.europesays.com\/lt\/wp-json\/wp\/v2\/categories?post=269364"},{"taxonomy":"post_tag","embeddable":true,"href":"https:\/\/www.europesays.com\/lt\/wp-json\/wp\/v2\/tags?post=269364"}],"curies":[{"name":"wp","href":"https:\/\/api.w.org\/{rel}","templated":true}]}}