{"id":269368,"date":"2026-09-04T18:57:53","date_gmt":"2026-09-04T18:57:53","guid":{"rendered":"https:\/\/www.europesays.com\/lt\/269368\/"},"modified":"2026-09-04T18:57:53","modified_gmt":"2026-09-04T18:57:53","slug":"danas-nagele-is-miestu-autobusiukais-i-kaimu-mokyklas-respublika-lt","status":"publish","type":"post","link":"https:\/\/www.europesays.com\/lt\/269368\/","title":{"rendered":"Danas NAGEL\u0116: I\u0161 miest\u0173 &#8211; autobusiukais \u012f kaim\u0173 mokyklas &#8211; Respublika.lt"},"content":{"rendered":"<p><img loading=\"lazy\" decoding=\"async\" src=\"https:\/\/www.respublika.lt\/lt\/naujienos\/nuomones_ir_komentarai\/vakaro-ziniu-redakcijos-skiltis\/danas-nagele-is-miestu---autobusiukais-i-kaimu-mokyklas\/images\/ico_camera_white.gif\" class=\"camera\" width=\"22\" height=\"15\" alt=\"nuotr.\" style=\"position:relative; top:-2px; right:2px;\"\/> 1 nuotr.<\/p>\n<p>\u0160vietimo, mokslo ir sporto ministerija savivaldyb\u0117ms yra padovanojusi daugyb\u0119 gelton\u0173j\u0173 autobusiuk\u0173 mokinukams \u012f mokyklas pave\u017eti. Redakcijos archyvo nuotr.<\/p>\n<p style=\"text-align: justify;\" class=\"desktop_banner\">\u00a0<\/p>\n<p>Tiesa, fizi\u0161kai u\u017edaryta vos viena, o 12 reorganizuotos ir tapo kit\u0173 mokykl\u0173 skyriais. Apie tai neseniai ra\u0161\u0117 \u201eVakaro \u017einios&#8221; bei portalas respublika.lt. Ir sulauk\u0117 daug skaitytoj\u0173 komentar\u0173.<\/p>\n<p>Vienas j\u0173 buvo labai taiklus.<\/p>\n<p>Internautas pasteb\u0117jo, kad \u0160vietimo, mokslo ir sporto ministerija savivaldyb\u0117ms yra padovanojusi daugyb\u0119 gelton\u0173j\u0173 autobusiuk\u0173 mokinukams \u012f mokyklas pave\u017eti: \u201ePra\u0161om ve\u017eti \u012f kaimo mokyklas mokinius. Bent su\u017einos, kuo skiriasi kaimo grynas oras nuo miesto u\u017eter\u0161tumo, ne \u201eMaximos&#8221; uog\u0173, o dar\u017eovi\u0173, obuoli\u0173 paragaus.&#8221;<\/p>\n<p>\u0160iaip labai logi\u0161ka id\u0117ja, nors vie\u0161umoje lyg iki \u0161iol ir nebuvo svarstyta.<\/p>\n<p>Kiekvienos mokyklos u\u017edarymas yra tragedija, ta\u010diau mieste ji dar ne tokia baisi, nes pasekm\u0117s ne tokios skaud\u017eios.<\/p>\n<p>Nes ten ugdymo \u012fstaiga n\u0117ra vienintelis lik\u0119s kult\u016bros \u017eidinys. Be to, miestuose ir taip tr\u016bksta mokytoj\u0173, kai kurie \u012fdarbina netgi studentus, tad pedagogai be darbo nelikt\u0173 ir netapt\u0173 pa\u0161alpininkai.<\/p>\n<p>O \u0161tai kaime &#8211; kas kita.<\/p>\n<p>Daug kur neb\u0117ra nei bibliotek\u0173, nei kult\u016bros nam\u0173, mokyklos yra vienintelis spindul\u0117lis ir daug kur netgi kone vienintel\u0117 vieta, kur i\u0161silavin\u0119 \u017emon\u0117s dar gali dirbti.<\/p>\n<p>U\u017edarius paskutin\u012f kult\u016bros \u017eidin\u012f kaimas pasmerktas \u017elugti.<\/p>\n<p>Tod\u0117l skaitytojo \u012f\u017evalga, kad reikia mokinius autobusiukais i\u0161 miesto ve\u017eioti \u012f kaimo mokyklas, jog jos neu\u017esidaryt\u0173, tikrai n\u0117ra absurdi\u0161ka.<\/p>\n<p>Daug kas gali pasakyti, kad tada ir mokytojai bus priversti va\u017ein\u0117ti i\u0161 miesto \u012f kaim\u0105.<\/p>\n<p>Ta\u010diau ir \u010dia jau neb\u0117ra nei\u0161sprend\u017eiama problema. Kai kuriuose rajonuose jau dabar mokytojai dirba nuotoliniu b\u016bdu &#8211; d\u0117sto pamokas net i\u0161 kitos savivaldyb\u0117s, o vaikus fizi\u0161kai pri\u017ei\u016bri j\u0173 pagalbininkai.<\/p>\n","protected":false},"excerpt":{"rendered":"1 nuotr. \u0160vietimo, mokslo ir sporto ministerija savivaldyb\u0117ms yra padovanojusi daugyb\u0119 gelton\u0173j\u0173 autobusiuk\u0173 mokinukams \u012f mokyklas pave\u017eti. Redakcijos&hellip;\n","protected":false},"author":2,"featured_media":269369,"comment_status":"","ping_status":"","sticky":false,"template":"","format":"standard","meta":{"footnotes":"","_share_on_mastodon":"0"},"categories":[13],"tags":[25,38898,30,31,34,35,24,3396,32,33,37,39,36,38,40,7680,473,18325,23,22,28,29,26,27],"class_list":["post-269368","post","type-post","status-publish","format-standard","has-post-thumbnail","category-lietuva","tag-antrastes","tag-autobusiukai","tag-breaking-news","tag-breakingnews","tag-featured-news","tag-featurednews","tag-headlines","tag-kaimas","tag-latest-news","tag-latestnews","tag-lietuva","tag-lietuviu","tag-lithuania","tag-lithuanian","tag-lt","tag-miestas","tag-mokykla","tag-nagele","tag-naujienos","tag-news","tag-populiariausios-naujienos","tag-populiariausiosnaujienos","tag-top-stories","tag-topstories"],"share_on_mastodon":{"url":"https:\/\/pubeurope.com\/@lt\/117214308498807319","error":""},"_links":{"self":[{"href":"https:\/\/www.europesays.com\/lt\/wp-json\/wp\/v2\/posts\/269368","targetHints":{"allow":["GET"]}}],"collection":[{"href":"https:\/\/www.europesays.com\/lt\/wp-json\/wp\/v2\/posts"}],"about":[{"href":"https:\/\/www.europesays.com\/lt\/wp-json\/wp\/v2\/types\/post"}],"author":[{"embeddable":true,"href":"https:\/\/www.europesays.com\/lt\/wp-json\/wp\/v2\/users\/2"}],"replies":[{"embeddable":true,"href":"https:\/\/www.europesays.com\/lt\/wp-json\/wp\/v2\/comments?post=269368"}],"version-history":[{"count":0,"href":"https:\/\/www.europesays.com\/lt\/wp-json\/wp\/v2\/posts\/269368\/revisions"}],"wp:featuredmedia":[{"embeddable":true,"href":"https:\/\/www.europesays.com\/lt\/wp-json\/wp\/v2\/media\/269369"}],"wp:attachment":[{"href":"https:\/\/www.europesays.com\/lt\/wp-json\/wp\/v2\/media?parent=269368"}],"wp:term":[{"taxonomy":"category","embeddable":true,"href":"https:\/\/www.europesays.com\/lt\/wp-json\/wp\/v2\/categories?post=269368"},{"taxonomy":"post_tag","embeddable":true,"href":"https:\/\/www.europesays.com\/lt\/wp-json\/wp\/v2\/tags?post=269368"}],"curies":[{"name":"wp","href":"https:\/\/api.w.org\/{rel}","templated":true}]}}