{"id":269370,"date":"2026-09-04T18:59:54","date_gmt":"2026-09-04T18:59:54","guid":{"rendered":"https:\/\/www.europesays.com\/lt\/269370\/"},"modified":"2026-09-04T18:59:54","modified_gmt":"2026-09-04T18:59:54","slug":"t-pacesas-prakalbo-apie-tai-kas-vyksta-lietuvos-rinktineje-paneige-skambia-zinia","status":"publish","type":"post","link":"https:\/\/www.europesays.com\/lt\/269370\/","title":{"rendered":"T. Pa\u010d\u0117sas prakalbo apie tai, kas vyksta Lietuvos rinktin\u0117je: paneig\u0117 skambi\u0105 \u017eini\u0105"},"content":{"rendered":"<p>Pra\u0117jusiame lange Rimo Kurtinai\u010dio aukl\u0117tiniai i\u0161kovojo pergal\u0119 ir patyr\u0117 pralaim\u0117jim\u0105.<\/p>\n<p>I\u0161 prad\u017ei\u0173 lietuviai 66:94 nusileido Turkijai, o v\u0117liau sek\u0117 pergal\u0117 namuose \u2013 78:73 buvo \u012fveikta Bosnija ir Hercegovina.<\/p>\n<p>Pastarasis atrankos langas buvo pa\u017eenklintas ir krep\u0161inio bendruomen\u0117je u\u017evirusiomis aistromis \u2013 vieni reikalavo Asociacijos \u201eLietuvos krep\u0161inis\u201c vadovo Mindaugo Bal\u010di\u016bno atsakomyb\u0117s d\u0117l to, kad ne visi krep\u0161ininkai atvyko ginti Lietuvos garb\u0119, kiti pir\u0161tu d\u016br\u0117 \u012f pa\u010dius \u017eaid\u0117jus, akcentuodami patrioti\u0161kumo linij\u0105.<\/p>\n<p>Penktadien\u012f LRT radijo laidoje \u201eRadijo ringas\u201c vie\u0161\u0117jo ir vienas i\u0161 Rimo Kurtinai\u010dio asistent\u0173 rinktin\u0117je Tomas Pa\u010d\u0117sas.<\/p>\n<p>\u201eL\u016bkes\u010diai yra dideli, gal pervertinti, gal ne, bet tai nat\u016bralu. Lietuvoje krep\u0161inis yra i\u0161skirtin\u0117je pozicijoje. Sportinius rezultatus pritempti prie federacijos yra neteisinga, nes u\u017e rezultatus atsako \u017eaid\u0117jai ir treneriai\u201c, \u2013 gindamas M. Bal\u010di\u016bno pozicij\u0105 kalb\u0117jo T. Pa\u010d\u0117sas.<\/p>\n<p>Jo taip pat buvo papra\u0161yta pakomentuoti prie\u0161 m\u0117nes\u012f u\u017evirusi\u0105 rinktin\u0117s treneri\u0173 dram\u0105, kai i\u0161 prad\u017ei\u0173 tiek jis, tiek ir R. Kurtinaitis buvo apsisprend\u0119 palikti treneri\u0173 postus, ta\u010diau v\u0117liau buvo perkalb\u0117ti Asociacijos vadovyb\u0117s.\u00a0<\/p>\n<p>\u201eBuvo pasielgta labai garbingai \u2013 mes su treneriu Rimu buvome pad\u0117j\u0119 atsistatydinim\u0173 parei\u0161kimus. Mes juos ir v\u0117l pad\u0117sime, jei nes\u0117kmingai baigsis atrankos etapas, tik klausimas, ar asociacija tai priims\u201c, \u2013 kalb\u0117jo T. Pa\u010d\u0117sas, pridurdamas, kad atsistatydinimo metu jis \u017einojo, jog Asociacija ved\u0117 derybas su Dariumi Songaila.<\/p>\n<p>Jam taip pat buvo priminta ir pra\u0117jusiais metais d\u0117mesio centre atsid\u016brusi istorija, kurioje treneris sukritikavo tuometinio rinktin\u0117s kapitono Jono Valan\u010di\u016bno pasirengim\u0105 ir pasirenkam\u0105 laisvalaik\u012f.<\/p>\n<p>\u201eIstorijos buvo pritemptos, nes bendri pasisakymai buvo suasmeninti. Jau ne kart\u0105 sakiau, kad ne\u017einau, kas rinktin\u0117je \u017evejoja, med\u017eioja, o ka\u017ekam s\u0117d\u0117ti, pilstyti i\u0161 tu\u0161\u010dio \u012f kiaur\u0105&#8230;<\/p>\n<p>Manau, kad pritempti i\u0161\u0117jo neblogai. Toki\u0173 istorij\u0173 buvo ir bus, nes suinteresuot\u0173 \u017emoni\u0173 buvo ir bus. A\u0161 net buvau nusteb\u0119s, kaip \u012fmanoma i\u0161 tu\u0161\u010dio padaryti ka\u017ek\u0105, kuo \u017emon\u0117s prad\u0117t\u0173 dom\u0117tis ir tik\u0117ti.<\/p>\n<p>Jeigu j\u016bs kalbate apie susiskaldym\u0105, \u0161urmul\u012f, tai \u0161ios temos visada buvo ir bus. Krep\u0161inink\u0173 ir treneri\u0173 yra labai daug, nusipelniusi\u0173 ir ma\u017eiau nusipelniusi\u0173, o jie visi neb\u016btinai turi b\u016bti draugai. A\u0161 nematau nieko blogo, jei diskusijos vyksta, tik jos turi b\u016bti konstruktyvios, kaip ir kritika. A\u0161 nematau nieko blogo\u201c, \u2013 radijo laidoje samprotavo T. Pa\u010d\u0117sas.<\/p>\n","protected":false},"excerpt":{"rendered":"Pra\u0117jusiame lange Rimo Kurtinai\u010dio aukl\u0117tiniai i\u0161kovojo pergal\u0119 ir patyr\u0117 pralaim\u0117jim\u0105. I\u0161 prad\u017ei\u0173 lietuviai 66:94 nusileido Turkijai, o v\u0117liau&hellip;\n","protected":false},"author":2,"featured_media":269371,"comment_status":"","ping_status":"","sticky":false,"template":"","format":"standard","meta":{"footnotes":"","_share_on_mastodon":"0"},"categories":[6],"tags":[25,30,31,34,35,24,32,33,37,39,36,38,40,23,22,28,29,26,27],"class_list":["post-269370","post","type-post","status-publish","format-standard","has-post-thumbnail","category-antrastes","tag-antrastes","tag-breaking-news","tag-breakingnews","tag-featured-news","tag-featurednews","tag-headlines","tag-latest-news","tag-latestnews","tag-lietuva","tag-lietuviu","tag-lithuania","tag-lithuanian","tag-lt","tag-naujienos","tag-news","tag-populiariausios-naujienos","tag-populiariausiosnaujienos","tag-top-stories","tag-topstories"],"share_on_mastodon":{"url":"https:\/\/pubeurope.com\/@lt\/117214315959172520","error":""},"_links":{"self":[{"href":"https:\/\/www.europesays.com\/lt\/wp-json\/wp\/v2\/posts\/269370","targetHints":{"allow":["GET"]}}],"collection":[{"href":"https:\/\/www.europesays.com\/lt\/wp-json\/wp\/v2\/posts"}],"about":[{"href":"https:\/\/www.europesays.com\/lt\/wp-json\/wp\/v2\/types\/post"}],"author":[{"embeddable":true,"href":"https:\/\/www.europesays.com\/lt\/wp-json\/wp\/v2\/users\/2"}],"replies":[{"embeddable":true,"href":"https:\/\/www.europesays.com\/lt\/wp-json\/wp\/v2\/comments?post=269370"}],"version-history":[{"count":0,"href":"https:\/\/www.europesays.com\/lt\/wp-json\/wp\/v2\/posts\/269370\/revisions"}],"wp:featuredmedia":[{"embeddable":true,"href":"https:\/\/www.europesays.com\/lt\/wp-json\/wp\/v2\/media\/269371"}],"wp:attachment":[{"href":"https:\/\/www.europesays.com\/lt\/wp-json\/wp\/v2\/media?parent=269370"}],"wp:term":[{"taxonomy":"category","embeddable":true,"href":"https:\/\/www.europesays.com\/lt\/wp-json\/wp\/v2\/categories?post=269370"},{"taxonomy":"post_tag","embeddable":true,"href":"https:\/\/www.europesays.com\/lt\/wp-json\/wp\/v2\/tags?post=269370"}],"curies":[{"name":"wp","href":"https:\/\/api.w.org\/{rel}","templated":true}]}}