{"id":269378,"date":"2026-09-04T19:04:12","date_gmt":"2026-09-04T19:04:12","guid":{"rendered":"https:\/\/www.europesays.com\/lt\/269378\/"},"modified":"2026-09-04T19:04:12","modified_gmt":"2026-09-04T19:04:12","slug":"maskva-pasiskunde-civilines-aviacijos-agenturai-nepatiko-kad-karas-atejo-i-rusija","status":"publish","type":"post","link":"https:\/\/www.europesays.com\/lt\/269378\/","title":{"rendered":"Maskva pasiskund\u0117 civilin\u0117s aviacijos agent\u016brai \u2013 nepatiko, kad karas at\u0117jo \u012f Rusij\u0105"},"content":{"rendered":"<p>\n                2026-09-04 17:49<\/p>\n<p>                                    Atnaujinta 2026-09-04 18:09\n                                            <\/p>\n<p>                Prenumeratoriams<\/p>\n<p>\n                Rusija penktadien\u012f prane\u0161\u0117, kad papra\u0161\u0117 Jungtini\u0173 Taut\u0173 (JT) civilin\u0117s aviacijos agent\u016bros pasmerkti Kyjivo \u012fsp\u0117jimus, jog Rusijos oro erdv\u0117 yra \u201eypatingai pavojinga\u201c, o Ukrainos prezidento Volodymyro Zelenskio parei\u0161kimus pavadino neteis\u0117tais.            <\/p>\n<p>\t\t\t\t<a href=\"https:\/\/s1.15min.lt\/images\/photos\/2026\/07\/24\/original\/ukrainos-dronai-smoge-wildberries-logistikos-centrui-sankt-peterburge-6a62dff11d82b.jpg\" title=\"Telegram kanalas \u201eExilenova+\u201c \/  Ukrainos dronai atakuoja \/ Asociatyvin\u0117 nuotr.\" class=\"image-link\" rel=\"nofollow noopener\" target=\"_blank\"><br \/>\n\t\t\t<img decoding=\"async\" alt=\"Ukrainos dronai smog\u0117 \u201eWildberries\u201c logistikos centrui Sankt Peterburge\" src=\"https:\/\/www.europesays.com\/lt\/wp-content\/uploads\/2026\/09\/ukrainos-dronai-smoge-wildberries-logistikos-centrui-sankt-peterburge-6a62dff11d82b.jpg\" itemprop=\"image\" width=\"970\" height=\"580\" fetchpriority=\"high\"\/>\t\t\t\t\t<\/a><\/p>\n<p>\n        Ukrainos dronai atakuoja \/ Asociatyvin\u0117 nuotr.  \/ Telegram kanalas \u201eExilenova+\u201c\t<\/p>\n","protected":false},"excerpt":{"rendered":"2026-09-04 17:49 Atnaujinta 2026-09-04 18:09 Prenumeratoriams Rusija penktadien\u012f prane\u0161\u0117, kad papra\u0161\u0117 Jungtini\u0173 Taut\u0173 (JT) civilin\u0117s aviacijos agent\u016bros pasmerkti&hellip;\n","protected":false},"author":2,"featured_media":269379,"comment_status":"","ping_status":"","sticky":false,"template":"","format":"standard","meta":{"footnotes":"","_share_on_mastodon":"0"},"categories":[15],"tags":[25,30,31,34,35,24,32,33,37,39,36,38,40,23,22,44,28,29,26,27,74,75,76],"class_list":["post-269378","post","type-post","status-publish","format-standard","has-post-thumbnail","category-pasaulis","tag-antrastes","tag-breaking-news","tag-breakingnews","tag-featured-news","tag-featurednews","tag-headlines","tag-latest-news","tag-latestnews","tag-lietuva","tag-lietuviu","tag-lithuania","tag-lithuanian","tag-lt","tag-naujienos","tag-news","tag-pasaulis","tag-populiariausios-naujienos","tag-populiariausiosnaujienos","tag-top-stories","tag-topstories","tag-world","tag-world-news","tag-worldnews"],"share_on_mastodon":{"url":"https:\/\/pubeurope.com\/@lt\/117214332302522345","error":""},"_links":{"self":[{"href":"https:\/\/www.europesays.com\/lt\/wp-json\/wp\/v2\/posts\/269378","targetHints":{"allow":["GET"]}}],"collection":[{"href":"https:\/\/www.europesays.com\/lt\/wp-json\/wp\/v2\/posts"}],"about":[{"href":"https:\/\/www.europesays.com\/lt\/wp-json\/wp\/v2\/types\/post"}],"author":[{"embeddable":true,"href":"https:\/\/www.europesays.com\/lt\/wp-json\/wp\/v2\/users\/2"}],"replies":[{"embeddable":true,"href":"https:\/\/www.europesays.com\/lt\/wp-json\/wp\/v2\/comments?post=269378"}],"version-history":[{"count":0,"href":"https:\/\/www.europesays.com\/lt\/wp-json\/wp\/v2\/posts\/269378\/revisions"}],"wp:featuredmedia":[{"embeddable":true,"href":"https:\/\/www.europesays.com\/lt\/wp-json\/wp\/v2\/media\/269379"}],"wp:attachment":[{"href":"https:\/\/www.europesays.com\/lt\/wp-json\/wp\/v2\/media?parent=269378"}],"wp:term":[{"taxonomy":"category","embeddable":true,"href":"https:\/\/www.europesays.com\/lt\/wp-json\/wp\/v2\/categories?post=269378"},{"taxonomy":"post_tag","embeddable":true,"href":"https:\/\/www.europesays.com\/lt\/wp-json\/wp\/v2\/tags?post=269378"}],"curies":[{"name":"wp","href":"https:\/\/api.w.org\/{rel}","templated":true}]}}