{"id":269388,"date":"2026-09-04T19:30:11","date_gmt":"2026-09-04T19:30:11","guid":{"rendered":"https:\/\/www.europesays.com\/lt\/269388\/"},"modified":"2026-09-04T19:30:11","modified_gmt":"2026-09-04T19:30:11","slug":"maskvai-planuojant-masinius-smugius-nerimas-kyjive-pirma-karta-per-penkerius-metus-bijau-lrytas","status":"publish","type":"post","link":"https:\/\/www.europesays.com\/lt\/269388\/","title":{"rendered":"Maskvai planuojant masinius sm\u016bgius \u2013 nerimas Kyjive: \u201ePirm\u0105 kart\u0105 per penkerius metus bijau\u201c &#8211; Lrytas"},"content":{"rendered":"<ol>\n<li><a href=\"https:\/\/news.google.com\/rss\/articles\/CBMi_AFBVV95cUxNR3o1ZFc2dDVnWkRSZmY3cEwwa0hyaW9tdmpVclpxaUcwQ1VmZU1vVkotR2hfZm95dGVpWnY0b3hyQ1Y1Qk1KM0RsWFVsU0lRVUp1Wmt0UGF0MnVsbG15bm1IS3FDUmpuZlZ0SE1nYjZ1T2l4UUdQTFB2cEJNeTE5RFQ1NGV6akpQQXNLZnVOdGhyTF9EZHJ4YUd1cGxOMWJ5NUtSTXhObkp5MEtRcVlKSkhUMVFMNlFKZHI0b3VjclFLT0g1cldKNTlCdTZpMWRwOERvUUt2N2IwSmFCMkd4dEZNZ3E0bnlhdUJuVGs4UkF1ZGtwc0VPQ2p6OVY?oc=5\" target=\"_blank\" rel=\"nofollow noopener\">Maskvai planuojant masinius sm\u016bgius \u2013 nerimas Kyjive: \u201ePirm\u0105 kart\u0105 per penkerius metus bijau\u201c<\/a>&nbsp;&nbsp;Lrytas<\/li>\n<li><a href=\"https:\/\/news.google.com\/rss\/articles\/CBMiywFBVV95cUxNWmQxUThIRF9zcFpTbV9EMFRSUnRCOFBrejBqaDJodVhTM29fekZNRDFNam5GeVlVdml5amRnQjc3VUIybEhOaV9qOTBtWTZCeUJVRkRtbkx6Y0lXU1FpcmdLbDQ2YUJTcUNzZWdoNEs2Y2pnTUo1U1FUZTJ5RlBBVF9Rb0lfWmxXN21FbEwyVUVoRHo3bU51dmZzR1JqLUpOb2VUS293dnlkSWRoMjlacHNRbnZzMVNhOHJaOS1scmtTLTd2OTJhenQyOA?oc=5\" target=\"_blank\" rel=\"nofollow noopener\">WP: Po C\u017dA vadovo vizito Maskvoje Putinas \u0117m\u0117 dar labiau eskaluoti kar\u0105 Ukrainoje<\/a>&nbsp;&nbsp;delfi.lt<\/li>\n<li><a href=\"https:\/\/news.google.com\/rss\/articles\/CBMi2AFBVV95cUxNRHFublc4NnFsSm85THZiWHBseWxZczlfX1NqbUlXbHBGUWp2WDFXSURIWENsQXNpeTFlOTFGS1dORFVwY0dYaXNldUhYbXBmN2V5ZTFSWFVTZ1Vjaks1Q28xV1cxVnVUeUxGUHloQndvZ2xJSEREMjhsOVpxcDFybTJ3UnA4ZmdfX01neVJVcnZQaVI3UTZqUkMtS0NtZnpXS2gzN05ZYi0wMFFacWVTRUhuUXFoTE5JYWpWTHVvMGt3SGlma3lmZTVONE9LMnBldTZ2OXV1UDk?oc=5\" target=\"_blank\" rel=\"nofollow noopener\">Kiek skausmo gali i\u0161tverti Rusija: \u201eKol jie neprad\u0117s vieni kit\u0173 valgyti gyv\u0173, nesupras\u201c<\/a>&nbsp;&nbsp;15min.lt<\/li>\n<li><a href=\"https:\/\/news.google.com\/rss\/articles\/CBMiygFBVV95cUxNR3JCMjI3YVotaXIxNUhINHpzekcxVnFFX3RyOXpCUHN4dmxxWXp1Y3hxUEx3bWFXNzA5RHFNNkE3QWM2NmdqNHBhRTJZbTlLUUNXUmFCOGlCSWVUaHRlYkp1SmNrUWdQcW15enp4MFZaaWE5Mi1Qa0J1dm5kZUtkZjZnbjRBNXRmdTU1NGxIZmJZdnk4NEluamtxVFJyYnpnbEFrdHFvZWxFR21rcUJoR1Ftd3E2Rk5ibmQwUHFfNUZPNGZVVFgxZE5R?oc=5\" target=\"_blank\" rel=\"nofollow noopener\">\u201eA\u0161tuonkojis\u201c: jei po Ukrainos sm\u016bgi\u0173 \u012f or\u0105 lekia Kremlius \u2013 koks \u0117jimas lieka Putinui?<\/a>&nbsp;&nbsp;LRT<\/li>\n<li><a href=\"https:\/\/news.google.com\/rss\/articles\/CBMi8gFBVV95cUxPQ2RMemp2T2hjbC1hQ282VmtMcnBWMER0Z01jZHVaZWNiNURoV21jNWRpOHNvaFhEd29mOWlsXzd1TW9XWm50SnVGejZZT1FuUXF3WWpidEFYdWlNYThpX2x1T1ZxZl91b3dqanJUVnZodDhmb3Zfd2xCMXBrSEhOZnQ5bDhfUS02S0lRTGxYYjVCdG5iQjlDSVc3NkwxYlc0MTdvR3IxYXlRXzlKNGFrQWJyZUxiNzJDMElMWnlOMEJ1U3Ffdm9OMmRBX0ZnRVNhNGtLek5PX3FxSmVHNTVSMml6alpraGhSQWpnRVRRQXRBUQ?oc=5\" target=\"_blank\" rel=\"nofollow noopener\">Rusija pasi\u0161ov\u0117 sunaikinti Ukrainos gele\u017einkelius \u2013 tre\u010di\u0105 did\u017eiausi\u0105 tinkl\u0105 Europoje ir \u0161alies ekonomikos stubur\u0105<\/a>&nbsp;&nbsp;Alfa.lt<\/li>\n<\/ol>\n","protected":false},"excerpt":{"rendered":"Maskvai planuojant masinius sm\u016bgius \u2013 nerimas Kyjive: \u201ePirm\u0105 kart\u0105 per penkerius metus bijau\u201c&nbsp;&nbsp;Lrytas WP: Po C\u017dA vadovo vizito&hellip;\n","protected":false},"author":2,"featured_media":269389,"comment_status":"","ping_status":"","sticky":false,"template":"","format":"standard","meta":{"footnotes":"","_share_on_mastodon":"0"},"categories":[15],"tags":[25,30,31,34,35,24,32,33,37,39,36,38,40,23,22,44,28,29,26,27,74,75,76],"class_list":["post-269388","post","type-post","status-publish","format-standard","has-post-thumbnail","category-pasaulis","tag-antrastes","tag-breaking-news","tag-breakingnews","tag-featured-news","tag-featurednews","tag-headlines","tag-latest-news","tag-latestnews","tag-lietuva","tag-lietuviu","tag-lithuania","tag-lithuanian","tag-lt","tag-naujienos","tag-news","tag-pasaulis","tag-populiariausios-naujienos","tag-populiariausiosnaujienos","tag-top-stories","tag-topstories","tag-world","tag-world-news","tag-worldnews"],"share_on_mastodon":{"url":"https:\/\/pubeurope.com\/@lt\/117214434767775602","error":""},"_links":{"self":[{"href":"https:\/\/www.europesays.com\/lt\/wp-json\/wp\/v2\/posts\/269388","targetHints":{"allow":["GET"]}}],"collection":[{"href":"https:\/\/www.europesays.com\/lt\/wp-json\/wp\/v2\/posts"}],"about":[{"href":"https:\/\/www.europesays.com\/lt\/wp-json\/wp\/v2\/types\/post"}],"author":[{"embeddable":true,"href":"https:\/\/www.europesays.com\/lt\/wp-json\/wp\/v2\/users\/2"}],"replies":[{"embeddable":true,"href":"https:\/\/www.europesays.com\/lt\/wp-json\/wp\/v2\/comments?post=269388"}],"version-history":[{"count":0,"href":"https:\/\/www.europesays.com\/lt\/wp-json\/wp\/v2\/posts\/269388\/revisions"}],"wp:featuredmedia":[{"embeddable":true,"href":"https:\/\/www.europesays.com\/lt\/wp-json\/wp\/v2\/media\/269389"}],"wp:attachment":[{"href":"https:\/\/www.europesays.com\/lt\/wp-json\/wp\/v2\/media?parent=269388"}],"wp:term":[{"taxonomy":"category","embeddable":true,"href":"https:\/\/www.europesays.com\/lt\/wp-json\/wp\/v2\/categories?post=269388"},{"taxonomy":"post_tag","embeddable":true,"href":"https:\/\/www.europesays.com\/lt\/wp-json\/wp\/v2\/tags?post=269388"}],"curies":[{"name":"wp","href":"https:\/\/api.w.org\/{rel}","templated":true}]}}