{"id":269396,"date":"2026-09-04T19:42:41","date_gmt":"2026-09-04T19:42:41","guid":{"rendered":"https:\/\/www.europesays.com\/lt\/269396\/"},"modified":"2026-09-04T19:42:41","modified_gmt":"2026-09-04T19:42:41","slug":"po-susisaudymo-kyjive-volodymyras-zelenskis-pazere-kritikos-saugumo-tarnyboms-15min-lt","status":"publish","type":"post","link":"https:\/\/www.europesays.com\/lt\/269396\/","title":{"rendered":"Po susi\u0161audymo Kyjive Volodymyras Zelenskis pa\u017e\u0117r\u0117 kritikos saugumo tarnyboms &#8211; 15min.lt"},"content":{"rendered":"<ol>\n<li><a href=\"https:\/\/news.google.com\/rss\/articles\/CBMi0AFBVV95cUxPNVpPcHBBZ2MwM0VtMkR1eEY4d2xPMHdtTDRWa3ZWcUtBR2ljR05BLUQzZ0dWeHItV1FlWWlzbkQtVXp4cnRmc2xrbGZibWI2MV81aXB5RlU3YmxJRF85bHAtRXpNMzF1WE1NTlRaZU40eUtsaXRyRl9VTlFObV9ndXZMVTVBMUV5a09BQTJJWEpueExvWFc2eXRJMzZJMGlYMzRPWEd5UXlDSkswclZ2RGtfeEpRTEtUUnZwQXNqZUo2OUhJZVNLanZVS2RWLW83?oc=5\" target=\"_blank\" rel=\"nofollow noopener\">Po susi\u0161audymo Kyjive Volodymyras Zelenskis pa\u017e\u0117r\u0117 kritikos saugumo tarnyboms<\/a>&nbsp;&nbsp;15min.lt<\/li>\n<li><a href=\"https:\/\/news.google.com\/rss\/articles\/CBMi0AFBVV95cUxOcmVGdWJpVnVndHhjU0JvazRyOTl4OXhxQlVuNlVRT1hnZTBkNkFYWWJEbWpOcHNTV3Vlc1V5QU9qV1RpMkVFenRCTEtiaVZudkhoZVpnX3hVSWdoX002azFybWlOWG8tSTVVelIxMDd5emtpNTdTWDcxN254THRTUHRta0l6LWJSZVdvUTdyRFF3S0VtelpFUGloNHFmM3hLNjBZcFI1WE50UVdtSGFiWWVOYzdJNDMxLVdwampkQW5JSlJuQ1VMV05wSTd1ZkZT?oc=5\" target=\"_blank\" rel=\"nofollow noopener\">Zelenskis \u012fpyko: Kyjive \u012f konflikt\u0105 \u012fsiv\u0117l\u0117 \u012ftakingiausi\u0173 Ukrainos tarnyb\u0173 pareig\u016bnai<\/a>&nbsp;&nbsp;delfi.lt<\/li>\n<li><a href=\"https:\/\/news.google.com\/rss\/articles\/CBMi1gFBVV95cUxPeDNLOEdLa2RBTVo0MGRENk0zME9YNEFKQnJSTW14blFzd19EYVhvR1VaZ3NGOHFpTHFJWkM2dHRLUjBja2MxVjJPSndGMFRZamZtRHdBaWZQOGNuSWN1RWVZY19xNm15MzFYbzRVOEhDdEl4MVc3YXQyLVBIR0R4d2FqajlRcS1WM1kxTmt5U3RnRW5FajhVbVNMd2N3MHYwcGNkTXhKWFJ1eTMwbnpaVm14dTJNNVRIMHE0ejdtMHV1TlIzRTMtTUc1M2hudVhyVFVWRUdn?oc=5\" target=\"_blank\" rel=\"nofollow noopener\">K\u0105 ir kuo kaltina SBU: paai\u0161k\u0117jo m\u012fslingo susi\u0161audymo tarp agent\u0173 detal\u0117s<\/a>&nbsp;&nbsp;15min.lt<\/li>\n<li><a href=\"https:\/\/news.google.com\/rss\/articles\/CBMi4wFBVV95cUxPYWlhcnUxWFJ5YjY2a1RfdEt0UmpXbHhhcUlfM3NwTkZfR2RfUXRhTE9nd1VranByeWxJdFFMT1lHWVQtdl9SbkVuV3FPUy05cXdYWDhkZDNtQzZnWW1sbnNYRHhNbjVMV3BQdDlyQUVyN0cyeGw4ZlNDWmdPYVp2b1RyN3FCSkRYNm50dHduQTRrZGFTWVM3amJnX1JGVzVvTmp1VkhCWTZZWjlkWlU2bDRIQmptLWVGVmpPSklxQl9HZjUtWUVCTEJxTVg2aUhHMVRkLWx1RWJUV0xkeElRdmtXMA?oc=5\" target=\"_blank\" rel=\"nofollow noopener\">Po \u0161usi\u0161audymo Kyjive \u2013 naujos detal\u0117s: atleisti tarnyb\u0173 pavaduotojai, pareik\u0161ti \u012ftarimai<\/a>&nbsp;&nbsp;Lrytas<\/li>\n<li><a href=\"https:\/\/news.google.com\/rss\/articles\/CBMiywFBVV95cUxQNWplbEF5VC0ycmdGUkVoWlB6TWluX3dOZ0kxZ0hvM0FnUWJaR0xxUUZfQnctOE12NnFtTl9GV3FESl9aMkZUWVZXOXczaHI0anp6dUdFcVVRVUszVFJzNnZnR2phN0wzbTNlLVFiMmtDSkZuZHFNOHZRWlItem9vUU95NGg5SENvUHhEV2lCM0ZOc2wtWXE5Q1ZrVk9CY1Y1d0t4QXZvRTloYnlGMkNQcnVQUDgySFhEMElQX1REVkxWdDRwNEtJLW1lTQ?oc=5\" target=\"_blank\" rel=\"nofollow noopener\">Ukraina: dviej\u0173 spectarnyb\u0173 susi\u0161audymas Kijeve. Kas \u017einoma?<\/a>&nbsp;&nbsp;Respublika<\/li>\n<\/ol>\n","protected":false},"excerpt":{"rendered":"Po susi\u0161audymo Kyjive Volodymyras Zelenskis pa\u017e\u0117r\u0117 kritikos saugumo tarnyboms&nbsp;&nbsp;15min.lt Zelenskis \u012fpyko: Kyjive \u012f konflikt\u0105 \u012fsiv\u0117l\u0117 \u012ftakingiausi\u0173 Ukrainos tarnyb\u0173&hellip;\n","protected":false},"author":2,"featured_media":269397,"comment_status":"","ping_status":"","sticky":false,"template":"","format":"standard","meta":{"footnotes":"","_share_on_mastodon":"0"},"categories":[15],"tags":[25,30,31,34,35,24,32,33,37,39,36,38,40,23,22,44,28,29,26,27,74,75,76],"class_list":["post-269396","post","type-post","status-publish","format-standard","has-post-thumbnail","category-pasaulis","tag-antrastes","tag-breaking-news","tag-breakingnews","tag-featured-news","tag-featurednews","tag-headlines","tag-latest-news","tag-latestnews","tag-lietuva","tag-lietuviu","tag-lithuania","tag-lithuanian","tag-lt","tag-naujienos","tag-news","tag-pasaulis","tag-populiariausios-naujienos","tag-populiariausiosnaujienos","tag-top-stories","tag-topstories","tag-world","tag-world-news","tag-worldnews"],"share_on_mastodon":{"url":"https:\/\/pubeurope.com\/@lt\/117214481432287671","error":""},"_links":{"self":[{"href":"https:\/\/www.europesays.com\/lt\/wp-json\/wp\/v2\/posts\/269396","targetHints":{"allow":["GET"]}}],"collection":[{"href":"https:\/\/www.europesays.com\/lt\/wp-json\/wp\/v2\/posts"}],"about":[{"href":"https:\/\/www.europesays.com\/lt\/wp-json\/wp\/v2\/types\/post"}],"author":[{"embeddable":true,"href":"https:\/\/www.europesays.com\/lt\/wp-json\/wp\/v2\/users\/2"}],"replies":[{"embeddable":true,"href":"https:\/\/www.europesays.com\/lt\/wp-json\/wp\/v2\/comments?post=269396"}],"version-history":[{"count":0,"href":"https:\/\/www.europesays.com\/lt\/wp-json\/wp\/v2\/posts\/269396\/revisions"}],"wp:featuredmedia":[{"embeddable":true,"href":"https:\/\/www.europesays.com\/lt\/wp-json\/wp\/v2\/media\/269397"}],"wp:attachment":[{"href":"https:\/\/www.europesays.com\/lt\/wp-json\/wp\/v2\/media?parent=269396"}],"wp:term":[{"taxonomy":"category","embeddable":true,"href":"https:\/\/www.europesays.com\/lt\/wp-json\/wp\/v2\/categories?post=269396"},{"taxonomy":"post_tag","embeddable":true,"href":"https:\/\/www.europesays.com\/lt\/wp-json\/wp\/v2\/tags?post=269396"}],"curies":[{"name":"wp","href":"https:\/\/api.w.org\/{rel}","templated":true}]}}